{"id":7052,"date":"2023-09-26T19:07:46","date_gmt":"2023-09-26T19:07:46","guid":{"rendered":"https:\/\/defrentealaverdad.com\/?p=7052"},"modified":"2023-09-26T19:07:46","modified_gmt":"2023-09-26T19:07:46","slug":"antonia-hasbun-celebra-su-nominacion-en-premios-glamour-como-portal-informativo-digital","status":"publish","type":"post","link":"https:\/\/defrentealaverdad.com\/index.php\/2023\/09\/26\/antonia-hasbun-celebra-su-nominacion-en-premios-glamour-como-portal-informativo-digital\/","title":{"rendered":"Antonia Hasb\u00fan celebra su nominaci\u00f3n en Premios Glamour como Portal Informativo Digital"},"content":{"rendered":"<blockquote>\n<p style=\"text-align: justify;\">\nLa empresaria y comunicadora Antonia Hasb\u00fan celebra nominaci\u00f3n de su espacio Kabina34 Radio como \u201cPortal Informativo Digital\u201d, por su destacado trabajo durante este 2023.<\/p>\n<\/blockquote>\n<p style=\"text-align: justify;\">Santo Domingo.- La destacada comunicadora Antonia Hasb\u00fan, mejor conocida como Millyhas celebra con mucha alegr\u00eda y gratitud la nominaci\u00f3n de su espacio informativo www.Kabina34Radio.com, a los Premios Glamour Music Awards 2023.<\/p>\n<p style=\"text-align: justify;\"><img decoding=\"async\" class=\"size-medium wp-image-7053 alignright lazyload\" data-src=\"https:\/\/defrentealaverdad.com\/wp-content\/uploads\/2023\/09\/WhatsApp-Image-2023-09-25-at-09.09.23-300x240.jpeg\" alt=\"\" width=\"300\" height=\"240\" data-srcset=\"https:\/\/defrentealaverdad.com\/wp-content\/uploads\/2023\/09\/WhatsApp-Image-2023-09-25-at-09.09.23-300x240.jpeg 300w, https:\/\/defrentealaverdad.com\/wp-content\/uploads\/2023\/09\/WhatsApp-Image-2023-09-25-at-09.09.23-768x614.jpeg 768w, https:\/\/defrentealaverdad.com\/wp-content\/uploads\/2023\/09\/WhatsApp-Image-2023-09-25-at-09.09.23.jpeg 1024w\" data-sizes=\"(max-width: 300px) 100vw, 300px\" src=\"data:image\/svg+xml;base64,PHN2ZyB3aWR0aD0iMSIgaGVpZ2h0PSIxIiB4bWxucz0iaHR0cDovL3d3dy53My5vcmcvMjAwMC9zdmciPjwvc3ZnPg==\" style=\"--smush-placeholder-width: 300px; --smush-placeholder-aspect-ratio: 300\/240;\" \/><\/p>\n<p style=\"text-align: justify;\"><img decoding=\"async\" class=\"size-medium wp-image-7054 alignleft lazyload\" data-src=\"https:\/\/defrentealaverdad.com\/wp-content\/uploads\/2023\/09\/WhatsApp-Image-2023-09-25-at-09.09.23-1-300x192.jpeg\" alt=\"\" width=\"300\" height=\"192\" data-srcset=\"https:\/\/defrentealaverdad.com\/wp-content\/uploads\/2023\/09\/WhatsApp-Image-2023-09-25-at-09.09.23-1-300x192.jpeg 300w, https:\/\/defrentealaverdad.com\/wp-content\/uploads\/2023\/09\/WhatsApp-Image-2023-09-25-at-09.09.23-1-768x491.jpeg 768w, https:\/\/defrentealaverdad.com\/wp-content\/uploads\/2023\/09\/WhatsApp-Image-2023-09-25-at-09.09.23-1.jpeg 900w\" data-sizes=\"(max-width: 300px) 100vw, 300px\" src=\"data:image\/svg+xml;base64,PHN2ZyB3aWR0aD0iMSIgaGVpZ2h0PSIxIiB4bWxucz0iaHR0cDovL3d3dy53My5vcmcvMjAwMC9zdmciPjwvc3ZnPg==\" style=\"--smush-placeholder-width: 300px; --smush-placeholder-aspect-ratio: 300\/192;\" \/>Hasb\u00fan, una comunicadora din\u00e1mica y expont\u00e1nea, con basta experiencia en los medios de comunicaci\u00f3n, ha sido postulada en la categor\u00eda \u201cPortal Informativo Digital\u201d, por su excelente trabajo durante este 2023 en su espacio informativo Kabina34 Radio.<\/p>\n<p style=\"text-align: justify;\">\u201cMe siento muy agradecida de ser considerada para esta nominaci\u00f3n a tan importante premio. Es un reconocimiento al trabajo que hemos venido desarrollando durante el 2023, el cual esperamos solo sea el inicio de todo lo bueno que deseamos desarrollar este pr\u00f3ximo 2024.<\/p>\n<p style=\"text-align: justify;\">De igual modo, Hasb\u00fan coment\u00f3 que todos aquellos que desean seguir apoyando su trabajo pueden hacerlo a tr\u00e1ves de la votaci\u00f3n electr\u00f3nica que los organizadores de los premios han dispuesto: https:\/\/glamourmusicawards.com\/votaciones\/, seleccionando a \u201cKabina34 Radio\u201d en la categor\u00eda de Portal Digital del A\u00f1o. Los Ganadores de Premio Glamour ser\u00e1n anunciados en nuestra gala de premiaci\u00f3n que se llevar\u00e1 a cabo, el d\u00eda 19 de octubre, a las 07:00 PM. en el Teatro la Fiesta del Hotel Jaragua.<\/p>\n<p style=\"text-align: justify;\"><strong>Sobre Antonia Hasb\u00fan<\/strong><br \/>\nPublicista, productora, empresaria&#8230; Antonia Hasb\u00fan es una mujer extraordinaria en cada faceta que desarrolla. Desde hace unos 8 a\u00f1os produce el espacio \u201cKabina34 Radio\u201d, adem\u00e1s de estar al frente de otros importantes proyectos empresariales en Rep. Dominicana. RR.SS. @Millyhas<\/p>\n<p style=\"text-align: justify;\"><strong>Sobre Kabina34 Radio<\/strong><br \/>\nEspacio creado por Tony Hasb\u00fan, a principios del 2016 con la finalidad de dar oportunidades a los j\u00f3venes que quieran incursionar en el mundo de la Radio digital. Tony Hasb\u00fan, concibi\u00f3 la idea como un aporte a la cultura hiphop y otros genero y as\u00ed de este modo promover valores sociales desde esferas distintas a las utilizadas hasta ese momento. RR.SS. @kabina34radio<\/p>\n<p style=\"text-align: justify;\">\n<p style=\"text-align: justify;\">Fuente: Equipo de Prensa Kabina34 Radio<\/p>\n","protected":false},"excerpt":{"rendered":"<p>La empresaria y comunicadora Antonia Hasb\u00fan celebra nominaci\u00f3n de su espacio Kabina34 Radio como \u201cPortal<\/p>\n","protected":false},"author":2,"featured_media":0,"comment_status":"open","ping_status":"open","sticky":false,"template":"","format":"standard","meta":{"footnotes":""},"categories":[6,7],"tags":[],"class_list":["post-7052","post","type-post","status-publish","format-standard","hentry","category-espectaculos","category-nacionales"],"_links":{"self":[{"href":"https:\/\/defrentealaverdad.com\/index.php\/wp-json\/wp\/v2\/posts\/7052","targetHints":{"allow":["GET"]}}],"collection":[{"href":"https:\/\/defrentealaverdad.com\/index.php\/wp-json\/wp\/v2\/posts"}],"about":[{"href":"https:\/\/defrentealaverdad.com\/index.php\/wp-json\/wp\/v2\/types\/post"}],"author":[{"embeddable":true,"href":"https:\/\/defrentealaverdad.com\/index.php\/wp-json\/wp\/v2\/users\/2"}],"replies":[{"embeddable":true,"href":"https:\/\/defrentealaverdad.com\/index.php\/wp-json\/wp\/v2\/comments?post=7052"}],"version-history":[{"count":1,"href":"https:\/\/defrentealaverdad.com\/index.php\/wp-json\/wp\/v2\/posts\/7052\/revisions"}],"predecessor-version":[{"id":7055,"href":"https:\/\/defrentealaverdad.com\/index.php\/wp-json\/wp\/v2\/posts\/7052\/revisions\/7055"}],"wp:attachment":[{"href":"https:\/\/defrentealaverdad.com\/index.php\/wp-json\/wp\/v2\/media?parent=7052"}],"wp:term":[{"taxonomy":"category","embeddable":true,"href":"https:\/\/defrentealaverdad.com\/index.php\/wp-json\/wp\/v2\/categories?post=7052"},{"taxonomy":"post_tag","embeddable":true,"href":"https:\/\/defrentealaverdad.com\/index.php\/wp-json\/wp\/v2\/tags?post=7052"}],"curies":[{"name":"wp","href":"https:\/\/api.w.org\/{rel}","templated":true}]}}