{"id":7046,"date":"2023-09-26T19:02:04","date_gmt":"2023-09-26T19:02:04","guid":{"rendered":"https:\/\/defrentealaverdad.com\/?p=7046"},"modified":"2023-09-26T19:02:04","modified_gmt":"2023-09-26T19:02:04","slug":"parlacen-aprueba-iniciativa-de-respaldo-a-rd-ante-crisis-con-haiti-por-construccion-de-canal","status":"publish","type":"post","link":"https:\/\/defrentealaverdad.com\/index.php\/2023\/09\/26\/parlacen-aprueba-iniciativa-de-respaldo-a-rd-ante-crisis-con-haiti-por-construccion-de-canal\/","title":{"rendered":"PARLACEN aprueba iniciativa de respaldo a RD ante crisis con Hait\u00ed por construcci\u00f3n de canal"},"content":{"rendered":"<p style=\"text-align: justify;\">SAN SALVADOR.-\u00a0 El Parlamento Centroamericano \u00a0(PARLACEN) aprob\u00f3 este martes una resoluci\u00f3n en la que expresa su respaldo a la Rep\u00fablica Dominicana en su propuesta de b\u00fasqueda de soluciones a la crisis con Hait\u00ed por la construcci\u00f3n del canal en el r\u00edo Masacre del lado del vecino pa\u00eds.<\/p>\n<p style=\"text-align: justify;\"><img decoding=\"async\" class=\"alignright lazyload\" data-src=\"https:\/\/n.com.do\/wp-content\/uploads\/2023\/09\/WhatsApp-Image-2023-09-26-at-2.02.24-PM.jpeg\" alt=\"PARLACEN aprueba iniciativa de respaldo a RD ante crisis con Hait\u00ed por  construcci\u00f3n de canal - N Digital\" width=\"598\" height=\"419\" src=\"data:image\/svg+xml;base64,PHN2ZyB3aWR0aD0iMSIgaGVpZ2h0PSIxIiB4bWxucz0iaHR0cDovL3d3dy53My5vcmcvMjAwMC9zdmciPjwvc3ZnPg==\" style=\"--smush-placeholder-width: 598px; --smush-placeholder-aspect-ratio: 598\/419;\" \/><\/p>\n<p style=\"text-align: justify;\">La iniciativa, aprobada en la segunda sesi\u00f3n ordinaria realizada en San Salvador, fue presentada por la diputada dominicana Martha P\u00e9rez Campusano, dirigente del Movimiento Izquierda Unida (MIU) e integrante del bloque del Partido de la Liberaci\u00f3n Dominicana (PLD) y aliados en la Bancada Parlamentaria Dominicana.<\/p>\n<p style=\"text-align: justify;\">En la resoluci\u00f3n, igualmente se insta a los Estados miembros del Sistema de la Integraci\u00f3n Centroamericana (SICA) a respaldar a la Rep\u00fablica Dominicana \u201cen su propuesta de b\u00fasqueda de soluciones a la crisis con Hait\u00ed a trav\u00e9s del di\u00e1logo y la concertaci\u00f3n para la paz\u201d<\/p>\n<p style=\"text-align: justify;\"><strong>Reuni\u00f3n del PARLACEN en San Salvador.<\/strong><\/p>\n<p style=\"text-align: justify;\">De acuerdo a un comunicado de prensa, el PARLACEN como el \u00f3rgano regional y permanente de representaci\u00f3n pol\u00edtica y democr\u00e1tica del Sistema de la Integraci\u00f3n Centroamericana \u201ctiene como objetivo fundamental realizar la Integraci\u00f3n de Centroam\u00e9rica, como regi\u00f3n de Paz, Libertad, Democracia y Desarrollo\u201d.<\/p>\n<blockquote><p>\u201cEn este orden, al aprobar la referida Iniciativa cumple cabalmente a propiciar la paz entre dos pueblos que comparten una misma isla\u201d, expresa la nota del PARLACEN.<\/p><\/blockquote>\n<p style=\"text-align: justify;\">\n<p style=\"text-align: justify;\">Fuente: Ultimas Noticias<\/p>\n","protected":false},"excerpt":{"rendered":"<p>SAN SALVADOR.-\u00a0 El Parlamento Centroamericano \u00a0(PARLACEN) aprob\u00f3 este martes una resoluci\u00f3n en la que expresa<\/p>\n","protected":false},"author":4,"featured_media":0,"comment_status":"open","ping_status":"open","sticky":false,"template":"","format":"standard","meta":{"footnotes":""},"categories":[16],"tags":[],"class_list":["post-7046","post","type-post","status-publish","format-standard","hentry","category-internacionales"],"_links":{"self":[{"href":"https:\/\/defrentealaverdad.com\/index.php\/wp-json\/wp\/v2\/posts\/7046","targetHints":{"allow":["GET"]}}],"collection":[{"href":"https:\/\/defrentealaverdad.com\/index.php\/wp-json\/wp\/v2\/posts"}],"about":[{"href":"https:\/\/defrentealaverdad.com\/index.php\/wp-json\/wp\/v2\/types\/post"}],"author":[{"embeddable":true,"href":"https:\/\/defrentealaverdad.com\/index.php\/wp-json\/wp\/v2\/users\/4"}],"replies":[{"embeddable":true,"href":"https:\/\/defrentealaverdad.com\/index.php\/wp-json\/wp\/v2\/comments?post=7046"}],"version-history":[{"count":1,"href":"https:\/\/defrentealaverdad.com\/index.php\/wp-json\/wp\/v2\/posts\/7046\/revisions"}],"predecessor-version":[{"id":7047,"href":"https:\/\/defrentealaverdad.com\/index.php\/wp-json\/wp\/v2\/posts\/7046\/revisions\/7047"}],"wp:attachment":[{"href":"https:\/\/defrentealaverdad.com\/index.php\/wp-json\/wp\/v2\/media?parent=7046"}],"wp:term":[{"taxonomy":"category","embeddable":true,"href":"https:\/\/defrentealaverdad.com\/index.php\/wp-json\/wp\/v2\/categories?post=7046"},{"taxonomy":"post_tag","embeddable":true,"href":"https:\/\/defrentealaverdad.com\/index.php\/wp-json\/wp\/v2\/tags?post=7046"}],"curies":[{"name":"wp","href":"https:\/\/api.w.org\/{rel}","templated":true}]}}