{"id":7023,"date":"2023-09-26T18:43:57","date_gmt":"2023-09-26T18:43:57","guid":{"rendered":"https:\/\/defrentealaverdad.com\/?p=7023"},"modified":"2023-09-26T18:43:57","modified_gmt":"2023-09-26T18:43:57","slug":"acroarte-inicia-evaluaciones-para-la-39a-entrega-de-premios-soberano-2024","status":"publish","type":"post","link":"https:\/\/defrentealaverdad.com\/index.php\/2023\/09\/26\/acroarte-inicia-evaluaciones-para-la-39a-entrega-de-premios-soberano-2024\/","title":{"rendered":"Acroarte inicia evaluaciones para la 39\u00aa entrega de Premios Soberano 2024"},"content":{"rendered":"<p style=\"text-align: justify;\">\n<blockquote>\n<p style=\"font-weight: 400;\"><strong><em>Reunir\u00e1 a los jurados para las primeras reuniones evaluativas del a\u00f1o 2023.<\/em><\/strong><\/p>\n<\/blockquote>\n<p style=\"font-weight: 400; text-align: justify;\"><strong><em>\u00a0<\/em><\/strong><\/p>\n<p style=\"font-weight: 400; text-align: justify;\">Santo Domingo, R.D.\u2013<strong>\u00a0<\/strong>Luego de anunciar la fecha de celebraci\u00f3n de la 39\u00aa edici\u00f3n de los Premios Soberanos en el 2024, la Asociaci\u00f3n de Cronistas de Arte (Acroarte) anuncia la celebraci\u00f3n de las primeras reuniones evaluativas correspondientes a la labor del primer semestre del a\u00f1o, en cada uno de los jurados que reconocen los galardones creados en el 1985.<\/p>\n<p style=\"font-weight: 400; text-align: justify;\"><img decoding=\"async\" class=\"alignright lazyload\" data-src=\"https:\/\/blogger.googleusercontent.com\/img\/b\/R29vZ2xl\/AVvXsEgUEKv6Dw466EgjN9spIKgd5FSpfLQ2uPcN8qeEKx3AlK_-SYRpmJ48ddKVwuCjhZVFWcQuTKzUvrPhF-y-NP2unzAjupHFm8TrVNtZ3eP9wkP4QFg_KqE2Msrn0-hhafz0NVkm2kCnK9CCf4siDDFQWcGj_XsMJwOfWnTZ5f0bcxgb0dQIacbkUV2hYBMZ\/s320\/WhatsApp%20Image%202023-09-26%20at%204.35.56%20PM.jpeg=w234-h352-p-k-no-nu\" src=\"data:image\/svg+xml;base64,PHN2ZyB3aWR0aD0iMSIgaGVpZ2h0PSIxIiB4bWxucz0iaHR0cDovL3d3dy53My5vcmcvMjAwMC9zdmciPjwvc3ZnPg==\" \/><\/p>\n<p style=\"font-weight: 400; text-align: justify;\">Wanda S\u00e1nchez, presidente de Acroarte, inform\u00f3 que el jurado de los renglones Cine y Cl\u00e1sico se reunir\u00e1 el pr\u00f3ximo viernes 29, a partir de las 6:00 de la tarde, con el objetivo de repasar lo m\u00e1s destacado de este a\u00f1o hasta la fecha en cada una de estas \u00e1reas.<\/p>\n<p style=\"font-weight: 400; text-align: justify;\">Mientras, la jornada evaluativa continuar\u00e1 al d\u00eda siguiente, cuando el s\u00e1bado a partir de las 11:00 de la ma\u00f1ana los integrantes del jurado de Comunicaci\u00f3n est\u00e1n convocados a los debates con relaci\u00f3n al trabajo de este rengl\u00f3n. Por igual, ese d\u00eda estar\u00e1n haciendo lo propio los jurados del rengl\u00f3n popular que tendr\u00e1 a su cargo la evaluaci\u00f3n concerniente a la m\u00fasica.<\/p>\n<p style=\"font-weight: 400; text-align: justify;\">\u00abCon entusiasmo nos preparamos para evaluar la producci\u00f3n art\u00edstica en todos los campos que reconocemos en Premios Soberano\u00bb, coment\u00f3 S\u00e1nchez. \u00abEsta es sin duda una fase clave de los trabajos de preparaci\u00f3n de los galardones, debatir, analizar y socializar sobre todo el acontecer en el arte y el espect\u00e1culo en la m\u00fasica, el cine, la televisi\u00f3n, la radio y el teatro\u00bb.<\/p>\n<p style=\"font-weight: 400; text-align: justify;\">La 39\u00aa entrega de los Premios Soberano, evento ic\u00f3nico del arte y la cultura en la Rep\u00fablica Dominicana, a su vez el espect\u00e1culo televisado de mayor\u00a0<em>rating<\/em>\u00a0del pa\u00eds, se llevar\u00e1 a cabo el martes 12 de marzo de 2024 a partir de las 7:00 de la noche, en la majestuosa sala Carlos Piantini del Teatro Nacional, con el copatrocinio de Cervecer\u00eda Nacional Dominicana (CND).<\/p>\n<p style=\"font-weight: 400; text-align: justify;\">\u00abTodo el equipo est\u00e1 inmerso en los trabajos de organizaci\u00f3n para lo que ser\u00e1 la edici\u00f3n n\u00famero 39 de los galardones art\u00edsticos m\u00e1s importantes que se otorgan en Rep\u00fablica Dominicana\u00bb, manifest\u00f3 Wanda S\u00e1nchez. \u00abY todo eso suceder\u00e1 en el marco de la celebraci\u00f3n del 40 aniversario de Acroarte, sin duda, una instituci\u00f3n que lo ha dado todo por el arte y la cultura, por proyectar, reconocer y promocionar el talento dominicano en todas sus manifestaciones\u00bb<\/p>\n<p style=\"font-weight: 400; text-align: justify;\">Acroarte inicia este a\u00f1o una asociaci\u00f3n oficial con CSJR Producciones, empresa con una tradici\u00f3n de muchos a\u00f1os de \u00e9xitos en el rengl\u00f3n art\u00edstico a todos los niveles, para ejecutar la producci\u00f3n general de los Premios Soberano, junto a un experimentado equipo de profesionales.<\/p>\n<p style=\"font-weight: 400; text-align: justify;\">El Comit\u00e9 Ejecutivo de Acroarte, adem\u00e1s de S\u00e1nchez, est\u00e1 integrado por Ney Zapata, Marivell Contreras, Jos\u00e9 D\u2019Laura, Eugenio P\u00e9rez, Roberto Ger\u00f3nimo, Enrique Medina, Belkys Castillo y Santiago \u2013Pito\u2013 Acevedo.<\/p>\n<p style=\"font-weight: 400; text-align: justify;\">\n<p style=\"font-weight: 400; text-align: justify;\"><strong>Fuente:\u00a0 Acroarte |Premio Soberano<\/strong><\/p>\n","protected":false},"excerpt":{"rendered":"<p>Reunir\u00e1 a los jurados para las primeras reuniones evaluativas del a\u00f1o 2023. \u00a0 Santo Domingo,<\/p>\n","protected":false},"author":4,"featured_media":0,"comment_status":"open","ping_status":"open","sticky":false,"template":"","format":"standard","meta":{"footnotes":""},"categories":[6,7],"tags":[],"class_list":["post-7023","post","type-post","status-publish","format-standard","hentry","category-espectaculos","category-nacionales"],"_links":{"self":[{"href":"https:\/\/defrentealaverdad.com\/index.php\/wp-json\/wp\/v2\/posts\/7023","targetHints":{"allow":["GET"]}}],"collection":[{"href":"https:\/\/defrentealaverdad.com\/index.php\/wp-json\/wp\/v2\/posts"}],"about":[{"href":"https:\/\/defrentealaverdad.com\/index.php\/wp-json\/wp\/v2\/types\/post"}],"author":[{"embeddable":true,"href":"https:\/\/defrentealaverdad.com\/index.php\/wp-json\/wp\/v2\/users\/4"}],"replies":[{"embeddable":true,"href":"https:\/\/defrentealaverdad.com\/index.php\/wp-json\/wp\/v2\/comments?post=7023"}],"version-history":[{"count":1,"href":"https:\/\/defrentealaverdad.com\/index.php\/wp-json\/wp\/v2\/posts\/7023\/revisions"}],"predecessor-version":[{"id":7024,"href":"https:\/\/defrentealaverdad.com\/index.php\/wp-json\/wp\/v2\/posts\/7023\/revisions\/7024"}],"wp:attachment":[{"href":"https:\/\/defrentealaverdad.com\/index.php\/wp-json\/wp\/v2\/media?parent=7023"}],"wp:term":[{"taxonomy":"category","embeddable":true,"href":"https:\/\/defrentealaverdad.com\/index.php\/wp-json\/wp\/v2\/categories?post=7023"},{"taxonomy":"post_tag","embeddable":true,"href":"https:\/\/defrentealaverdad.com\/index.php\/wp-json\/wp\/v2\/tags?post=7023"}],"curies":[{"name":"wp","href":"https:\/\/api.w.org\/{rel}","templated":true}]}}