{"id":6947,"date":"2023-09-22T19:56:29","date_gmt":"2023-09-22T19:56:29","guid":{"rendered":"https:\/\/defrentealaverdad.com\/?p=6947"},"modified":"2023-09-22T19:56:29","modified_gmt":"2023-09-22T19:56:29","slug":"republica-dominicana-habria-sido-condenada-en-washington-por-supuesta-violacion-al-dr-cafta","status":"publish","type":"post","link":"https:\/\/defrentealaverdad.com\/index.php\/2023\/09\/22\/republica-dominicana-habria-sido-condenada-en-washington-por-supuesta-violacion-al-dr-cafta\/","title":{"rendered":"Rep\u00fablica Dominicana habr\u00eda sido condenada en Washington por supuesta violaci\u00f3n al DR-Cafta"},"content":{"rendered":"<p><img decoding=\"async\" class=\"size-medium wp-image-6948 alignleft lazyload\" data-src=\"https:\/\/defrentealaverdad.com\/wp-content\/uploads\/2023\/09\/drc.jpg\" alt=\"\" width=\"300\" height=\"300\" data-srcset=\"https:\/\/defrentealaverdad.com\/wp-content\/uploads\/2023\/09\/drc.jpg 300w, https:\/\/defrentealaverdad.com\/wp-content\/uploads\/2023\/09\/drc-150x150.jpg 150w\" data-sizes=\"(max-width: 300px) 100vw, 300px\" src=\"data:image\/svg+xml;base64,PHN2ZyB3aWR0aD0iMSIgaGVpZ2h0PSIxIiB4bWxucz0iaHR0cDovL3d3dy53My5vcmcvMjAwMC9zdmciPjwvc3ZnPg==\" style=\"--smush-placeholder-width: 300px; --smush-placeholder-aspect-ratio: 300\/300;\" \/><\/p>\n<p style=\"font-weight: 400; text-align: justify;\"><strong>Santo Domingo.-\u00a0<\/strong>Rep\u00fablica Dominicana habr\u00eda sido condenada en Washington por supuesta violaci\u00f3n al DR-Cafta, seg\u00fan informaciones llegadas a Notiactualidad Global la noche de este jueves.<\/p>\n<p style=\"font-weight: 400; text-align: justify;\">Un empresario e industrial de Rep\u00fablica Dominicana, con negocios en Estados Unidos, M\u00e9xico y Canad\u00e1, se comunic\u00f3 con el autor de esta nota e inform\u00f3 que tiene la informaci\u00f3n de que esa condena se habr\u00eda producido martes o mi\u00e9rcoles<\/p>\n<p style=\"font-weight: 400; text-align: justify;\">Nuestro informante, economista e ingeniero agr\u00f3nomo de profesi\u00f3n, cree que, ciertamente, Rep\u00fablica Dominicana ha violado varios aspectos del DR-Cafta, lo que nos dijo sin mayores detalles.<\/p>\n<p style=\"font-weight: 400; text-align: justify;\">Cabe recordar que quien firm\u00f3 el DER-Cafta en nombre de Rep\u00fablica Dominicana fue la entonces secretaria de Estado de Industria y Comercio, Sonia Guzm\u00e1n viuda Hern\u00e1ndez, hoy embajadora dominicana en Washington, por lo tanto ser\u00eda la se\u00f1ora Sonia Guzm\u00e1n viuda Hern\u00e1ndez, la persona en mejores condiciones para confirmar, aclarar o desmentir, la informaci\u00f3n que hemos recibido.<\/p>\n<p style=\"font-weight: 400; text-align: justify;\"><strong>Antecedentes.-<\/strong>\u00a0El d\u00eda 24 de setiembre de 2001,\u00a0en el marco de la IX Reuni\u00f3n del Comit\u00e9 de Negociaciones Comerciales del ALCA, se realiz\u00f3 una reuni\u00f3n entre cinco pa\u00edses de Centroam\u00e9rica (Costa Rica, El Salvador, Guatemala, Honduras y Nicaragua) y Estados Unidos con el objeto de discutir posibles medios para profundizar las relaciones bilaterales de comercio e inversi\u00f3n.<\/p>\n<p style=\"font-weight: 400; text-align: justify;\">A tales efectos, el 27 de noviembre se iniciaron discusiones de car\u00e1cter t\u00e9cnico dentro del marco de la fase exploratoria designada como \u00abDi\u00e1logo de Pol\u00edtica Comercial CA-USA\u201d.<\/p>\n<p style=\"font-weight: 400; text-align: justify;\">El 16 de enero de 2002, el entonces presidente de los Estados Unidos plante\u00f3 ante el Congreso, su intenci\u00f3n de negociar un tratado de libre comercio (TLC) con los pa\u00edses centroamericanos.<\/p>\n<p style=\"font-weight: 400; text-align: justify;\">El Congreso de Estados Unidos fue notificado formalmente de la intenci\u00f3n de comenzar las negociaciones el 1o\u00a0de octubre de 2002. Los gobiernos centroamericanos, por su parte, profundizaron su coordinaci\u00f3n para hacer frente a las negociaciones y acordaron un marco estrat\u00e9gico com\u00fan.<\/p>\n<p style=\"font-weight: 400; text-align: justify;\">Se llevaron a cabo siete talleres t\u00e9cnicos durante la fase preparatoria del proceso de las negociaciones.<\/p>\n<p style=\"font-weight: 400; text-align: justify;\"><strong>Negociaciones para el acuerdo.-<\/strong>\u00a0El lanzamiento oficial de las negociaciones del tratado de libre comercio entre Centroam\u00e9rica\u00a0 y los Estados Unidos (CAFTA, por sus siglas en ingl\u00e9s) se llev\u00f3 a cabo el 8 de enero de 2003, en la ciudad de Washington, D.C.<br \/>\nEn esa oportunidad, los ministros de comercio de Centroam\u00e9rica y el Representante Comercial de los Estados Unidos definieron el marco general de las negociaciones y un cronograma de nueve reuniones a realizarse durante 2003. Adicionalmente, acordaron formar cinco grupos de negociaci\u00f3n en los siguientes temas: acceso a mercados,\u00a0servicios e inversiones, compras del sector p\u00fablico y propiedad intelectual, asuntos laborales y ambientales, y temas institucionales y de soluci\u00f3n de controversias.<\/p>\n<p style=\"text-align: justify;\">\n<p>Fuente: Noti Actualidad<\/p>\n","protected":false},"excerpt":{"rendered":"<p>Santo Domingo.-\u00a0Rep\u00fablica Dominicana habr\u00eda sido condenada en Washington por supuesta violaci\u00f3n al DR-Cafta, seg\u00fan informaciones<\/p>\n","protected":false},"author":4,"featured_media":0,"comment_status":"open","ping_status":"open","sticky":false,"template":"","format":"standard","meta":{"footnotes":""},"categories":[2,16],"tags":[],"class_list":["post-6947","post","type-post","status-publish","format-standard","hentry","category-economicas","category-internacionales"],"_links":{"self":[{"href":"https:\/\/defrentealaverdad.com\/index.php\/wp-json\/wp\/v2\/posts\/6947","targetHints":{"allow":["GET"]}}],"collection":[{"href":"https:\/\/defrentealaverdad.com\/index.php\/wp-json\/wp\/v2\/posts"}],"about":[{"href":"https:\/\/defrentealaverdad.com\/index.php\/wp-json\/wp\/v2\/types\/post"}],"author":[{"embeddable":true,"href":"https:\/\/defrentealaverdad.com\/index.php\/wp-json\/wp\/v2\/users\/4"}],"replies":[{"embeddable":true,"href":"https:\/\/defrentealaverdad.com\/index.php\/wp-json\/wp\/v2\/comments?post=6947"}],"version-history":[{"count":1,"href":"https:\/\/defrentealaverdad.com\/index.php\/wp-json\/wp\/v2\/posts\/6947\/revisions"}],"predecessor-version":[{"id":6949,"href":"https:\/\/defrentealaverdad.com\/index.php\/wp-json\/wp\/v2\/posts\/6947\/revisions\/6949"}],"wp:attachment":[{"href":"https:\/\/defrentealaverdad.com\/index.php\/wp-json\/wp\/v2\/media?parent=6947"}],"wp:term":[{"taxonomy":"category","embeddable":true,"href":"https:\/\/defrentealaverdad.com\/index.php\/wp-json\/wp\/v2\/categories?post=6947"},{"taxonomy":"post_tag","embeddable":true,"href":"https:\/\/defrentealaverdad.com\/index.php\/wp-json\/wp\/v2\/tags?post=6947"}],"curies":[{"name":"wp","href":"https:\/\/api.w.org\/{rel}","templated":true}]}}