{"id":6944,"date":"2023-09-22T19:53:25","date_gmt":"2023-09-22T19:53:25","guid":{"rendered":"https:\/\/defrentealaverdad.com\/?p=6944"},"modified":"2023-09-22T19:53:25","modified_gmt":"2023-09-22T19:53:25","slug":"vicepresidente-chino-pide-a-china-y-ee-uu-fortalecer-comunicacion-y-gestionar-adecuadamente-las-diferencias","status":"publish","type":"post","link":"https:\/\/defrentealaverdad.com\/index.php\/2023\/09\/22\/vicepresidente-chino-pide-a-china-y-ee-uu-fortalecer-comunicacion-y-gestionar-adecuadamente-las-diferencias\/","title":{"rendered":"Vicepresidente chino pide a China y EE. UU. fortalecer comunicaci\u00f3n y gestionar adecuadamente las diferencias"},"content":{"rendered":"<p style=\"text-align: justify;\">NACIONES UNIDAS \u2014 China y Estados Unidos deben fortalecer la comunicaci\u00f3n y gestionar adecuadamente las diferencias, de acuerdo con los tres principios de respeto mutuo, coexistencia pac\u00edfica y cooperaci\u00f3n de beneficio mutuo propuestos por el presidente chino, Xi Jinping, dijo el vicepresidente chino Han Zheng, el mi\u00e9rcoles.<\/p>\n<p><img decoding=\"async\" class=\"alignright lazyload\" data-src=\"https:\/\/diariodominicano.com\/wp-content\/uploads\/2023\/09\/4a39d6bd4e6740a09499ac0f5473a79c-816x603.png\" src=\"data:image\/svg+xml;base64,PHN2ZyB3aWR0aD0iMSIgaGVpZ2h0PSIxIiB4bWxucz0iaHR0cDovL3d3dy53My5vcmcvMjAwMC9zdmciPjwvc3ZnPg==\" style=\"--smush-placeholder-width: 816px; --smush-placeholder-aspect-ratio: 816\/603;\" \/><\/p>\n<p style=\"text-align: justify;\">Han hizo estas declaraciones durante una reuni\u00f3n con jefes de organizaciones y grupos de expertos amistosos de Estados Unidos, as\u00ed como con personas de todos los \u00e1mbitos de la vida, al margen del 78\u00ba per\u00edodo de sesiones de la Asamblea General de la ONU en Nueva York.<\/p>\n<p style=\"text-align: justify;\">China y EE. UU. deben implementar el importante consenso alcanzado por los dos jefes de Estado en Bali, Indonesia, dijo Han, pidiendo a los estadounidenses presentes que desempe\u00f1en un papel activo en la promoci\u00f3n de la cooperaci\u00f3n China-EE. UU. en campos como la econom\u00eda, el comercio y los intercambios entre pueblos, a fin de impulsar el desarrollo sano y estable de las relaciones entre China y Estados Unidos.<\/p>\n<p style=\"text-align: justify;\">En la actualidad, la econom\u00eda china se est\u00e1 recuperando y pasando de un crecimiento de alta velocidad a un desarrollo de alta calidad. China presta gran atenci\u00f3n al crecimiento del volumen econ\u00f3mico y a\u00fan m\u00e1s atenci\u00f3n a impulsar la calidad y eficiencia de su crecimiento econ\u00f3mico, dijo Han.<\/p>\n<p style=\"text-align: justify;\">China perseguir\u00e1 inquebrantablemente una apertura de alto nivel, buscar\u00e1 una cooperaci\u00f3n de beneficio mutuo con otros pa\u00edses y proporcionar\u00e1 una fuerza impulsora constante para la recuperaci\u00f3n y el crecimiento econ\u00f3micos mundiales, al tiempo que ofrecer\u00e1 oportunidades de cooperaci\u00f3n mutuamente beneficiosas para inversores de todo el mundo, dijo Han.<\/p>\n<p style=\"text-align: justify;\">Al elogiar la b\u00fasqueda de China de un desarrollo verde, sostenible y bajo en carbono, los participantes estadounidenses manifestaron la esperanza de que ambos pa\u00edses mantengan contactos e intercambios personales a todos los niveles y promuevan el desarrollo constante de las relaciones bilaterales, agregando que est\u00e1n dispuestos a seguir trabajando para lograr este fin.<\/p>\n<p style=\"text-align: justify;\">\n<p style=\"text-align: justify;\">Fuente: Diario Dominicano<\/p>\n","protected":false},"excerpt":{"rendered":"<p>NACIONES UNIDAS \u2014 China y Estados Unidos deben fortalecer la comunicaci\u00f3n y gestionar adecuadamente las<\/p>\n","protected":false},"author":4,"featured_media":0,"comment_status":"open","ping_status":"open","sticky":false,"template":"","format":"standard","meta":{"footnotes":""},"categories":[16],"tags":[],"class_list":["post-6944","post","type-post","status-publish","format-standard","hentry","category-internacionales"],"_links":{"self":[{"href":"https:\/\/defrentealaverdad.com\/index.php\/wp-json\/wp\/v2\/posts\/6944","targetHints":{"allow":["GET"]}}],"collection":[{"href":"https:\/\/defrentealaverdad.com\/index.php\/wp-json\/wp\/v2\/posts"}],"about":[{"href":"https:\/\/defrentealaverdad.com\/index.php\/wp-json\/wp\/v2\/types\/post"}],"author":[{"embeddable":true,"href":"https:\/\/defrentealaverdad.com\/index.php\/wp-json\/wp\/v2\/users\/4"}],"replies":[{"embeddable":true,"href":"https:\/\/defrentealaverdad.com\/index.php\/wp-json\/wp\/v2\/comments?post=6944"}],"version-history":[{"count":1,"href":"https:\/\/defrentealaverdad.com\/index.php\/wp-json\/wp\/v2\/posts\/6944\/revisions"}],"predecessor-version":[{"id":6945,"href":"https:\/\/defrentealaverdad.com\/index.php\/wp-json\/wp\/v2\/posts\/6944\/revisions\/6945"}],"wp:attachment":[{"href":"https:\/\/defrentealaverdad.com\/index.php\/wp-json\/wp\/v2\/media?parent=6944"}],"wp:term":[{"taxonomy":"category","embeddable":true,"href":"https:\/\/defrentealaverdad.com\/index.php\/wp-json\/wp\/v2\/categories?post=6944"},{"taxonomy":"post_tag","embeddable":true,"href":"https:\/\/defrentealaverdad.com\/index.php\/wp-json\/wp\/v2\/tags?post=6944"}],"curies":[{"name":"wp","href":"https:\/\/api.w.org\/{rel}","templated":true}]}}