{"id":6942,"date":"2023-09-22T19:52:04","date_gmt":"2023-09-22T19:52:04","guid":{"rendered":"https:\/\/defrentealaverdad.com\/?p=6942"},"modified":"2023-09-22T19:52:04","modified_gmt":"2023-09-22T19:52:04","slug":"haitianos-intentan-linchar-al-sindicalista-mario-diaz","status":"publish","type":"post","link":"https:\/\/defrentealaverdad.com\/index.php\/2023\/09\/22\/haitianos-intentan-linchar-al-sindicalista-mario-diaz\/","title":{"rendered":"Haitianos intentan linchar al sindicalista Mario D\u00edaz"},"content":{"rendered":"<p style=\"text-align: justify;\"><a href=\"https:\/\/www.ultimasnoticias.com.do\/wp-content\/uploads\/2023\/09\/IMG_8236-1.jpeg\"><img decoding=\"async\" class=\"wp-image-177221 alignleft lazyload\" data-src=\"https:\/\/www.ultimasnoticias.com.do\/wp-content\/uploads\/2023\/09\/IMG_8236-1.jpeg\" data-sizes=\"(max-width: 820px) 100vw, 820px\" data-srcset=\"https:\/\/www.ultimasnoticias.com.do\/wp-content\/uploads\/2023\/09\/IMG_8236-1.jpeg 820w, https:\/\/www.ultimasnoticias.com.do\/wp-content\/uploads\/2023\/09\/IMG_8236-1-300x225.jpeg 300w, https:\/\/www.ultimasnoticias.com.do\/wp-content\/uploads\/2023\/09\/IMG_8236-1-768x575.jpeg 768w\" alt=\"Mario D\u00edaz\" width=\"820\" height=\"614\" src=\"data:image\/svg+xml;base64,PHN2ZyB3aWR0aD0iMSIgaGVpZ2h0PSIxIiB4bWxucz0iaHR0cDovL3d3dy53My5vcmcvMjAwMC9zdmciPjwvc3ZnPg==\" style=\"--smush-placeholder-width: 820px; --smush-placeholder-aspect-ratio: 820\/614;\" \/><\/a>El dirigente sindical y aspirante a la alcald\u00eda del municipio Santo Domingo Oeste (SDO) por el Partido Primero la Gente (PPG), Mario D\u00edaz, denunci\u00f3 que una turba de haitianos intentaron lincharlo molestos por el anuncio que hizo recientemente de que los choferes de los veh\u00edculos afiliados a la Federaci\u00f3n Nacional de Trabajadores del Transporte Social Cristianos (Fenattransc) no montar\u00edan a ciudadanos del vecino pa\u00eds.<\/p>\n<p style=\"text-align: justify;\">Explic\u00f3 que se encontraba en una plaza compartiendo con unos amigos cuando se present\u00f3 al lugar una turba de haitianos que le fue encima, por lo que tuvo que salir huyendo del lugar.<\/p>\n<p style=\"text-align: justify;\">\u00abHoy me encontraba en una plaza comercial compartiendo con unos amigos y de repente lleg\u00f3 una trulla de haitianos, quienes irrumpieron y destrozaron el \u00e1rea en donde estaba, de donde pude escapar milagrosamente\u00bb, narr\u00f3 en su cuenta X (antes conocida como Twitter).<\/p>\n<p style=\"text-align: justify;\">El dirigente choferil y pol\u00edtico pidi\u00f3 protecci\u00f3n a la Polic\u00eda Nacional y al Departamento Nacional de Investigaciones (DNI), ya que teme por su vida.<\/p>\n<p style=\"text-align: justify;\">Record\u00f3 que recientemente env\u00edo a los medios de comunicaci\u00f3n una nota de prensa donde advert\u00eda que la Federaci\u00f3n Nacional de Trabajadores del Transporte Social Cristianos (Fenattransc) que dirige, \u00abno iba a permitir que en sus unidades se montaran haitianos, con o sin documentos, en respaldo a la medida del cierre de la frontera por el gobierno\u00bb.<\/p>\n<p style=\"text-align: justify;\">Aclar\u00f3 que poco despu\u00e9s esa decisi\u00f3n se dej\u00f3 sin efecto, \u00abaunque ning\u00fan chofer permite acceso a haitianos en los autobuses del transporte de pasajeros\u00bb.<\/p>\n<p style=\"text-align: justify;\">\n<p style=\"text-align: justify;\">Fuente: Ultimas Noticias<\/p>\n<figure class=\"wp-block-image size-full\"><\/figure>\n<p>&nbsp;<\/p>\n","protected":false},"excerpt":{"rendered":"<p>El dirigente sindical y aspirante a la alcald\u00eda del municipio Santo Domingo Oeste (SDO) por<\/p>\n","protected":false},"author":1,"featured_media":0,"comment_status":"open","ping_status":"open","sticky":false,"template":"","format":"standard","meta":{"footnotes":""},"categories":[7],"tags":[],"class_list":["post-6942","post","type-post","status-publish","format-standard","hentry","category-nacionales"],"_links":{"self":[{"href":"https:\/\/defrentealaverdad.com\/index.php\/wp-json\/wp\/v2\/posts\/6942","targetHints":{"allow":["GET"]}}],"collection":[{"href":"https:\/\/defrentealaverdad.com\/index.php\/wp-json\/wp\/v2\/posts"}],"about":[{"href":"https:\/\/defrentealaverdad.com\/index.php\/wp-json\/wp\/v2\/types\/post"}],"author":[{"embeddable":true,"href":"https:\/\/defrentealaverdad.com\/index.php\/wp-json\/wp\/v2\/users\/1"}],"replies":[{"embeddable":true,"href":"https:\/\/defrentealaverdad.com\/index.php\/wp-json\/wp\/v2\/comments?post=6942"}],"version-history":[{"count":1,"href":"https:\/\/defrentealaverdad.com\/index.php\/wp-json\/wp\/v2\/posts\/6942\/revisions"}],"predecessor-version":[{"id":6943,"href":"https:\/\/defrentealaverdad.com\/index.php\/wp-json\/wp\/v2\/posts\/6942\/revisions\/6943"}],"wp:attachment":[{"href":"https:\/\/defrentealaverdad.com\/index.php\/wp-json\/wp\/v2\/media?parent=6942"}],"wp:term":[{"taxonomy":"category","embeddable":true,"href":"https:\/\/defrentealaverdad.com\/index.php\/wp-json\/wp\/v2\/categories?post=6942"},{"taxonomy":"post_tag","embeddable":true,"href":"https:\/\/defrentealaverdad.com\/index.php\/wp-json\/wp\/v2\/tags?post=6942"}],"curies":[{"name":"wp","href":"https:\/\/api.w.org\/{rel}","templated":true}]}}