{"id":6927,"date":"2023-09-22T19:41:24","date_gmt":"2023-09-22T19:41:24","guid":{"rendered":"https:\/\/defrentealaverdad.com\/?p=6927"},"modified":"2023-09-22T19:41:24","modified_gmt":"2023-09-22T19:41:24","slug":"rectores-uasd-y-unicpo-fortalecen-relacion-academica","status":"publish","type":"post","link":"https:\/\/defrentealaverdad.com\/index.php\/2023\/09\/22\/rectores-uasd-y-unicpo-fortalecen-relacion-academica\/","title":{"rendered":"Rectores UASD y UniCPO fortalecen relaci\u00f3n acad\u00e9mica"},"content":{"rendered":"<div class=\"jeg_featured featured_image \">\n<div class=\"thumbnail-container animate-lazy\" style=\"text-align: justify;\"><img decoding=\"async\" class=\"attachment-jnews-750x375 size-jnews-750x375 wp-post-image lazyautosizes lazyloaded alignright\" src=\"https:\/\/lalupadelsur.com\/wp-content\/uploads\/2023\/09\/asistentesrectores-750x375.jpg\" sizes=\"750px\" srcset=\"https:\/\/lalupadelsur.com\/wp-content\/uploads\/2023\/09\/asistentesrectores-750x375.jpg 750w, https:\/\/lalupadelsur.com\/wp-content\/uploads\/2023\/09\/asistentesrectores-360x180.jpg 360w, https:\/\/lalupadelsur.com\/wp-content\/uploads\/2023\/09\/asistentesrectores-1140x570.jpg 1140w\" alt=\"Rectores UASD y UniCPO fortalecen relaci\u00f3n acad\u00e9mica\" width=\"750\" height=\"375\" data-src=\"https:\/\/lalupadelsur.com\/wp-content\/uploads\/2023\/09\/asistentesrectores-750x375.jpg\" data-srcset=\"https:\/\/lalupadelsur.com\/wp-content\/uploads\/2023\/09\/asistentesrectores-750x375.jpg 750w, https:\/\/lalupadelsur.com\/wp-content\/uploads\/2023\/09\/asistentesrectores-360x180.jpg 360w, https:\/\/lalupadelsur.com\/wp-content\/uploads\/2023\/09\/asistentesrectores-1140x570.jpg 1140w\" data-sizes=\"auto\" data-expand=\"700\" \/><\/div>\n<\/div>\n<div class=\"jeg_share_top_container\" style=\"text-align: justify;\">\n<div class=\"jeg_share_button clearfix\">\n<div class=\"jeg_share_stats\" style=\"text-align: justify;\"><\/div>\n<\/div>\n<\/div>\n<div class=\"jeg_ad jeg_article jnews_content_top_ads \" style=\"text-align: justify;\">\n<div class=\"ads-wrapper  \">Con el objetivo de seguir fortaleciendo lazos de cooperaci\u00f3n acad\u00e9mica, el rector de la Universidad Aut\u00f3noma de Santo Domingo (UASD), maestro Editrudis Beltr\u00e1n Cris\u00f3stomo, recibi\u00f3 en su despacho a su hom\u00f3logo de la Universidad de Odontolog\u00eda de Brasil (UniCPO), Thiago Tinoco.<\/div>\n<\/div>\n<div class=\"entry-content no-share\">\n<div class=\"content-inner \" style=\"text-align: justify;\">\n<p><img decoding=\"async\" class=\"size-medium wp-image-44184 alignleft entered lazyloaded\" src=\"https:\/\/lalupadelsur.com\/wp-content\/uploads\/2023\/09\/rectores-300x200.jpg\" sizes=\"(max-width: 300px) 100vw, 300px\" srcset=\"https:\/\/lalupadelsur.com\/wp-content\/uploads\/2023\/09\/rectores-300x200.jpg 300w, https:\/\/lalupadelsur.com\/wp-content\/uploads\/2023\/09\/rectores-1024x684.jpg 1024w, https:\/\/lalupadelsur.com\/wp-content\/uploads\/2023\/09\/rectores-768x513.jpg 768w, https:\/\/lalupadelsur.com\/wp-content\/uploads\/2023\/09\/rectores-1536x1027.jpg 1536w, https:\/\/lalupadelsur.com\/wp-content\/uploads\/2023\/09\/rectores-750x501.jpg 750w, https:\/\/lalupadelsur.com\/wp-content\/uploads\/2023\/09\/rectores-1140x762.jpg 1140w, https:\/\/lalupadelsur.com\/wp-content\/uploads\/2023\/09\/rectores.jpg 1616w\" alt=\"\" width=\"300\" height=\"200\" data-lazy-srcset=\"https:\/\/lalupadelsur.com\/wp-content\/uploads\/2023\/09\/rectores-300x200.jpg 300w, https:\/\/lalupadelsur.com\/wp-content\/uploads\/2023\/09\/rectores-1024x684.jpg 1024w, https:\/\/lalupadelsur.com\/wp-content\/uploads\/2023\/09\/rectores-768x513.jpg 768w, https:\/\/lalupadelsur.com\/wp-content\/uploads\/2023\/09\/rectores-1536x1027.jpg 1536w, https:\/\/lalupadelsur.com\/wp-content\/uploads\/2023\/09\/rectores-750x501.jpg 750w, https:\/\/lalupadelsur.com\/wp-content\/uploads\/2023\/09\/rectores-1140x762.jpg 1140w, https:\/\/lalupadelsur.com\/wp-content\/uploads\/2023\/09\/rectores.jpg 1616w\" data-lazy-sizes=\"(max-width: 300px) 100vw, 300px\" data-lazy-src=\"https:\/\/lalupadelsur.com\/wp-content\/uploads\/2023\/09\/rectores-300x200.jpg\" data-pin-no-hover=\"true\" data-ll-status=\"loaded\" \/>La UniCPO es la instituci\u00f3n de Educaci\u00f3n Superior especializada en odontolog\u00eda que gradu\u00f3 m\u00e1s estudiantes de postgrado en Latinoam\u00e9rica y por m\u00e1s de 20 a\u00f1os ha formado a cientos de egresados de la Primada de Am\u00e9rica.<\/p>\n<p>Ambos funcionarios acad\u00e9micos hablaron de formalizar convenios e intercambios acad\u00e9micos, pasant\u00edas, becas y otros programas entre ambas instituciones, que propicien pr\u00e1cticas y formaci\u00f3n de estudiantes.<\/p>\n<p>El rector Beltr\u00e1n Cris\u00f3stomo manifest\u00f3 su agradecimiento por la relaci\u00f3n de intercambio que ha sostenido esta Universidad con la UASD.<\/p>\n<p>\u201cActualmente instalamos aulas inteligentes en la sede y todos los recintos universitarios, como espacios virtuales que facilitar\u00e1n el proceso de intercambio acad\u00e9mico entre nuestros estudiantes y docentes con los de su Universidad y cualquier parte del mundo\u201d, destac\u00f3 el rector uasdiano.<\/p>\n<p>Mientras que el doctor Tinoco agradeci\u00f3 la receptividad y hospitalidad de la UASD, tras comprometerse en continuar ampliando la colaboraci\u00f3n entre ambas instituciones acad\u00e9micas para beneficiar a estudiantes y docentes de las distintas especialidades odontol\u00f3gicas.<\/p>\n<p>Al encuentro asistieron adem\u00e1s, los vicerrectores Administrativo, maestro Ram\u00f3n Desangles: de Extensi\u00f3n, maestra Rosal\u00eda Sosa, el secretario general, Pablo Valdez; los decanos de Ciencias de la Salud, Mario Uffre; Ciencias Econ\u00f3micas y Sociales, Antonio Ciriaco; de Ciencias Agron\u00f3micas y Veterinarias, Julio Borb\u00f3n, Artes, Arelis Subero.<\/p>\n<p>Tambi\u00e9n, la directora de la Escuela de Odontolog\u00eda de la UASD, Glenis Delgado Valdez, el enlace en el pa\u00eds de la UniCPO, Natanael Guti\u00e9rrez, entre otras autoridades y personalidades de la vida acad\u00e9mica.<\/p>\n<\/div>\n<p style=\"text-align: justify;\">Fuente: Prensa UASD<\/p>\n<\/div>\n","protected":false},"excerpt":{"rendered":"<p>Con el objetivo de seguir fortaleciendo lazos de cooperaci\u00f3n acad\u00e9mica, el rector de la Universidad<\/p>\n","protected":false},"author":2,"featured_media":0,"comment_status":"open","ping_status":"open","sticky":false,"template":"","format":"standard","meta":{"footnotes":""},"categories":[7],"tags":[],"class_list":["post-6927","post","type-post","status-publish","format-standard","hentry","category-nacionales"],"_links":{"self":[{"href":"https:\/\/defrentealaverdad.com\/index.php\/wp-json\/wp\/v2\/posts\/6927","targetHints":{"allow":["GET"]}}],"collection":[{"href":"https:\/\/defrentealaverdad.com\/index.php\/wp-json\/wp\/v2\/posts"}],"about":[{"href":"https:\/\/defrentealaverdad.com\/index.php\/wp-json\/wp\/v2\/types\/post"}],"author":[{"embeddable":true,"href":"https:\/\/defrentealaverdad.com\/index.php\/wp-json\/wp\/v2\/users\/2"}],"replies":[{"embeddable":true,"href":"https:\/\/defrentealaverdad.com\/index.php\/wp-json\/wp\/v2\/comments?post=6927"}],"version-history":[{"count":1,"href":"https:\/\/defrentealaverdad.com\/index.php\/wp-json\/wp\/v2\/posts\/6927\/revisions"}],"predecessor-version":[{"id":6928,"href":"https:\/\/defrentealaverdad.com\/index.php\/wp-json\/wp\/v2\/posts\/6927\/revisions\/6928"}],"wp:attachment":[{"href":"https:\/\/defrentealaverdad.com\/index.php\/wp-json\/wp\/v2\/media?parent=6927"}],"wp:term":[{"taxonomy":"category","embeddable":true,"href":"https:\/\/defrentealaverdad.com\/index.php\/wp-json\/wp\/v2\/categories?post=6927"},{"taxonomy":"post_tag","embeddable":true,"href":"https:\/\/defrentealaverdad.com\/index.php\/wp-json\/wp\/v2\/tags?post=6927"}],"curies":[{"name":"wp","href":"https:\/\/api.w.org\/{rel}","templated":true}]}}