{"id":6924,"date":"2023-09-22T19:40:00","date_gmt":"2023-09-22T19:40:00","guid":{"rendered":"https:\/\/defrentealaverdad.com\/?p=6924"},"modified":"2023-09-22T19:40:23","modified_gmt":"2023-09-22T19:40:23","slug":"premios-la-flor-celebra-una-decada-de-exito-con-gran-gala-nacional","status":"publish","type":"post","link":"https:\/\/defrentealaverdad.com\/index.php\/2023\/09\/22\/premios-la-flor-celebra-una-decada-de-exito-con-gran-gala-nacional\/","title":{"rendered":"Premios La Flor celebra una D\u00e9cada de \u00c9xito con Gran Gala Nacional"},"content":{"rendered":"<p style=\"text-align: justify;\">En su d\u00e9cimo aniversario, Premios La Flor celebr\u00f3 el pasado jueves 31 de agosto su Gala Nacional en honor a los j\u00f3venes talentos destacados de Santo Domingo y El Cibao desde las instalaciones de Wave Club.<\/p>\n<p><img decoding=\"async\" class=\"aligncenter lazyload\" data-src=\"https:\/\/wachaonews.com\/wp-content\/uploads\/2023\/09\/PREMIOS-LA-FLOR.png\" alt=\"Premios La Flor celebra una d\u00e9cada de \u00e9xito con gran gala nacional - Wachao News\" src=\"data:image\/svg+xml;base64,PHN2ZyB3aWR0aD0iMSIgaGVpZ2h0PSIxIiB4bWxucz0iaHR0cDovL3d3dy53My5vcmcvMjAwMC9zdmciPjwvc3ZnPg==\" \/><\/p>\n<p style=\"text-align: justify;\">Henry Rijo, presidente de la organizaci\u00f3n, hizo hincapi\u00e9 en los esfuerzos y sacrificios necesarios para llevar a cabo un evento de esta magnitud. Este a\u00f1o, marc\u00f3 un hito al unir los talentos de Santo Domingo y El Cibao por primera vez en la historia de los premios, que llevan una d\u00e9cada reconociendo el talento emergente.<\/p>\n<p style=\"text-align: justify;\">\u00abEstoy profundamente agradecido con Dios y con cada persona que ha colaborado incansablemente en la realizaci\u00f3n de este sue\u00f1o llamado, \u201cPremios La Flor\u201d. Este galard\u00f3n se ha convertido en un referente esencial para la juventud y es tema de conversaci\u00f3n a nivel nacional. Sin lugar a dudas, nos dirigimos hacia un futuro a\u00fan m\u00e1s prometedor\u00bb, expres\u00f3 Rijo en su discurso central.<\/p>\n<p style=\"text-align: justify;\">La premiaci\u00f3n cont\u00f3 con la presencia de figuras destacadas, entre ellas Lissette Selman, Nelson Javier \u00abCocodrilo\u00bb, Domingo Bautista, Ingrid G\u00f3mez, Jessica Pereira, Bonny Cepeda y Teodoro Reyes, entre otros.<\/p>\n<p style=\"text-align: justify;\">La conducci\u00f3n del evento estuvo a cargo de Jos\u00e9 \u00c1ngel Morvan y Claribel Adames, quienes mantuvieron el ritmo y el encanto a lo largo de la noche.<\/p>\n<p style=\"text-align: justify;\"><strong>Sobre Premios La Flor<\/strong><\/p>\n<p style=\"text-align: justify;\">Premios La Flor, anteriormente conocidos como Premios Flor del Este, surgieron en La Romana con el prop\u00f3sito de destacar el talento joven de esa ciudad. Hace nueve a\u00f1os, el evento era un modesto encuentro con entrega de diplomas. Con el paso de los a\u00f1os, ha experimentado un crecimiento notable, consolid\u00e1ndose como el premio m\u00e1s prestigioso en el panorama de la juventud dominicana.<\/p>\n<p style=\"text-align: justify;\"><strong>Listado de ganadores \u2013 Premios La Flor 2023 Santo Domingo<\/strong><\/p>\n<ul style=\"text-align: justify;\">\n<li>Comentarista de espect\u00e1culos \u2013 Jos\u00e9 \u00c1ngel Morvan<\/li>\n<li>Joven del a\u00f1o \u2013 Mois\u00e9s Salc\u00e9<\/li>\n<li>Joven destacado \u2013 Marteen Franco<\/li>\n<li>Tiktoker del a\u00f1o \u2013 Emely Oficial<\/li>\n<li>Comentarista de noticias \u2013 Nairoby Viloria<\/li>\n<li>Locutora del a\u00f1o \u2013 Sarine Feliz<\/li>\n<li>Programa de radio \u2013 La F\u00f3rmula Radio<\/li>\n<li>Programa matutino de TV \u2013 Despierta RD<\/li>\n<li>Programa semanal de TV \u2013 Aqu\u00ed Se Habla Espa\u00f1ol<\/li>\n<li>J\u00f3venes que inspiran \u2013 Patricia Pe\u00f1a<\/li>\n<li>Locutor del a\u00f1o \u2013 Luinny Corporan<\/li>\n<li>Comentarista de espect\u00e1culos \u2013 Wandaly Soriano<\/li>\n<li>Medios digitales \u2013 Reconocidos.net<\/li>\n<li>Promesa de la comunicaci\u00f3n \u2013 Martha Cabral<\/li>\n<li>Creador de contenido \u2013 Vladimir J\u00e1quez<\/li>\n<li>Presentadora de noticias \u2013 Julieta Arias<\/li>\n<li>Programa diario de TV \u2013 Luna Llena<\/li>\n<li>Panelista de radio \u2013 Hony Estrella<\/li>\n<li>Programa digital \u2013 Sin Filtro Radio Show<\/li>\n<li>Cantante solista \u2013 Manny Cruz<\/li>\n<li>Actriz del a\u00f1o \u2013 Judith Rodr\u00edguez<\/li>\n<li>Programa especializado de radio \u2013 Esto No Es Radio<\/li>\n<li>Panelista Urbano \u2013 La Perris<\/li>\n<li>Presentadora de TV del a\u00f1o \u2013 B\u00e1rbara Plaza<\/li>\n<li>Dj del a\u00f1o \u2013 Dj Joe El Catador<\/li>\n<\/ul>\n<p style=\"text-align: justify;\">Fuente: Lente Informativo<\/p>\n","protected":false},"excerpt":{"rendered":"<p>En su d\u00e9cimo aniversario, Premios La Flor celebr\u00f3 el pasado jueves 31 de agosto su<\/p>\n","protected":false},"author":4,"featured_media":0,"comment_status":"open","ping_status":"open","sticky":false,"template":"","format":"standard","meta":{"footnotes":""},"categories":[6,7],"tags":[],"class_list":["post-6924","post","type-post","status-publish","format-standard","hentry","category-espectaculos","category-nacionales"],"_links":{"self":[{"href":"https:\/\/defrentealaverdad.com\/index.php\/wp-json\/wp\/v2\/posts\/6924","targetHints":{"allow":["GET"]}}],"collection":[{"href":"https:\/\/defrentealaverdad.com\/index.php\/wp-json\/wp\/v2\/posts"}],"about":[{"href":"https:\/\/defrentealaverdad.com\/index.php\/wp-json\/wp\/v2\/types\/post"}],"author":[{"embeddable":true,"href":"https:\/\/defrentealaverdad.com\/index.php\/wp-json\/wp\/v2\/users\/4"}],"replies":[{"embeddable":true,"href":"https:\/\/defrentealaverdad.com\/index.php\/wp-json\/wp\/v2\/comments?post=6924"}],"version-history":[{"count":2,"href":"https:\/\/defrentealaverdad.com\/index.php\/wp-json\/wp\/v2\/posts\/6924\/revisions"}],"predecessor-version":[{"id":6926,"href":"https:\/\/defrentealaverdad.com\/index.php\/wp-json\/wp\/v2\/posts\/6924\/revisions\/6926"}],"wp:attachment":[{"href":"https:\/\/defrentealaverdad.com\/index.php\/wp-json\/wp\/v2\/media?parent=6924"}],"wp:term":[{"taxonomy":"category","embeddable":true,"href":"https:\/\/defrentealaverdad.com\/index.php\/wp-json\/wp\/v2\/categories?post=6924"},{"taxonomy":"post_tag","embeddable":true,"href":"https:\/\/defrentealaverdad.com\/index.php\/wp-json\/wp\/v2\/tags?post=6924"}],"curies":[{"name":"wp","href":"https:\/\/api.w.org\/{rel}","templated":true}]}}