{"id":6922,"date":"2023-09-22T19:37:35","date_gmt":"2023-09-22T19:37:35","guid":{"rendered":"https:\/\/defrentealaverdad.com\/?p=6922"},"modified":"2023-09-22T19:37:35","modified_gmt":"2023-09-22T19:37:35","slug":"superate-y-equifax-datacredito-fomentaran-la-educacion-financiera-en-las-familias-participantes-del-programa","status":"publish","type":"post","link":"https:\/\/defrentealaverdad.com\/index.php\/2023\/09\/22\/superate-y-equifax-datacredito-fomentaran-la-educacion-financiera-en-las-familias-participantes-del-programa\/","title":{"rendered":"Sup\u00e9rate y Equifax\/DataCr\u00e9dito fomentar\u00e1n la educaci\u00f3n financiera en las familias participantes del programa"},"content":{"rendered":"<div class=\"td_block_wrap tdb_title tdi_70 tdb-single-title td-pb-border-top td_block_template_1\" data-td-block-uid=\"tdi_70\">\n<div class=\"tdb-block-inner td-fix-index\">\n<h1 class=\"tdb-title-text\"><a class=\"td-modal-image\" style=\"font-size: 16px;\" href=\"https:\/\/rsanoticias.com\/wp-content\/uploads\/2023\/09\/IMG_6865-scaled.jpeg\" data-caption=\"\"><img decoding=\"async\" class=\"entry-thumb td-animation-stack-type0-2 alignleft lazyload\" title=\"IMG_6865\" data-src=\"https:\/\/rsanoticias.com\/wp-content\/uploads\/2023\/09\/IMG_6865-696x464.jpeg\" data-sizes=\"(max-width: 696px) 100vw, 696px\" data-srcset=\"https:\/\/rsanoticias.com\/wp-content\/uploads\/2023\/09\/IMG_6865-696x464.jpeg 696w, https:\/\/rsanoticias.com\/wp-content\/uploads\/2023\/09\/IMG_6865-300x200.jpeg 300w, https:\/\/rsanoticias.com\/wp-content\/uploads\/2023\/09\/IMG_6865-1024x683.jpeg 1024w, https:\/\/rsanoticias.com\/wp-content\/uploads\/2023\/09\/IMG_6865-768x512.jpeg 768w, https:\/\/rsanoticias.com\/wp-content\/uploads\/2023\/09\/IMG_6865-1536x1024.jpeg 1536w, https:\/\/rsanoticias.com\/wp-content\/uploads\/2023\/09\/IMG_6865-2048x1365.jpeg 2048w, https:\/\/rsanoticias.com\/wp-content\/uploads\/2023\/09\/IMG_6865-1068x712.jpeg 1068w, https:\/\/rsanoticias.com\/wp-content\/uploads\/2023\/09\/IMG_6865-1920x1280.jpeg 1920w, https:\/\/rsanoticias.com\/wp-content\/uploads\/2023\/09\/IMG_6865-630x420.jpeg 630w\" alt=\"\" width=\"696\" height=\"464\" src=\"data:image\/svg+xml;base64,PHN2ZyB3aWR0aD0iMSIgaGVpZ2h0PSIxIiB4bWxucz0iaHR0cDovL3d3dy53My5vcmcvMjAwMC9zdmciPjwvc3ZnPg==\" style=\"--smush-placeholder-width: 696px; --smush-placeholder-aspect-ratio: 696\/464;\" \/><\/a><\/h1>\n<\/div>\n<\/div>\n<div class=\"td_block_wrap tdb_single_content tdi_78 td-pb-border-top td_block_template_1 td-post-content tagdiv-type\" data-td-block-uid=\"tdi_78\">\n<div class=\"tdb-block-inner td-fix-index\">\n<p style=\"text-align: justify;\"><strong><span data-originalfontsize=\"14pt\" data-originalcomputedfontsize=\"18.666666\">Santo Domingo\u00a0<\/span><\/strong><span data-originalfontsize=\"14pt\" data-originalcomputedfontsize=\"18.666666\">\u00a0El Programa Sup\u00e9rate y Equifax\/DataCr\u00e9dito firmaron un importante acuerdo de colaboraci\u00f3n destinado a apoyar a las familias Sup\u00e9rate, y a la sociedad en general, en la promoci\u00f3n de h\u00e1bitos y educaci\u00f3n financiera.\u00a0\u00a0<\/span><\/p>\n<p style=\"text-align: justify;\"><span data-originalfontsize=\"14pt\" data-originalcomputedfontsize=\"18.666666\">Esta alianza estrat\u00e9gica aprovechar\u00e1 los recursos y servicios especializados de Equifax\/DataCr\u00e9dito, para empoderar a las familias participantes del programa Sup\u00e9rate en su camino hacia una mayor estabilidad econ\u00f3mica y un mayor \u00edndice de calidad de vida.\u00a0<\/span><\/p>\n<p style=\"text-align: justify;\"><span data-originalfontsize=\"14pt\" data-originalcomputedfontsize=\"18.666666\">\u201cLa misi\u00f3n principal del programa Sup\u00e9rate es impulsar la superaci\u00f3n de la pobreza mediante mecanismos que transformen la vida de los hogares, tanto en los aspectos financieros como socio culturales. Junto al presidente Luis Abinader hemos ido identificando esas oportunidades de transici\u00f3n de la vulnerabilidad a la autonom\u00eda de todas las familias del pa\u00eds. La visi\u00f3n y la expectativa, es que en poco tiempo podamos decir cu\u00e1ntas familias se han graduado y superado esta condici\u00f3n de vulnerabilidad\u201d, expres\u00f3 Gloria Reyes, directora general del Programa Sup\u00e9rate.\u00a0<\/span><\/p>\n<p style=\"text-align: justify;\"><span data-originalfontsize=\"14pt\" data-originalcomputedfontsize=\"18.666666\">Mientras que Jos\u00e9 Alberto Adam Adam, director general de Equifax\/DataCr\u00e9dito, dijo que: \u201ceste acuerdo nos va a permitir darle acceso a todo ese grupo de ciudadanos que est\u00e1 inscrito en Sup\u00e9rate para acceder a Mi Data y a educaci\u00f3n financiera dentro de los programas que conjuntamente con Sup\u00e9rate vamos a trabajar; esto nos permitir\u00e1 brindarle la oportunidad de mejora su calidad de vida\u00bb. \u00a0<\/span><\/p>\n<p style=\"text-align: justify;\"><span data-originalfontsize=\"14pt\" data-originalcomputedfontsize=\"18.666666\">Sup\u00e9rate, bajo la direcci\u00f3n general de Gloria Reyes, comprometido con su misi\u00f3n de mejorar las oportunidades y el bienestar de las familias en situaci\u00f3n vulnerable, y Equifax\/DataCr\u00e9dito, siendo empresa l\u00edder en el sector financiero, bajo la direcci\u00f3n general del Sr. Jos\u00e9 Alberto Adam Adam, reconocen la importancia crucial de la educaci\u00f3n financiera como un pilar fundamental para lograr el progreso econ\u00f3mico y social.\u00a0\u00a0<\/span><\/p>\n<p style=\"text-align: justify;\"><span data-originalfontsize=\"14pt\" data-originalcomputedfontsize=\"18.666666\">Es por ello que ambas entidades se unen para brindar a las familias Sup\u00e9rate las herramientas necesarias para tomar decisiones financieras que les permitan avanzar en el camino al desarrollo y el bienestar.\u00a0\u00a0<\/span><\/p>\n<p style=\"text-align: justify;\"><strong><span data-originalfontsize=\"14pt\" data-originalcomputedfontsize=\"18.666666\">Sobre el acuerdo\u00a0<\/span><\/strong><\/p>\n<p style=\"text-align: justify;\"><em><span data-originalfontsize=\"14pt\" data-originalcomputedfontsize=\"18.666666\">Los principales compromisos de esta alianza son:\u00a0\u00a0<\/span><\/em><\/p>\n<p style=\"text-align: justify;\"><span data-originalfontsize=\"14pt\" data-originalcomputedfontsize=\"18.666666\">Acceso a la plataforma MiData: Las familias Sup\u00e9rate tendr\u00e1n acceso a dicha plataforma y a todos los servicios que \u00e9sta ofrece, previa aprobaci\u00f3n del Programa Sup\u00e9rate. Esto permitir\u00e1 a los participantes tener un mayor control sobre su informaci\u00f3n crediticia y acceder a recursos que les ayudar\u00e1n a gestionar de manera efectiva sus finanzas personales.\u00a0<\/span><\/p>\n<p style=\"text-align: justify;\"><span data-originalfontsize=\"14pt\" data-originalcomputedfontsize=\"18.666666\">Acceso a informaci\u00f3n crediticia: Equifax\/DataCr\u00e9dito facilitar\u00e1 el acceso a datos crediticios y otros detalles relevantes sobre el comportamiento financiero de los participantes del Programa Sup\u00e9rate. Esto contribuir\u00e1 a una mayor comprensi\u00f3n de su situaci\u00f3n financiera y a la identificaci\u00f3n de \u00e1reas de mejora.\u00a0<\/span><\/p>\n<p style=\"text-align: justify;\"><span data-originalfontsize=\"14pt\" data-originalcomputedfontsize=\"18.666666\">Educaci\u00f3n financiera: El Programa Sup\u00e9rate y Equifax\/DataCr\u00e9dito colaborar\u00e1n estrechamente para crear programas de educaci\u00f3n financiera dise\u00f1ados espec\u00edficamente para las familias participantes. Estos programas brindar\u00e1n conocimientos y herramientas pr\u00e1cticas para la toma de decisiones financieras adecuadas, con el objetivo de elevar el \u00edndice de calidad de vida de las familias beneficiarias.\u00a0<\/span><\/p>\n<p style=\"text-align: justify;\"><span data-originalfontsize=\"14pt\" data-originalcomputedfontsize=\"18.666666\">Apoyo a peque\u00f1as empresas: Se establecer\u00e1n programas de apoyo destinados a las peque\u00f1as empresas creadas por los participantes del Programa Sup\u00e9rate. Estos programas buscar\u00e1n promover el crecimiento financiero de estas empresas, fomentando el emprendimiento y la generaci\u00f3n de empleo en las comunidades atendidas por Sup\u00e9rate.\u00a0<\/span><\/p>\n<p style=\"text-align: justify;\"><span data-originalfontsize=\"14pt\" data-originalcomputedfontsize=\"18.666666\">Sup\u00e9rate y Equifax\/DataCr\u00e9dito est\u00e1n entusiasmados por esta colaboraci\u00f3n que promete marcar un impacto significativo en la vida de las familias Sup\u00e9rate. Ambas instituciones reafirman su compromiso con el bienestar econ\u00f3mico y social de las comunidades y esperan que esta alianza contribuya a un futuro m\u00e1s pr\u00f3spero y sostenible para\u00a0<\/span><\/p>\n<\/div>\n<p style=\"text-align: justify;\">Fuente: Prensa Superate<\/p>\n<\/div>\n","protected":false},"excerpt":{"rendered":"<p>Santo Domingo\u00a0\u00a0El Programa Sup\u00e9rate y Equifax\/DataCr\u00e9dito firmaron un importante acuerdo de colaboraci\u00f3n destinado a apoyar<\/p>\n","protected":false},"author":1,"featured_media":0,"comment_status":"open","ping_status":"open","sticky":false,"template":"","format":"standard","meta":{"footnotes":""},"categories":[7],"tags":[],"class_list":["post-6922","post","type-post","status-publish","format-standard","hentry","category-nacionales"],"_links":{"self":[{"href":"https:\/\/defrentealaverdad.com\/index.php\/wp-json\/wp\/v2\/posts\/6922","targetHints":{"allow":["GET"]}}],"collection":[{"href":"https:\/\/defrentealaverdad.com\/index.php\/wp-json\/wp\/v2\/posts"}],"about":[{"href":"https:\/\/defrentealaverdad.com\/index.php\/wp-json\/wp\/v2\/types\/post"}],"author":[{"embeddable":true,"href":"https:\/\/defrentealaverdad.com\/index.php\/wp-json\/wp\/v2\/users\/1"}],"replies":[{"embeddable":true,"href":"https:\/\/defrentealaverdad.com\/index.php\/wp-json\/wp\/v2\/comments?post=6922"}],"version-history":[{"count":1,"href":"https:\/\/defrentealaverdad.com\/index.php\/wp-json\/wp\/v2\/posts\/6922\/revisions"}],"predecessor-version":[{"id":6923,"href":"https:\/\/defrentealaverdad.com\/index.php\/wp-json\/wp\/v2\/posts\/6922\/revisions\/6923"}],"wp:attachment":[{"href":"https:\/\/defrentealaverdad.com\/index.php\/wp-json\/wp\/v2\/media?parent=6922"}],"wp:term":[{"taxonomy":"category","embeddable":true,"href":"https:\/\/defrentealaverdad.com\/index.php\/wp-json\/wp\/v2\/categories?post=6922"},{"taxonomy":"post_tag","embeddable":true,"href":"https:\/\/defrentealaverdad.com\/index.php\/wp-json\/wp\/v2\/tags?post=6922"}],"curies":[{"name":"wp","href":"https:\/\/api.w.org\/{rel}","templated":true}]}}