{"id":6917,"date":"2023-09-22T19:35:48","date_gmt":"2023-09-22T19:35:48","guid":{"rendered":"https:\/\/defrentealaverdad.com\/?p=6917"},"modified":"2023-09-22T19:36:16","modified_gmt":"2023-09-22T19:36:16","slug":"diana-montes-nombrada-en-la-prestigiosa-lista-latin-power-players-de-billboard","status":"publish","type":"post","link":"https:\/\/defrentealaverdad.com\/index.php\/2023\/09\/22\/diana-montes-nombrada-en-la-prestigiosa-lista-latin-power-players-de-billboard\/","title":{"rendered":"Diana Montes nombrada en la prestigiosa lista Latin Power Players de Billboard"},"content":{"rendered":"<p style=\"text-align: justify;\"><strong>Ella es la fundadora y directora ejecutiva de Premios Heat, uno de los eventos de premiaci\u00f3n m\u00e1s importantes en toda la m\u00fasica latina, as\u00ed como la innovadora plataforma LosHeat.Tv.<\/strong><img decoding=\"async\" class=\"size-medium wp-image-6918 alignright lazyload\" data-src=\"https:\/\/defrentealaverdad.com\/wp-content\/uploads\/2023\/09\/WhatsApp-Image-2023-09-22-at-13.19.13-200x300.jpeg\" alt=\"\" width=\"200\" height=\"300\" data-srcset=\"https:\/\/defrentealaverdad.com\/wp-content\/uploads\/2023\/09\/WhatsApp-Image-2023-09-22-at-13.19.13-200x300.jpeg 200w, https:\/\/defrentealaverdad.com\/wp-content\/uploads\/2023\/09\/WhatsApp-Image-2023-09-22-at-13.19.13-684x1024.jpeg 684w, https:\/\/defrentealaverdad.com\/wp-content\/uploads\/2023\/09\/WhatsApp-Image-2023-09-22-at-13.19.13-768x1151.jpeg 768w, https:\/\/defrentealaverdad.com\/wp-content\/uploads\/2023\/09\/WhatsApp-Image-2023-09-22-at-13.19.13-1025x1536.jpeg 1025w, https:\/\/defrentealaverdad.com\/wp-content\/uploads\/2023\/09\/WhatsApp-Image-2023-09-22-at-13.19.13.jpeg 1068w\" data-sizes=\"(max-width: 200px) 100vw, 200px\" src=\"data:image\/svg+xml;base64,PHN2ZyB3aWR0aD0iMSIgaGVpZ2h0PSIxIiB4bWxucz0iaHR0cDovL3d3dy53My5vcmcvMjAwMC9zdmciPjwvc3ZnPg==\" style=\"--smush-placeholder-width: 200px; --smush-placeholder-aspect-ratio: 200\/300;\" \/><\/p>\n<p style=\"text-align: justify;\"><img decoding=\"async\" class=\"size-medium wp-image-6919 alignleft lazyload\" data-src=\"https:\/\/defrentealaverdad.com\/wp-content\/uploads\/2023\/09\/WhatsApp-Image-2023-09-22-at-13.19.31-300x200.jpeg\" alt=\"\" width=\"300\" height=\"200\" data-srcset=\"https:\/\/defrentealaverdad.com\/wp-content\/uploads\/2023\/09\/WhatsApp-Image-2023-09-22-at-13.19.31-300x200.jpeg 300w, https:\/\/defrentealaverdad.com\/wp-content\/uploads\/2023\/09\/WhatsApp-Image-2023-09-22-at-13.19.31-1024x684.jpeg 1024w, https:\/\/defrentealaverdad.com\/wp-content\/uploads\/2023\/09\/WhatsApp-Image-2023-09-22-at-13.19.31-768x513.jpeg 768w, https:\/\/defrentealaverdad.com\/wp-content\/uploads\/2023\/09\/WhatsApp-Image-2023-09-22-at-13.19.31-1536x1025.jpeg 1536w, https:\/\/defrentealaverdad.com\/wp-content\/uploads\/2023\/09\/WhatsApp-Image-2023-09-22-at-13.19.31.jpeg 1600w\" data-sizes=\"(max-width: 300px) 100vw, 300px\" src=\"data:image\/svg+xml;base64,PHN2ZyB3aWR0aD0iMSIgaGVpZ2h0PSIxIiB4bWxucz0iaHR0cDovL3d3dy53My5vcmcvMjAwMC9zdmciPjwvc3ZnPg==\" style=\"--smush-placeholder-width: 300px; --smush-placeholder-aspect-ratio: 300\/200;\" \/>Miami, FL. Los extraordinarios esfuerzos de la ejecutiva de la m\u00fasica latina, Diana Montes, han sido reconocidos este a\u00f1o por Billboard, uno de los medios m\u00e1s renombrados en la m\u00fasica, que la ha incluido en su prestigiosa lista Latin Power Players 2023.<\/p>\n<p style=\"text-align: justify;\">Diana ha desempe\u00f1ado un papel crucial en dar forma a la escena de la m\u00fasica latina contempor\u00e1nea en lo que es hoy. Adem\u00e1s ha impulsado las carreras de superestrellas globales como J Balvin, Mike Bah\u00eda, Greeicy, Anuel, El Alfa y Karol G, brindando reconocimiento a las estrellas emergentes de la industria y a los artistas m\u00e1s destacados a trav\u00e9s de los Premios de la M\u00fasica Latina HEAT, que concibi\u00f3 y desarroll\u00f3 desde cero.<\/p>\n<p style=\"text-align: justify;\">Tras el lanzamiento del prestigioso evento de premiaci\u00f3n en la Rep\u00fablica Dominicana en 2015, que siempre es uno de los eventos de m\u00fasica latina m\u00e1s candentes y esperados del a\u00f1o, la colombiana ha expandido la marca HEAT hacia el streaming, creando la plataforma LosHeat.Tv, que debut\u00f3 en 2021 y desde su inicio ha transmitido el mejor contenido audiovisual original de los artistas actuales.\u00a0 En su primer a\u00f1o, la plataforma logr\u00f3 impresionantemente m\u00e1s de 300,000 usuarios y 200,000 espectadores simult\u00e1neos durante los shows en vivo.<\/p>\n<p style=\"text-align: justify;\">Pionera innovadora en la industria, visionaria y emprendedora de los negocios, es tambi\u00e9n la creadora del Festival HEAT, una serie de conciertos que desarroll\u00f3 con el objetivo de unir a las personas a trav\u00e9s de la cultura y la alegr\u00eda de la m\u00fasica en espa\u00f1ol.<\/p>\n<p style=\"text-align: justify;\">En l\u00ednea con su inspirador mensaje de unidad, la serie lleva la m\u00fasica directamente a los fan\u00e1ticos, recorriendo Am\u00e9rica Latina con un cartel curado de artistas innovadores cada a\u00f1o.<\/p>\n<p style=\"text-align: justify;\">Con su inclusi\u00f3n en la lista Latin Power Players 2023 de Billboard, Diana Montes se consolida como una de las ejecutivas m\u00e1s importantes e influyentes en la m\u00fasica latina en la actualidad.<\/p>\n<p style=\"text-align: justify;\">\n<p style=\"text-align: justify;\">Fuente: Externa<\/p>\n","protected":false},"excerpt":{"rendered":"<p>Ella es la fundadora y directora ejecutiva de Premios Heat, uno de los eventos de<\/p>\n","protected":false},"author":4,"featured_media":0,"comment_status":"open","ping_status":"open","sticky":false,"template":"","format":"standard","meta":{"footnotes":""},"categories":[6],"tags":[],"class_list":["post-6917","post","type-post","status-publish","format-standard","hentry","category-espectaculos"],"_links":{"self":[{"href":"https:\/\/defrentealaverdad.com\/index.php\/wp-json\/wp\/v2\/posts\/6917","targetHints":{"allow":["GET"]}}],"collection":[{"href":"https:\/\/defrentealaverdad.com\/index.php\/wp-json\/wp\/v2\/posts"}],"about":[{"href":"https:\/\/defrentealaverdad.com\/index.php\/wp-json\/wp\/v2\/types\/post"}],"author":[{"embeddable":true,"href":"https:\/\/defrentealaverdad.com\/index.php\/wp-json\/wp\/v2\/users\/4"}],"replies":[{"embeddable":true,"href":"https:\/\/defrentealaverdad.com\/index.php\/wp-json\/wp\/v2\/comments?post=6917"}],"version-history":[{"count":2,"href":"https:\/\/defrentealaverdad.com\/index.php\/wp-json\/wp\/v2\/posts\/6917\/revisions"}],"predecessor-version":[{"id":6921,"href":"https:\/\/defrentealaverdad.com\/index.php\/wp-json\/wp\/v2\/posts\/6917\/revisions\/6921"}],"wp:attachment":[{"href":"https:\/\/defrentealaverdad.com\/index.php\/wp-json\/wp\/v2\/media?parent=6917"}],"wp:term":[{"taxonomy":"category","embeddable":true,"href":"https:\/\/defrentealaverdad.com\/index.php\/wp-json\/wp\/v2\/categories?post=6917"},{"taxonomy":"post_tag","embeddable":true,"href":"https:\/\/defrentealaverdad.com\/index.php\/wp-json\/wp\/v2\/tags?post=6917"}],"curies":[{"name":"wp","href":"https:\/\/api.w.org\/{rel}","templated":true}]}}