{"id":6905,"date":"2023-09-22T19:26:26","date_gmt":"2023-09-22T19:26:26","guid":{"rendered":"https:\/\/defrentealaverdad.com\/?p=6905"},"modified":"2023-09-22T19:26:26","modified_gmt":"2023-09-22T19:26:26","slug":"jefe-del-ejercito-recorre-la-frontera-con-haiti-por-dajabon-y-asegura-todo-esta-en-calma","status":"publish","type":"post","link":"https:\/\/defrentealaverdad.com\/index.php\/2023\/09\/22\/jefe-del-ejercito-recorre-la-frontera-con-haiti-por-dajabon-y-asegura-todo-esta-en-calma\/","title":{"rendered":"Jefe del Ej\u00e9rcito recorre la frontera con Hait\u00ed por Dajab\u00f3n y asegura todo est\u00e1 en calma"},"content":{"rendered":"<p style=\"text-align: justify;\">Por F\u00e9lix Rubio<\/p>\n<p style=\"text-align: justify;\"><img decoding=\"async\" class=\"aligncenter lazyload\" data-src=\"https:\/\/resources.diariolibre.com\/images\/2023\/09\/22\/whatsapp-image-2023-09-22-at-11.52.06-am-focus-0-0-896-504.jpg\" alt=\"Jefe del Ej\u00e9rcito recorre la frontera con Hait\u00ed por Dajab\u00f3n y asegura todo est\u00e1 en calma\" src=\"data:image\/svg+xml;base64,PHN2ZyB3aWR0aD0iMSIgaGVpZ2h0PSIxIiB4bWxucz0iaHR0cDovL3d3dy53My5vcmcvMjAwMC9zdmciPjwvc3ZnPg==\" \/><\/p>\n<p style=\"text-align: justify;\">\n<p style=\"text-align: justify;\">El comandante general del Ej\u00e9rcito de Rep\u00fablica Dominicana\u00a0(ERD), mayor general Carlos A. Fern\u00e1ndez Onofre, asegur\u00f3 este viernes que el lado de la\u00a0frontera\u00a0con\u00a0Hait\u00ed\u00a0que corresponde a la\u00a0Rep\u00fablica Dominicana\u00a0est\u00e1 tranquilo.<\/p>\n<p style=\"text-align: justify;\">El mayor general garantiza que los\u00a0soldados\u00a0que est\u00e1n apostados en toda la l\u00ednea lim\u00edtrofe entre ambas naciones est\u00e1n prestos para darle cumplimiento a la disposici\u00f3n gubernamental, sobre mantener sellados los\u00a0pasos fronterizos.<\/p>\n<p style=\"text-align: justify;\">Las declaraciones del comandante del Ej\u00e9rcito fueron emitidas en\u00a0Dajab\u00f3n, al realizar un recorrido por los distintos puestos\u00a0militares\u00a0establecidos tras el\u00a0cierre total\u00a0de la\u00a0frontera, en rechazo a la construcci\u00f3n de un\u00a0canal\u00a0que busca desviar el agua del\u00a0r\u00edo Masacre\u00a0a territorio haitiano.<\/p>\n<p style=\"text-align: justify;\">Fern\u00e1ndez Onofre habl\u00f3 con los militares\u00a0de puesto en la zona acerca del cumplimiento de las tareas encomendadas de\u00a0vigilancia, seguridad y control en la divisi\u00f3n con el vecino pa\u00eds.<\/p>\n<p style=\"text-align: justify;\">El recorrido, que inici\u00f3 en la franja norte de la\u00a0frontera\u00a0dom\u00ednico-haitiana, continuar\u00e1 en las pr\u00f3ximas horas por los\u00a0pasos fronterizos\u00a0de la\u00a0regi\u00f3n sur.<\/p>\n<p style=\"text-align: justify;\">Fuente: Diario Libre RD<\/p>\n","protected":false},"excerpt":{"rendered":"<p>Por F\u00e9lix Rubio El comandante general del Ej\u00e9rcito de Rep\u00fablica Dominicana\u00a0(ERD), mayor general Carlos A.<\/p>\n","protected":false},"author":1,"featured_media":0,"comment_status":"open","ping_status":"open","sticky":false,"template":"","format":"standard","meta":{"footnotes":""},"categories":[7],"tags":[],"class_list":["post-6905","post","type-post","status-publish","format-standard","hentry","category-nacionales"],"_links":{"self":[{"href":"https:\/\/defrentealaverdad.com\/index.php\/wp-json\/wp\/v2\/posts\/6905","targetHints":{"allow":["GET"]}}],"collection":[{"href":"https:\/\/defrentealaverdad.com\/index.php\/wp-json\/wp\/v2\/posts"}],"about":[{"href":"https:\/\/defrentealaverdad.com\/index.php\/wp-json\/wp\/v2\/types\/post"}],"author":[{"embeddable":true,"href":"https:\/\/defrentealaverdad.com\/index.php\/wp-json\/wp\/v2\/users\/1"}],"replies":[{"embeddable":true,"href":"https:\/\/defrentealaverdad.com\/index.php\/wp-json\/wp\/v2\/comments?post=6905"}],"version-history":[{"count":1,"href":"https:\/\/defrentealaverdad.com\/index.php\/wp-json\/wp\/v2\/posts\/6905\/revisions"}],"predecessor-version":[{"id":6906,"href":"https:\/\/defrentealaverdad.com\/index.php\/wp-json\/wp\/v2\/posts\/6905\/revisions\/6906"}],"wp:attachment":[{"href":"https:\/\/defrentealaverdad.com\/index.php\/wp-json\/wp\/v2\/media?parent=6905"}],"wp:term":[{"taxonomy":"category","embeddable":true,"href":"https:\/\/defrentealaverdad.com\/index.php\/wp-json\/wp\/v2\/categories?post=6905"},{"taxonomy":"post_tag","embeddable":true,"href":"https:\/\/defrentealaverdad.com\/index.php\/wp-json\/wp\/v2\/tags?post=6905"}],"curies":[{"name":"wp","href":"https:\/\/api.w.org\/{rel}","templated":true}]}}