{"id":6889,"date":"2023-09-22T03:33:53","date_gmt":"2023-09-22T03:33:53","guid":{"rendered":"https:\/\/defrentealaverdad.com\/?p=6889"},"modified":"2023-09-22T03:37:24","modified_gmt":"2023-09-22T03:37:24","slug":"mide-junto-a-entidades-civiles-revisan-politica-de-derechos-humanos-y-derecho-internacional-humanitario-de-las-ff-aa","status":"publish","type":"post","link":"https:\/\/defrentealaverdad.com\/index.php\/2023\/09\/22\/mide-junto-a-entidades-civiles-revisan-politica-de-derechos-humanos-y-derecho-internacional-humanitario-de-las-ff-aa\/","title":{"rendered":"\u00a0MIDE junto a entidades civiles revisan pol\u00edtica de derechos humanos y derecho internacional humanitario de las FF. AA."},"content":{"rendered":"<p style=\"text-align: justify;\">Por Felix Rubio<\/p>\n<div class=\"separator\" style=\"text-align: justify;\"><a href=\"https:\/\/blogger.googleusercontent.com\/img\/b\/R29vZ2xl\/AVvXsEjFBm5jt-3gC1KubI2lQ9l4lU7juLyxmPEPDIThUgx75yfP5SpDtQodMRek-AS8UouEW8A7ZYkCA_edn28cG0kV0s9rn6CdZgW9MKEZBmNKvSJ5gI-PpF2VJNFPNZrhHb8R7CKcqoVzt8tLB0z575bdfse2ThGAct2lwXgrNj-atb5zxF0Bi8SITcCHGf-B\/s720\/IMG-20230921-WA0044.jpg\"><img decoding=\"async\" class=\"alignright lazyload\" data-src=\"https:\/\/blogger.googleusercontent.com\/img\/b\/R29vZ2xl\/AVvXsEjFBm5jt-3gC1KubI2lQ9l4lU7juLyxmPEPDIThUgx75yfP5SpDtQodMRek-AS8UouEW8A7ZYkCA_edn28cG0kV0s9rn6CdZgW9MKEZBmNKvSJ5gI-PpF2VJNFPNZrhHb8R7CKcqoVzt8tLB0z575bdfse2ThGAct2lwXgrNj-atb5zxF0Bi8SITcCHGf-B\/s320\/IMG-20230921-WA0044.jpg\" width=\"320\" height=\"213\" border=\"0\" data-original-height=\"480\" data-original-width=\"720\" src=\"data:image\/svg+xml;base64,PHN2ZyB3aWR0aD0iMSIgaGVpZ2h0PSIxIiB4bWxucz0iaHR0cDovL3d3dy53My5vcmcvMjAwMC9zdmciPjwvc3ZnPg==\" style=\"--smush-placeholder-width: 320px; --smush-placeholder-aspect-ratio: 320\/213;\" \/><\/a><\/div>\n<p style=\"text-align: justify;\">SANTO DOMINGO.- La Universidad Nacional para la Defensa (UNADE), a trav\u00e9s de la Escuela de Graduados en Derechos Humanos y Derecho Internacional Humanitario (EGDDHHyDIH), ejecuta un programa de formaci\u00f3n para que los soldados ejerzan su funci\u00f3n con conciencia y respeto a las garant\u00edas de los ciudadanos.<\/p>\n<p style=\"text-align: justify;\">La alta casa de estudios, dependencia del Ministerio de Defensa, inici\u00f3 su plan con una mesa de trabajo en la que se marcaron los lineamientos sobre la misi\u00f3n de la defensa de la naci\u00f3n para preservar el orden, la soberan\u00eda y la independencia, en consonancia con lo que establece la Constituci\u00f3n de la rep\u00fablica.<\/p>\n<div class=\"separator\"><a href=\"https:\/\/blogger.googleusercontent.com\/img\/b\/R29vZ2xl\/AVvXsEi3jMdyXvve6_jxU3tdjUFVFq0Ay-yu65YNoP-oCCl_TrjfWGNF59w1Kdr_Esv3nZfzNPd-Qv8XuMZd9UhSLtOKblYZ17Jm8G8txUFRLMtMS8LVf_HoFF06lR3Hxq587bzUsalQ2v2gx4bOzuA37D93Y_frsRd0Eb-DVM5IyPFYnuu-vBrjjuDKVbB_4hxg\/s720\/IMG-20230921-WA0045.jpg\"><img decoding=\"async\" class=\"alignleft lazyload\" data-src=\"https:\/\/blogger.googleusercontent.com\/img\/b\/R29vZ2xl\/AVvXsEi3jMdyXvve6_jxU3tdjUFVFq0Ay-yu65YNoP-oCCl_TrjfWGNF59w1Kdr_Esv3nZfzNPd-Qv8XuMZd9UhSLtOKblYZ17Jm8G8txUFRLMtMS8LVf_HoFF06lR3Hxq587bzUsalQ2v2gx4bOzuA37D93Y_frsRd0Eb-DVM5IyPFYnuu-vBrjjuDKVbB_4hxg\/s320\/IMG-20230921-WA0045.jpg\" width=\"320\" height=\"213\" border=\"0\" data-original-height=\"480\" data-original-width=\"720\" src=\"data:image\/svg+xml;base64,PHN2ZyB3aWR0aD0iMSIgaGVpZ2h0PSIxIiB4bWxucz0iaHR0cDovL3d3dy53My5vcmcvMjAwMC9zdmciPjwvc3ZnPg==\" style=\"--smush-placeholder-width: 320px; --smush-placeholder-aspect-ratio: 320\/213;\" \/><\/a><\/div>\n<div style=\"text-align: justify;\">\n<p>En la jornada, denominada \u201cPol\u00edtica integral de derechos humanos y derecho internacional humanitario\u201d, el general de brigada Ambiorix de Jes\u00fas Cepeda Hern\u00e1ndez, ERD, director de la EGDDHHyDIH, expres\u00f3 que con la actividad se cumple una disposici\u00f3n del ministro de Defensa, teniente general Carlos Luciano D\u00edaz Morfa, ERD, para que el documento sea consensuado con todos los actores de la sociedad dominicana.<\/p>\n<p style=\"text-align: justify;\">Dijo que el titular de Defensa entiende la trascendencia de conocer \u00abel punto en el cual estamos como naci\u00f3n y el camino a seguir para fortalecer las pol\u00edticas de las Fuerzas Armadas en DD. HH. y DIH\u00bb. Para lograrlo dispuso la participaci\u00f3n de las instituciones gubernamentales y de las organizaciones de la sociedad civil involucradas en el tema.<\/p>\n<p style=\"text-align: justify;\">Record\u00f3 que el Ministerio de Defensa cuenta con la UNADE, de la cual la escuela es parte para capacitar a soldados y civiles con cursos, diplomados, especialidad y maestr\u00eda en la tem\u00e1tica.<\/p>\n<p style=\"text-align: justify;\">Cepeda enfatiz\u00f3 que como instituci\u00f3n castrense la EGDDHHyDIH est\u00e1 enfocada en la formaci\u00f3n de los soldados por instrucci\u00f3n del alto mando para que el tema de los DD. HH. Y DIH sea la primera asignatura que se le imparta a todo el que entre a formar parte de las distintas ramas de las FF. AA dominicanas.<\/p>\n<\/div>\n<div style=\"text-align: justify;\"><\/div>\n<blockquote>\n<div>\n<p>\u201cEl excelent\u00edsimo se\u00f1or presidente constitucional de la rep\u00fablica Luis Rodolfo Abinader Corona, a trav\u00e9s del ministro de Defensa, instruy\u00f3 para que todo soldado tenga nociones b\u00e1sicas de lo que son los derechos humanos y que se fortalezcan los programas de diplomado, especialidad y maestr\u00eda en esa materia\u201d, resalt\u00f3.<\/p>\n<\/div>\n<\/blockquote>\n<div style=\"text-align: justify;\">\n<div style=\"text-align: justify;\">\n<p>Indic\u00f3 que como parte de ese esfuerzo a todas las unidades operativas se les entregan cartillas para que los efectivos militares conozcan la manera de conducirse en medio de las operaciones conjuntas que realizan en apoyo a la seguridad ciudadana.<\/p>\n<p><img decoding=\"async\" class=\"alignright lazyload\" data-src=\"https:\/\/blogger.googleusercontent.com\/img\/b\/R29vZ2xl\/AVvXsEjdy2diDZ7f3qb8KrhWK_O-aCbn4-NtZJzGTxjd4oy1yzur2pk5RjzsBtTZVYZSK5ftv_eiBdnbxrmYozckxeJ53Hc8SlHA5t6GUR3CX5QREWcrSZ__JCENR9FhCx9sbB2A7M5mZn6_QXJ5zifUgVMnOQtuP85RUA6XO27P2oBnD5QLz1MS4ezstOcudmb0\/s320\/IMG-20230921-WA0041.jpg\" src=\"data:image\/svg+xml;base64,PHN2ZyB3aWR0aD0iMSIgaGVpZ2h0PSIxIiB4bWxucz0iaHR0cDovL3d3dy53My5vcmcvMjAwMC9zdmciPjwvc3ZnPg==\" \/><\/p>\n<p>En el encuentro se revis\u00f3 la citada pol\u00edtica y se presentaron la \u201cEstrategia Nacional de Derechos Humanos relaci\u00f3n Fuerzas Armadas\u201d y el documento \u201cPol\u00edtica Integral de Derechos Humanos y Fuerzas Armadas\u201d.<\/p>\n<p>En la actividad participaron representantes del Senado de la Rep\u00fablica, C\u00e1mara de Diputados, de los ministerios de Defensa, de Relaciones Exteriores, de la Mujer, de Educaci\u00f3n de la Rep\u00fablica Dominicana (MINERD), de Econom\u00eda, Planificaci\u00f3n y Desarrollo.<\/p>\n<p>Tambi\u00e9n el de Educaci\u00f3n Superior, Ciencia y Tecnolog\u00eda (MESCYT), de Salud P\u00fablica y Asistencia Social, de Cultura, de la Juventud, de Interior y Polic\u00eda, la Suprema Corte de Justicia, el Tribunal Constitucional y la Procuradur\u00eda General de la Rep\u00fablica.<\/p>\n<p>Tambi\u00e9n el Comit\u00e9 Internacional de la Cruz Roja, el Defensor del Pueblo, la Oficina Nacional de Defensa P\u00fablica, el Instituto Nacional de las Migraciones y la Comisi\u00f3n Nacional de los Derechos Humanos, entre otras.<\/p>\n<p>&nbsp;<\/p>\n<p>Fuente: MIDE<\/p>\n<\/div>\n<\/div>\n<div class=\"separator\" style=\"text-align: justify;\"><\/div>\n","protected":false},"excerpt":{"rendered":"<p>Por Felix Rubio SANTO DOMINGO.- La Universidad Nacional para la Defensa (UNADE), a trav\u00e9s de<\/p>\n","protected":false},"author":1,"featured_media":0,"comment_status":"open","ping_status":"open","sticky":false,"template":"","format":"standard","meta":{"footnotes":""},"categories":[7],"tags":[],"class_list":["post-6889","post","type-post","status-publish","format-standard","hentry","category-nacionales"],"_links":{"self":[{"href":"https:\/\/defrentealaverdad.com\/index.php\/wp-json\/wp\/v2\/posts\/6889","targetHints":{"allow":["GET"]}}],"collection":[{"href":"https:\/\/defrentealaverdad.com\/index.php\/wp-json\/wp\/v2\/posts"}],"about":[{"href":"https:\/\/defrentealaverdad.com\/index.php\/wp-json\/wp\/v2\/types\/post"}],"author":[{"embeddable":true,"href":"https:\/\/defrentealaverdad.com\/index.php\/wp-json\/wp\/v2\/users\/1"}],"replies":[{"embeddable":true,"href":"https:\/\/defrentealaverdad.com\/index.php\/wp-json\/wp\/v2\/comments?post=6889"}],"version-history":[{"count":3,"href":"https:\/\/defrentealaverdad.com\/index.php\/wp-json\/wp\/v2\/posts\/6889\/revisions"}],"predecessor-version":[{"id":6892,"href":"https:\/\/defrentealaverdad.com\/index.php\/wp-json\/wp\/v2\/posts\/6889\/revisions\/6892"}],"wp:attachment":[{"href":"https:\/\/defrentealaverdad.com\/index.php\/wp-json\/wp\/v2\/media?parent=6889"}],"wp:term":[{"taxonomy":"category","embeddable":true,"href":"https:\/\/defrentealaverdad.com\/index.php\/wp-json\/wp\/v2\/categories?post=6889"},{"taxonomy":"post_tag","embeddable":true,"href":"https:\/\/defrentealaverdad.com\/index.php\/wp-json\/wp\/v2\/tags?post=6889"}],"curies":[{"name":"wp","href":"https:\/\/api.w.org\/{rel}","templated":true}]}}