{"id":6886,"date":"2023-09-21T03:30:04","date_gmt":"2023-09-21T03:30:04","guid":{"rendered":"https:\/\/defrentealaverdad.com\/?p=6886"},"modified":"2023-09-22T03:31:28","modified_gmt":"2023-09-22T03:31:28","slug":"tribunal-superior-electoral-deja-en-estado-de-fallo-reservado-recurso-de-revision-en-otros-casos-libra-acta-de-desistimiento-y-aplaza-audiencia","status":"publish","type":"post","link":"https:\/\/defrentealaverdad.com\/index.php\/2023\/09\/21\/tribunal-superior-electoral-deja-en-estado-de-fallo-reservado-recurso-de-revision-en-otros-casos-libra-acta-de-desistimiento-y-aplaza-audiencia\/","title":{"rendered":"\u00a0Tribunal Superior Electoral deja en estado de fallo reservado \u201cRecurso de Revisi\u00f3n\u201d, en otros casos libra acta de desistimiento; y aplaza audiencia"},"content":{"rendered":"<div class=\"separator\"><a href=\"https:\/\/blogger.googleusercontent.com\/img\/b\/R29vZ2xl\/AVvXsEjEOABzxXDtOkzv1vY7ZasC5xvNeTfY3eQHLdTzbDibByHk0K5XYMHZoodW31XG4Q2UtVEBpwyQOGCvlzjfOQGKlLU11PS272qHlwfXR782i55ZHabPHxdabgtWbuXQtFnr7oe9spbUBoSXqov0B2IHmsA-auazFIMri-2wry5Ye6Cvx89gircFOHqvtIU-\/s1600\/WhatsApp%20Image%202023-09-21%20at%203.18.42%20PM.jpeg\"><img decoding=\"async\" class=\"alignleft lazyload\" data-src=\"https:\/\/blogger.googleusercontent.com\/img\/b\/R29vZ2xl\/AVvXsEjEOABzxXDtOkzv1vY7ZasC5xvNeTfY3eQHLdTzbDibByHk0K5XYMHZoodW31XG4Q2UtVEBpwyQOGCvlzjfOQGKlLU11PS272qHlwfXR782i55ZHabPHxdabgtWbuXQtFnr7oe9spbUBoSXqov0B2IHmsA-auazFIMri-2wry5Ye6Cvx89gircFOHqvtIU-\/s320\/WhatsApp%20Image%202023-09-21%20at%203.18.42%20PM.jpeg\" width=\"320\" height=\"200\" border=\"0\" data-original-height=\"1002\" data-original-width=\"1600\" src=\"data:image\/svg+xml;base64,PHN2ZyB3aWR0aD0iMSIgaGVpZ2h0PSIxIiB4bWxucz0iaHR0cDovL3d3dy53My5vcmcvMjAwMC9zdmciPjwvc3ZnPg==\" style=\"--smush-placeholder-width: 320px; --smush-placeholder-aspect-ratio: 320\/200;\" \/><\/a><\/div>\n<p style=\"text-align: justify;\"><strong><br \/>\nSanto Domingo. &#8211; <\/strong>El Tribunal Superior Electoral (TSE) dej\u00f3 en estado de fallo reservado el \u00abRecurso de Revisi\u00f3n\u00bb incoado por David Ovalles Torres, presidente del Movimiento Comunitario Pol\u00edtico \u00abNosotros Pa&#8217; Cu\u00e1ndo\u00bb, contra la se\u00f1ora Ver\u00f3nica Pereyra.<\/p>\n<p>El Tribunal, compuesto por el juez presidente, Ygnacio Pascual Camacho Hidalgo; y los jueces titulares Hermenegilda del Rosario Fondeur Ram\u00edrez; Rosa P\u00e9rez de Garc\u00eda; Pedro P. Yermenos Forastieri y Fernando Fern\u00e1ndez Cruz, otorg\u00f3 un plazo de cinco d\u00edas a ambas partes para que depositen sus respectivos escritos de fundamentaci\u00f3n de sus conclusiones. Vencido dicho plazo, el expediente queda en estado de ser fallado Para dictar el dispositivo, el Tribunal dispone de cinco d\u00edas y a partir de ah\u00ed, diez para motivar su sentencia.<\/p>\n<div class=\"separator\" style=\"text-align: justify;\"><a href=\"https:\/\/blogger.googleusercontent.com\/img\/b\/R29vZ2xl\/AVvXsEjCfULydlo3EacXybtkyfzpgOBG65kSUiF-UM_5kOV2qZzLbtmG2CgoEkPzWOzqMM-hqNSBFfosCkeKTcTz0WfDoGrB-Y-X_eNFtwCF9IwYxV1SbjNzPMoT7lJgMt1-dtrQv3IYrGF24tSEcdFRFddDttyvhSgP9piiXvZRe21Tmv8xVBl1XN4Ac8P4SbX3\/s1600\/WhatsApp%20Image%202023-09-21%20at%203.18.42%20PM%20(2).jpeg\"><img decoding=\"async\" class=\"alignright lazyload\" data-src=\"https:\/\/blogger.googleusercontent.com\/img\/b\/R29vZ2xl\/AVvXsEjCfULydlo3EacXybtkyfzpgOBG65kSUiF-UM_5kOV2qZzLbtmG2CgoEkPzWOzqMM-hqNSBFfosCkeKTcTz0WfDoGrB-Y-X_eNFtwCF9IwYxV1SbjNzPMoT7lJgMt1-dtrQv3IYrGF24tSEcdFRFddDttyvhSgP9piiXvZRe21Tmv8xVBl1XN4Ac8P4SbX3\/s320\/WhatsApp%20Image%202023-09-21%20at%203.18.42%20PM%20(2).jpeg\" width=\"320\" height=\"225\" border=\"0\" data-original-height=\"1126\" data-original-width=\"1600\" src=\"data:image\/svg+xml;base64,PHN2ZyB3aWR0aD0iMSIgaGVpZ2h0PSIxIiB4bWxucz0iaHR0cDovL3d3dy53My5vcmcvMjAwMC9zdmciPjwvc3ZnPg==\" style=\"--smush-placeholder-width: 320px; --smush-placeholder-aspect-ratio: 320\/225;\" \/><\/a><\/div>\n<p style=\"text-align: justify;\">Otras Decisiones<\/p>\n<p>En otras audiencias del jueves 21 de septiembre, el Tribunal Superior Electoral emiti\u00f3 dos sentencias adicionales: Libr\u00f3 acta del desistimiento respecto a la \u00abDemanda de nulidad contra la reserva de candidatura para director de la Junta Municipal de Mam\u00e1 Ting\u00f3, municipio de Yamas\u00e1, provincia de Monte\u00bb, realizado por el demandante, se\u00f1or Jos\u00e9 Dolores Trinidad Do\u00f1\u00e9.<\/p>\n<p>Declar\u00f3 el proceso libre de costas por la naturaleza de la materia de que se trata y orden\u00f3 el archivo definitivo del expediente en el cual, el demandado era el Partido Revolucionario Moderno (PRM).<\/p>\n<p>Por \u00faltimo, el Tribunal Superior Electoral fij\u00f3 para el 29 de septiembre el conocimiento de la \u00abDemanda en nulidad de precandidatura a diputado por la Circunscripci\u00f3n No. 6 Santo Domingo Norte\u00bb.<\/p>\n<p>Este aplazamiento fue para que las partes agoten una comunicaci\u00f3n rec\u00edproca de documentos y la secretar\u00eda del tribunal solicite el historial de las c\u00e9dulas \u00a0de identidad de las se\u00f1oras Carmen Sira Mej\u00eda Oviedo y Marelis Luisa Chalas Vel\u00e1squez, quienes son la parte demandada en este proceso.<\/p>\n<p>Los demandantes son los ciudadanos Esteban Mella G\u00f3mez y Mar\u00eda Lantigua \u00c1lvarez.<\/p>\n<p>&nbsp;<\/p>\n<p>Fuente: Informaciones a Nivel<\/p>\n","protected":false},"excerpt":{"rendered":"<p>Santo Domingo. &#8211; El Tribunal Superior Electoral (TSE) dej\u00f3 en estado de fallo reservado el<\/p>\n","protected":false},"author":1,"featured_media":0,"comment_status":"open","ping_status":"open","sticky":false,"template":"","format":"standard","meta":{"footnotes":""},"categories":[7],"tags":[],"class_list":["post-6886","post","type-post","status-publish","format-standard","hentry","category-nacionales"],"_links":{"self":[{"href":"https:\/\/defrentealaverdad.com\/index.php\/wp-json\/wp\/v2\/posts\/6886","targetHints":{"allow":["GET"]}}],"collection":[{"href":"https:\/\/defrentealaverdad.com\/index.php\/wp-json\/wp\/v2\/posts"}],"about":[{"href":"https:\/\/defrentealaverdad.com\/index.php\/wp-json\/wp\/v2\/types\/post"}],"author":[{"embeddable":true,"href":"https:\/\/defrentealaverdad.com\/index.php\/wp-json\/wp\/v2\/users\/1"}],"replies":[{"embeddable":true,"href":"https:\/\/defrentealaverdad.com\/index.php\/wp-json\/wp\/v2\/comments?post=6886"}],"version-history":[{"count":2,"href":"https:\/\/defrentealaverdad.com\/index.php\/wp-json\/wp\/v2\/posts\/6886\/revisions"}],"predecessor-version":[{"id":6888,"href":"https:\/\/defrentealaverdad.com\/index.php\/wp-json\/wp\/v2\/posts\/6886\/revisions\/6888"}],"wp:attachment":[{"href":"https:\/\/defrentealaverdad.com\/index.php\/wp-json\/wp\/v2\/media?parent=6886"}],"wp:term":[{"taxonomy":"category","embeddable":true,"href":"https:\/\/defrentealaverdad.com\/index.php\/wp-json\/wp\/v2\/categories?post=6886"},{"taxonomy":"post_tag","embeddable":true,"href":"https:\/\/defrentealaverdad.com\/index.php\/wp-json\/wp\/v2\/tags?post=6886"}],"curies":[{"name":"wp","href":"https:\/\/api.w.org\/{rel}","templated":true}]}}