{"id":6831,"date":"2023-09-20T16:08:18","date_gmt":"2023-09-20T16:08:18","guid":{"rendered":"https:\/\/defrentealaverdad.com\/?p=6831"},"modified":"2023-09-20T16:08:18","modified_gmt":"2023-09-20T16:08:18","slug":"anuncian-5ta-edicion-del-festival-de-la-luna-fiesta-del-medio-otono","status":"publish","type":"post","link":"https:\/\/defrentealaverdad.com\/index.php\/2023\/09\/20\/anuncian-5ta-edicion-del-festival-de-la-luna-fiesta-del-medio-otono\/","title":{"rendered":"Anuncian 5ta Edici\u00f3n del Festival de la Luna (Fiesta del Medio Oto\u00f1o)"},"content":{"rendered":"<div id=\"post-body\" class=\"post-body post-content\">\n<p style=\"text-align: justify;\">\n<div class=\"separator\" style=\"text-align: justify;\"><a href=\"https:\/\/blogger.googleusercontent.com\/img\/b\/R29vZ2xl\/AVvXsEicm4dStLK9l8Jpiwfg4wxLxKebSK5bZAdFKEPAzlR3bULu0qXP00raB8tAUYZus8GvT1ft-GcznHcEXOkQD8dgGNK7HDfDWOJamKReEBogto0idI1rgsICS2u5l1rw8sOhNjUIdtCWBXiYiNoms3OHORvRAraCfFfehu0PNa-c6boON-xh0aiAQ2ddTVs1\/s1600\/IMG-20230920-WA0124.jpg\"><img decoding=\"async\" class=\"lazy-yard alignleft lazyload\" data-src=\"https:\/\/blogger.googleusercontent.com\/img\/b\/R29vZ2xl\/AVvXsEicm4dStLK9l8Jpiwfg4wxLxKebSK5bZAdFKEPAzlR3bULu0qXP00raB8tAUYZus8GvT1ft-GcznHcEXOkQD8dgGNK7HDfDWOJamKReEBogto0idI1rgsICS2u5l1rw8sOhNjUIdtCWBXiYiNoms3OHORvRAraCfFfehu0PNa-c6boON-xh0aiAQ2ddTVs1\/s320\/IMG-20230920-WA0124.jpg=w352-h264-p-k-no-nu\" width=\"320\" height=\"240\" border=\"0\" data-original-height=\"1200\" data-original-width=\"1600\" src=\"data:image\/svg+xml;base64,PHN2ZyB3aWR0aD0iMSIgaGVpZ2h0PSIxIiB4bWxucz0iaHR0cDovL3d3dy53My5vcmcvMjAwMC9zdmciPjwvc3ZnPg==\" style=\"--smush-placeholder-width: 320px; --smush-placeholder-aspect-ratio: 320\/240;\" \/><\/a><\/div>\n<p style=\"text-align: justify;\">A realizarse el s\u00e1bado 30 de septiembre En el Club Naval para Oficiales de la Armada en Sans Souci.<\/p>\n<p style=\"text-align: justify;\">Santo Domingo, martes 19 de septiembre 2023.- La Fundaci\u00f3n Jade Pro Comunidad China conjuntamente con la Alcald\u00eda de Santo Domingo Este anuncian para el s\u00e1bado 30 de este mes, la celebraci\u00f3n de la 5ta. Edici\u00f3n del Festival de la Luna o Fiesta del Medio Oto\u00f1o, en el Club Naval para Oficiales de la Armada en Sans Souci, a las 7:00 de la noche.<\/p>\n<p style=\"text-align: justify;\">Ocasi\u00f3n propicia tambi\u00e9n para festejar el 74\u00ba aniversario de la Fundaci\u00f3n de la Rep\u00fablica Popular China. El festival de la Luna o fiesta del medio oto\u00f1o, es la segunda festividad m\u00e1s importante del calendario lunar chino pues simboliza la uni\u00f3n entre familia y amigos y se da gracias.<\/p>\n<p style=\"text-align: justify;\">En el pa\u00eds, de manera abierta y popular, se empez\u00f3 a celebrar desde 2019 de la mano de la Rep\u00fablica Popular China a trav\u00e9s de la ejecutoria de la Fundaci\u00f3n Jade Pro-Comunidad China.<\/p>\n<p style=\"text-align: justify;\">Durante el Festival de la Luna se comparte el famoso pastel de la luna que se presenta con una gran variedad de rellenos, acto que simboliza la unidad, lo absoluto y el cielo en relaci\u00f3n con la tierra.<\/p>\n<p style=\"text-align: justify;\">Al final del significativo encuentro, se lanzan globos de cantoya color rojos al cielo (tambi\u00e9n conocidos como globos de deseos o linternas de Kongming) que contienen una vela adentro y se lanzan al cielo expresando un deseo que espera ser cumplido.<\/p>\n<p style=\"text-align: justify;\">La nutrida cartelera art\u00edstica contar\u00e1 con la participaci\u00f3n de los leones y dragones chinos, el grupo de Kung Fu Drag\u00f3n de Jade, Violeta Joa con Las Damas del Taichi, la cantautora dominicana Henya, la instrumentista del guzheng, Peipei Zhang, la cantante Maggie Rodr\u00edguez, Dennis \u00c1ngeles con el grupo folcl\u00f3rico Sangre Mulata, exhibici\u00f3n de trajes de etnias chinas, desfile de hanfu con descendientes chinos, degustaciones y por supuesto, concluir\u00e1 con el lanzamiento de globos al cielo por parte de todos los presentes.<\/p>\n<p style=\"text-align: justify;\">Para adquirir sus boletas solo deben contactar a la Fundaci\u00f3n Jade a trav\u00e9s de su cuenta de Instagram: @JadeFundacionsdq, o llamar al 809-984-3331.<\/p>\n<\/div>\n<p>Fuente: Fundaci\u00f3n Jade<\/p>\n","protected":false},"excerpt":{"rendered":"<p>A realizarse el s\u00e1bado 30 de septiembre En el Club Naval para Oficiales de la<\/p>\n","protected":false},"author":2,"featured_media":0,"comment_status":"open","ping_status":"open","sticky":false,"template":"","format":"standard","meta":{"footnotes":""},"categories":[7],"tags":[],"class_list":["post-6831","post","type-post","status-publish","format-standard","hentry","category-nacionales"],"_links":{"self":[{"href":"https:\/\/defrentealaverdad.com\/index.php\/wp-json\/wp\/v2\/posts\/6831","targetHints":{"allow":["GET"]}}],"collection":[{"href":"https:\/\/defrentealaverdad.com\/index.php\/wp-json\/wp\/v2\/posts"}],"about":[{"href":"https:\/\/defrentealaverdad.com\/index.php\/wp-json\/wp\/v2\/types\/post"}],"author":[{"embeddable":true,"href":"https:\/\/defrentealaverdad.com\/index.php\/wp-json\/wp\/v2\/users\/2"}],"replies":[{"embeddable":true,"href":"https:\/\/defrentealaverdad.com\/index.php\/wp-json\/wp\/v2\/comments?post=6831"}],"version-history":[{"count":1,"href":"https:\/\/defrentealaverdad.com\/index.php\/wp-json\/wp\/v2\/posts\/6831\/revisions"}],"predecessor-version":[{"id":6832,"href":"https:\/\/defrentealaverdad.com\/index.php\/wp-json\/wp\/v2\/posts\/6831\/revisions\/6832"}],"wp:attachment":[{"href":"https:\/\/defrentealaverdad.com\/index.php\/wp-json\/wp\/v2\/media?parent=6831"}],"wp:term":[{"taxonomy":"category","embeddable":true,"href":"https:\/\/defrentealaverdad.com\/index.php\/wp-json\/wp\/v2\/categories?post=6831"},{"taxonomy":"post_tag","embeddable":true,"href":"https:\/\/defrentealaverdad.com\/index.php\/wp-json\/wp\/v2\/tags?post=6831"}],"curies":[{"name":"wp","href":"https:\/\/api.w.org\/{rel}","templated":true}]}}