{"id":6825,"date":"2023-09-20T16:05:35","date_gmt":"2023-09-20T16:05:35","guid":{"rendered":"https:\/\/defrentealaverdad.com\/?p=6825"},"modified":"2023-09-20T16:05:35","modified_gmt":"2023-09-20T16:05:35","slug":"salesianos-realizan-jornada-de-reforestacion","status":"publish","type":"post","link":"https:\/\/defrentealaverdad.com\/index.php\/2023\/09\/20\/salesianos-realizan-jornada-de-reforestacion\/","title":{"rendered":"Salesianos realizan jornada de reforestaci\u00f3n."},"content":{"rendered":"<p style=\"text-align: justify;\">En el marco del Campamento Ecol\u00f3gico Nacional Conexi\u00f3n, el pasado domingo 10 de septiembre, 160 j\u00f3venes representantes del Movimiento Ecol\u00f3gico Salesiano participaron en una jornada de reforestaci\u00f3n en la loma del Gancho, Villa Altagracia.<\/p>\n<p style=\"text-align: justify;\"><img decoding=\"async\" class=\"size-medium wp-image-6826 aligncenter lazyload\" data-src=\"https:\/\/defrentealaverdad.com\/wp-content\/uploads\/2023\/09\/WhatsApp-Image-2023-09-20-at-10.32.27-300x169.jpeg\" alt=\"\" width=\"300\" height=\"169\" data-srcset=\"https:\/\/defrentealaverdad.com\/wp-content\/uploads\/2023\/09\/WhatsApp-Image-2023-09-20-at-10.32.27-300x169.jpeg 300w, https:\/\/defrentealaverdad.com\/wp-content\/uploads\/2023\/09\/WhatsApp-Image-2023-09-20-at-10.32.27-768x432.jpeg 768w, https:\/\/defrentealaverdad.com\/wp-content\/uploads\/2023\/09\/WhatsApp-Image-2023-09-20-at-10.32.27-800x450.jpeg 800w, https:\/\/defrentealaverdad.com\/wp-content\/uploads\/2023\/09\/WhatsApp-Image-2023-09-20-at-10.32.27.jpeg 1024w\" data-sizes=\"(max-width: 300px) 100vw, 300px\" src=\"data:image\/svg+xml;base64,PHN2ZyB3aWR0aD0iMSIgaGVpZ2h0PSIxIiB4bWxucz0iaHR0cDovL3d3dy53My5vcmcvMjAwMC9zdmciPjwvc3ZnPg==\" style=\"--smush-placeholder-width: 300px; --smush-placeholder-aspect-ratio: 300\/169;\" \/><\/p>\n<p style=\"text-align: justify;\">Durante esta jornada, los j\u00f3venes de los ambientes salesianos plantaron un total de 5,000 \u00e1rboles, entre pinos y melina, en un esfuerzo por contribuir al Plan Nacional de Reforestaci\u00f3n y apoyar la labor de la direcci\u00f3n municipal del Ministerio de Medio Ambiente, a quienes agradecen por su colaboraci\u00f3n y respaldo en esta iniciativa.<\/p>\n<p style=\"text-align: justify;\">Con esta actividad, los salesianos de Don Bosco buscan acompa\u00f1ar a los j\u00f3venes en la construcci\u00f3n de un futuro sostenible, con la certeza de que las cosas pueden cambiar y les animan a asumir el reto de ser la generaci\u00f3n del cambio.<\/p>\n<p style=\"text-align: justify;\">La reforestaci\u00f3n es una medida fundamental para preservar nuestros recursos naturales y mitigar los efectos del cambio clim\u00e1tico. El Movimiento Ecol\u00f3gico Salesiano se enorgullece de haber llevado a cabo esta importante jornada, en la cual los j\u00f3venes participantes demostraron su compromiso con el cuidado del medio ambiente e hicieron su valioso aporte al desarrollo sostenible de nuestro pa\u00eds.<\/p>\n<p style=\"text-align: justify;\">Jean Carlos Castillo, coordinador del Movimiento Ecol\u00f3gico Salesiano, agradece a todos los j\u00f3venes que participaron en esta actividad y a las autoridades del Ministerio de Medio Ambiente por su apoyo y asegura que seguir\u00e1n trabajando para fomentar la conciencia ecol\u00f3gica entre la juventud y promoviendo acciones concretas para el cuidado de la casa com\u00fan.<\/p>\n<blockquote>\n<p style=\"text-align: center;\">\u00a1Juntos podemos construir un mundo mejor para las futuras generaciones!<\/p>\n<\/blockquote>\n<p>Fuente: Movimiento Ecol\u00f3gico Salesiano<\/p>\n","protected":false},"excerpt":{"rendered":"<p>En el marco del Campamento Ecol\u00f3gico Nacional Conexi\u00f3n, el pasado domingo 10 de septiembre, 160<\/p>\n","protected":false},"author":2,"featured_media":0,"comment_status":"open","ping_status":"open","sticky":false,"template":"","format":"standard","meta":{"footnotes":""},"categories":[233,7],"tags":[],"class_list":["post-6825","post","type-post","status-publish","format-standard","hentry","category-medio-ambiente","category-nacionales"],"_links":{"self":[{"href":"https:\/\/defrentealaverdad.com\/index.php\/wp-json\/wp\/v2\/posts\/6825","targetHints":{"allow":["GET"]}}],"collection":[{"href":"https:\/\/defrentealaverdad.com\/index.php\/wp-json\/wp\/v2\/posts"}],"about":[{"href":"https:\/\/defrentealaverdad.com\/index.php\/wp-json\/wp\/v2\/types\/post"}],"author":[{"embeddable":true,"href":"https:\/\/defrentealaverdad.com\/index.php\/wp-json\/wp\/v2\/users\/2"}],"replies":[{"embeddable":true,"href":"https:\/\/defrentealaverdad.com\/index.php\/wp-json\/wp\/v2\/comments?post=6825"}],"version-history":[{"count":1,"href":"https:\/\/defrentealaverdad.com\/index.php\/wp-json\/wp\/v2\/posts\/6825\/revisions"}],"predecessor-version":[{"id":6827,"href":"https:\/\/defrentealaverdad.com\/index.php\/wp-json\/wp\/v2\/posts\/6825\/revisions\/6827"}],"wp:attachment":[{"href":"https:\/\/defrentealaverdad.com\/index.php\/wp-json\/wp\/v2\/media?parent=6825"}],"wp:term":[{"taxonomy":"category","embeddable":true,"href":"https:\/\/defrentealaverdad.com\/index.php\/wp-json\/wp\/v2\/categories?post=6825"},{"taxonomy":"post_tag","embeddable":true,"href":"https:\/\/defrentealaverdad.com\/index.php\/wp-json\/wp\/v2\/tags?post=6825"}],"curies":[{"name":"wp","href":"https:\/\/api.w.org\/{rel}","templated":true}]}}