{"id":6814,"date":"2023-09-20T13:41:12","date_gmt":"2023-09-20T13:41:12","guid":{"rendered":"https:\/\/defrentealaverdad.com\/?p=6814"},"modified":"2023-09-20T13:41:12","modified_gmt":"2023-09-20T13:41:12","slug":"yeimy-diaz-se-destaca-como-escenografo-de-grandes-espectaculos","status":"publish","type":"post","link":"https:\/\/defrentealaverdad.com\/index.php\/2023\/09\/20\/yeimy-diaz-se-destaca-como-escenografo-de-grandes-espectaculos\/","title":{"rendered":"\u00a0Yeimy D\u00edaz se destaca como escen\u00f3grafo de grandes espect\u00e1culos"},"content":{"rendered":"<div class=\"separator\" style=\"text-align: justify;\"><a href=\"https:\/\/blogger.googleusercontent.com\/img\/b\/R29vZ2xl\/AVvXsEhi-pm55u4JOnocTet0Oq_pO3GtkNmrJ4n-abcQz1-bNgXFoH3Lb_zh1CnVV_ZP8qN9hodE1UnJXCI-M9B_06rARCw1lrKtyPqiaN0UMa7tcZ4tpjRoFq-NipnfD5okkcPpjUCtajMIG9R6cDK6CewYpYt3o4v-ExsjnBjcqwGwYRBXmtTOB0MvQC1zhw-4\/s1280\/YE%205.jpg\"><img decoding=\"async\" class=\"alignleft lazyload\" data-src=\"https:\/\/blogger.googleusercontent.com\/img\/b\/R29vZ2xl\/AVvXsEhi-pm55u4JOnocTet0Oq_pO3GtkNmrJ4n-abcQz1-bNgXFoH3Lb_zh1CnVV_ZP8qN9hodE1UnJXCI-M9B_06rARCw1lrKtyPqiaN0UMa7tcZ4tpjRoFq-NipnfD5okkcPpjUCtajMIG9R6cDK6CewYpYt3o4v-ExsjnBjcqwGwYRBXmtTOB0MvQC1zhw-4\/s320\/YE%205.jpg\" width=\"263\" height=\"320\" border=\"0\" data-original-height=\"1280\" data-original-width=\"1052\" src=\"data:image\/svg+xml;base64,PHN2ZyB3aWR0aD0iMSIgaGVpZ2h0PSIxIiB4bWxucz0iaHR0cDovL3d3dy53My5vcmcvMjAwMC9zdmciPjwvc3ZnPg==\" style=\"--smush-placeholder-width: 263px; --smush-placeholder-aspect-ratio: 263\/320;\" \/><\/a><\/div>\n<p style=\"text-align: justify;\">\u00a0Santo Domingo, R.D. Gracias a su talento, preparaci\u00f3n acad\u00e9mica, entrega, disciplina y visi\u00f3n a futuro, Yeimy D\u00edaz se ha convertido en uno de los escen\u00f3grafos m\u00e1s solicitado por los productores de grandes espect\u00e1culos nacionales, para que la creaci\u00f3n de sus puestas en escena resulten exitosas.<\/p>\n<p>\u00abHa sido largo y lleno de retos el camino recorrido durante estos 15 a\u00f1os como escen\u00f3grafo; siempre apostando a la preparaci\u00f3n continua y a dar lo mejor de m\u00ed, en cada propuesta que me presentan\u00bb, extern\u00f3, emocionado, D\u00edaz.<\/p>\n<p style=\"text-align: justify;\">Y es que, adem\u00e1s del \u00e1rea de la escenograf\u00eda, este Lic. en Publicidad tambi\u00e9n ha dejado su impronta como dise\u00f1ador de Producci\u00f3n y director de Arte, lo que le ha permitido trabajar de la mano con reconocidos directores y productores de teatro, televisi\u00f3n y cine.<\/p>\n<p>\u201cMi trabajo va desde la creaci\u00f3n del concepto general hasta el desarrollo, en todo lo que tiene que ver con la visual: dise\u00f1ar los escenarios y crear la est\u00e9tica general, elecci\u00f3n de la paleta de colores y la iluminaci\u00f3n\u00bb,\u00a0 explic\u00f3 el profesional.<\/p>\n<div class=\"separator\" style=\"text-align: justify;\"><a href=\"https:\/\/blogger.googleusercontent.com\/img\/b\/R29vZ2xl\/AVvXsEh8ulg_BrYSxv3hWoAuuPuTjh4eZ6UOAzm7PJswfU2hbl34sF27CV52y5yyl8ss3pvIySO0hccrPrPNw_vCWYjF0_DMY_5qSjhbV_BxJgBiBLOHOTmZBxq3dAQM8PZ-FjMxgj5tcXOyCv0vIRQdzGn8oW455n2PMGToRM4IsqrMSp3MqcjVEhlll6nZAvZT\/s1280\/YE%204.jpg\"><img decoding=\"async\" class=\"alignright lazyload\" data-src=\"https:\/\/blogger.googleusercontent.com\/img\/b\/R29vZ2xl\/AVvXsEh8ulg_BrYSxv3hWoAuuPuTjh4eZ6UOAzm7PJswfU2hbl34sF27CV52y5yyl8ss3pvIySO0hccrPrPNw_vCWYjF0_DMY_5qSjhbV_BxJgBiBLOHOTmZBxq3dAQM8PZ-FjMxgj5tcXOyCv0vIRQdzGn8oW455n2PMGToRM4IsqrMSp3MqcjVEhlll6nZAvZT\/s320\/YE%204.jpg\" width=\"247\" height=\"320\" border=\"0\" data-original-height=\"1280\" data-original-width=\"988\" src=\"data:image\/svg+xml;base64,PHN2ZyB3aWR0aD0iMSIgaGVpZ2h0PSIxIiB4bWxucz0iaHR0cDovL3d3dy53My5vcmcvMjAwMC9zdmciPjwvc3ZnPg==\" style=\"--smush-placeholder-width: 247px; --smush-placeholder-aspect-ratio: 247\/320;\" \/><\/a><\/div>\n<p style=\"text-align: justify;\">De igual manera, D\u00edaz explica que entre sus m\u00faltiples responsabilidades, seg\u00fan el proyecto, est\u00e1n las de \u201ccoordinar el trabajo de todas las personas que integran los departamentos de arte, dirigir la realizaci\u00f3n de la escenograf\u00eda y su posterior montaje\u00bb.<\/p>\n<p>Por eso no sorprende que su nombre aparezca en los cr\u00e9ditos de la mayor\u00eda de los espect\u00e1culos, obras y musicales, exitosos, que se han presentado, en el pa\u00eds, durante los \u00faltimos a\u00f1os.<\/p>\n<p>\u201cMi portafolio incluye propuestas tales como:\u00a0 \u201cIn the Heights\u201d, \u201cEl \u00faltimo instante\u201d, \u201cLa tiendita del horror\u201d, \u201cCenicienta\u201d, \u201cLa Bella y la Bestia\u201d, \u201cLegalmente rubia\u201d, \u201cDisney en concierto\u201d, \u201cDisco Forever\u201d, \u201cClu, una parodia del juego\u201d, \u201cGordos el musical y Grease el musical, que se presentar\u00e1 desde este 21 de septiembre en el Teatro Nacional, donde tengo a cargo el dise\u00f1o de la producci\u00f3n, dise\u00f1o de la escenograf\u00eda y la direcci\u00f3n t\u00e9cnica\u00bb, detall\u00f3.<\/p>\n<p style=\"text-align: justify;\">De igual manera, Yeimy, quien en su preparaci\u00f3n acad\u00e9mica ha realizado estudios de artes pl\u00e1sticas, espacios artesanales, teatro y danza, cre\u00f3 la museograf\u00eda e instalaciones para algunas salas en el Museo Bella Mare, Museo del Tabaco y el Museo Trampol\u00edn.<\/p>\n<p style=\"text-align: justify;\">Asimismo, este emprendedor artista es el fundador y dise\u00f1ador principal de Diro Design Studio, un estudio de dise\u00f1o 360, centrado en crear experiencias inmersivas para teatros, televisi\u00f3n, cine, museos, espacios comerciales y marcas corporativas, desde donde colabora, activamente, con producciones y marcas nacionales e internacionales.<\/p>\n<p>&nbsp;<\/p>\n<p>Fuente: Informaciones a nivel<\/p>\n","protected":false},"excerpt":{"rendered":"<p>\u00a0Santo Domingo, R.D. Gracias a su talento, preparaci\u00f3n acad\u00e9mica, entrega, disciplina y visi\u00f3n a futuro,<\/p>\n","protected":false},"author":2,"featured_media":0,"comment_status":"open","ping_status":"open","sticky":false,"template":"","format":"standard","meta":{"footnotes":""},"categories":[6,7],"tags":[],"class_list":["post-6814","post","type-post","status-publish","format-standard","hentry","category-espectaculos","category-nacionales"],"_links":{"self":[{"href":"https:\/\/defrentealaverdad.com\/index.php\/wp-json\/wp\/v2\/posts\/6814","targetHints":{"allow":["GET"]}}],"collection":[{"href":"https:\/\/defrentealaverdad.com\/index.php\/wp-json\/wp\/v2\/posts"}],"about":[{"href":"https:\/\/defrentealaverdad.com\/index.php\/wp-json\/wp\/v2\/types\/post"}],"author":[{"embeddable":true,"href":"https:\/\/defrentealaverdad.com\/index.php\/wp-json\/wp\/v2\/users\/2"}],"replies":[{"embeddable":true,"href":"https:\/\/defrentealaverdad.com\/index.php\/wp-json\/wp\/v2\/comments?post=6814"}],"version-history":[{"count":1,"href":"https:\/\/defrentealaverdad.com\/index.php\/wp-json\/wp\/v2\/posts\/6814\/revisions"}],"predecessor-version":[{"id":6815,"href":"https:\/\/defrentealaverdad.com\/index.php\/wp-json\/wp\/v2\/posts\/6814\/revisions\/6815"}],"wp:attachment":[{"href":"https:\/\/defrentealaverdad.com\/index.php\/wp-json\/wp\/v2\/media?parent=6814"}],"wp:term":[{"taxonomy":"category","embeddable":true,"href":"https:\/\/defrentealaverdad.com\/index.php\/wp-json\/wp\/v2\/categories?post=6814"},{"taxonomy":"post_tag","embeddable":true,"href":"https:\/\/defrentealaverdad.com\/index.php\/wp-json\/wp\/v2\/tags?post=6814"}],"curies":[{"name":"wp","href":"https:\/\/api.w.org\/{rel}","templated":true}]}}