{"id":6774,"date":"2023-09-19T20:25:53","date_gmt":"2023-09-19T20:25:53","guid":{"rendered":"https:\/\/defrentealaverdad.com\/?p=6774"},"modified":"2023-09-19T20:25:53","modified_gmt":"2023-09-19T20:25:53","slug":"la-plataforma-mujeres-que-inspiran-unira-expertos-para-hablar-de-cancer-de-manera-integral","status":"publish","type":"post","link":"https:\/\/defrentealaverdad.com\/index.php\/2023\/09\/19\/la-plataforma-mujeres-que-inspiran-unira-expertos-para-hablar-de-cancer-de-manera-integral\/","title":{"rendered":"La plataforma Mujeres que Inspiran unir\u00e1 expertos para hablar de c\u00e1ncer de manera integral"},"content":{"rendered":"<div class=\"separator\"><a href=\"https:\/\/lh3.googleusercontent.com\/-Bkwn3aWPHPo\/ZQnv3wBXteI\/AAAAAAAByDA\/--1JcHuA4xoG_GpDyqjB123XyG2Sr7NvQCNcBGAsYHQ\/s1600\/IMG-20230919-WA0070.jpg\"><img decoding=\"async\" class=\"alignright lazyload\" data-src=\"https:\/\/lh3.googleusercontent.com\/-Bkwn3aWPHPo\/ZQnv3wBXteI\/AAAAAAAByDA\/--1JcHuA4xoG_GpDyqjB123XyG2Sr7NvQCNcBGAsYHQ\/s1600\/IMG-20230919-WA0070.jpg\" width=\"318\" height=\"320\" border=\"0\" data-original-height=\"1600\" data-original-width=\"1592\" src=\"data:image\/svg+xml;base64,PHN2ZyB3aWR0aD0iMSIgaGVpZ2h0PSIxIiB4bWxucz0iaHR0cDovL3d3dy53My5vcmcvMjAwMC9zdmciPjwvc3ZnPg==\" style=\"--smush-placeholder-width: 318px; --smush-placeholder-aspect-ratio: 318\/320;\" \/><\/a><\/div>\n<p dir=\"ltr\" style=\"text-align: justify;\">La plataforma Mujeres que Inspiran unir\u00e1 expertos para hablar de c\u00e1ncer de manera integral. La periodista Emelyn Baldera inform\u00f3 que\u00a0\u00a0el conversatorio se llevar\u00e1 a cabo el 19 de octubre<\/p>\n<p dir=\"ltr\" style=\"text-align: justify;\">Cada a\u00f1o el mes de octubre se viste de rosado para llamar la atenci\u00f3n sobre un tema que debe interesarnos a todos: el c\u00e1ncer.\u00a0 Partiendo de esta realidad de la que hay que hablar, la periodista Emelyn Baldera organiza bajo la plataforma Mujeres que Inspiran el conversatorio en el que intervendr\u00e1n expertos en el \u00e1rea que abordar\u00e1n la problem\u00e1tica desde diferentes \u00e1ngulos.<\/p>\n<p dir=\"ltr\" style=\"text-align: justify;\">\u201cLa idea es que abordemos el tema desde una manera proactiva y que al hacerlo podemos de igual manera, tocar puntos tan importantes como una alimentaci\u00f3n sana, la importancia de cuidar nuestro cuerpo y piel y tambi\u00e9n nuestra mente. Este conversatorio tiene como objetivo que podamos hacer un repaso integral a este tema que afecta a tantas mujeres en el mundo y en nuestro pa\u00eds\u201d, coment\u00f3 Emelyn Baldera, CEO de Mujeres que Inspiran.<\/p>\n<p dir=\"ltr\" style=\"text-align: justify;\">El conversatorio en el que participar\u00e1n, entre otros expertos, la doctora Taiana Ubi\u00f1as, especializada en nutrici\u00f3n y en vida sana, la gineco-obstetra Ircania Garc\u00eda, se llevar\u00e1 a cabo el 19 de octubre.<\/p>\n<p dir=\"ltr\" style=\"text-align: justify;\">\u00abEl c\u00e1ncer, una realidad de la que hay que hablar\u00bb busca crear un espacio seguro y acogedor donde se pueda intercambiar informaci\u00f3n valiosa, brindar apoyo y romper los tab\u00faes asociados con esta enfermedad que afecta a muchas mujeres en el pa\u00eds y el mundo y cuenta con el patrocinio de Farmaconal, AFP Reservas, Grupo Inicia, Sesderma Dominicana, Sup\u00e9rate, Centrimed, Cervecer\u00eda Nacional.<\/p>\n<p dir=\"ltr\" style=\"text-align: justify;\">La plataforma Mujeres que Inspiran est\u00e1 comprometida en seguir promoviendo la conciencia sobre esta enfermedad que afecta a muchas familias, partiendo de los datos que ofrece el Observatorio Global de C\u00e1ncer, que se\u00f1ala la incidencia de 59.1% por 100,000 y la mortalidad de 26.4% de la misma.<\/p>\n<p dir=\"ltr\" style=\"text-align: justify;\">Mujeres que Inspiran es una plataforma dedicada a visibilizar,\u00a0\u00a0empoderar, educar y brindar apoyo a las mujeres en diferentes aspectos de sus vidas. A trav\u00e9s de eventos, charlas, publicaciones y recursos en l\u00ednea. Lla plataforma busca promover la igualdad de g\u00e9nero, la autonom\u00eda y el bienestar de las mujeres en la sociedad\u00a0\u00a0y fue fundada el a\u00f1o 2020.<\/p>\n<p dir=\"ltr\" style=\"text-align: justify;\">\u201cLuego de nuestro primer programa de temporada visibilizando a mujeres con historias importantes, queremos llevar a cabo este conversatorio dado a que el c\u00e1ncer es un tema que me ha tocado muy de cerca. Perd\u00ed a mis dos padres de c\u00e1ncer, mi abuela, y otros familiares, en fin, es un tema con el que tengo un profundo compromiso y creo en esa comunicaci\u00f3n con prop\u00f3sito\u201d, sostuvo la expresidente de Acroarte.<\/p>\n<p dir=\"ltr\" style=\"text-align: justify;\">Emelyn Baldera a lo largo de su carrera se ha desempe\u00f1ado en diferentes \u00e1reas de la comunicaci\u00f3n, pasado del diarismo a la radio y\u00a0 televisi\u00f3n. Actualmente es la CEO de Mujeres que Inspiran, editora de Mujer &amp; Pol\u00edtica del semanario especializado Pa\u00eds Pol\u00edtico y comentarista en el programa radial \u201cEl Gobierno de la tarde\u201d de la emisora Z 101.3 FM.<\/p>\n<p dir=\"ltr\" style=\"text-align: justify;\">Adem\u00e1s de su trabajo en los medios de comunicaci\u00f3n, Baldera ha participado activamente en iniciativas sociales, sobre todo visibilizando a la mujer y su desempe\u00f1o en diferentes sectores.<\/p>\n<p dir=\"ltr\" style=\"text-align: justify;\">Su compromiso con la comunidad y su deseo de generar un impacto positivo la han llevado a colaborar con organizaciones sin fines de lucro y a participar en campa\u00f1as de concientizaci\u00f3n.<\/p>\n<p dir=\"ltr\" style=\"text-align: justify;\">\n<p dir=\"ltr\" style=\"text-align: justify;\">Fuente: @mujeresqueinspirandr<\/p>\n","protected":false},"excerpt":{"rendered":"<p>La plataforma Mujeres que Inspiran unir\u00e1 expertos para hablar de c\u00e1ncer de manera integral. La<\/p>\n","protected":false},"author":2,"featured_media":0,"comment_status":"open","ping_status":"open","sticky":false,"template":"","format":"standard","meta":{"footnotes":""},"categories":[7,221],"tags":[],"class_list":["post-6774","post","type-post","status-publish","format-standard","hentry","category-nacionales","category-salud"],"_links":{"self":[{"href":"https:\/\/defrentealaverdad.com\/index.php\/wp-json\/wp\/v2\/posts\/6774","targetHints":{"allow":["GET"]}}],"collection":[{"href":"https:\/\/defrentealaverdad.com\/index.php\/wp-json\/wp\/v2\/posts"}],"about":[{"href":"https:\/\/defrentealaverdad.com\/index.php\/wp-json\/wp\/v2\/types\/post"}],"author":[{"embeddable":true,"href":"https:\/\/defrentealaverdad.com\/index.php\/wp-json\/wp\/v2\/users\/2"}],"replies":[{"embeddable":true,"href":"https:\/\/defrentealaverdad.com\/index.php\/wp-json\/wp\/v2\/comments?post=6774"}],"version-history":[{"count":1,"href":"https:\/\/defrentealaverdad.com\/index.php\/wp-json\/wp\/v2\/posts\/6774\/revisions"}],"predecessor-version":[{"id":6775,"href":"https:\/\/defrentealaverdad.com\/index.php\/wp-json\/wp\/v2\/posts\/6774\/revisions\/6775"}],"wp:attachment":[{"href":"https:\/\/defrentealaverdad.com\/index.php\/wp-json\/wp\/v2\/media?parent=6774"}],"wp:term":[{"taxonomy":"category","embeddable":true,"href":"https:\/\/defrentealaverdad.com\/index.php\/wp-json\/wp\/v2\/categories?post=6774"},{"taxonomy":"post_tag","embeddable":true,"href":"https:\/\/defrentealaverdad.com\/index.php\/wp-json\/wp\/v2\/tags?post=6774"}],"curies":[{"name":"wp","href":"https:\/\/api.w.org\/{rel}","templated":true}]}}