{"id":6766,"date":"2023-09-19T20:24:21","date_gmt":"2023-09-19T20:24:21","guid":{"rendered":"https:\/\/defrentealaverdad.com\/?p=6766"},"modified":"2023-09-19T20:24:29","modified_gmt":"2023-09-19T20:24:29","slug":"la-oreja-media-celebra-artistas-nominados-al-latin-grammy","status":"publish","type":"post","link":"https:\/\/defrentealaverdad.com\/index.php\/2023\/09\/19\/la-oreja-media-celebra-artistas-nominados-al-latin-grammy\/","title":{"rendered":"La Oreja Media celebra artistas nominados al Latin Grammy"},"content":{"rendered":"<blockquote>\n<p style=\"text-align: justify;\">Techy Fatule, Manny Cruz, ilegales, Pavel N\u00fa\u00f1ez y Manny Manuel agradecen<\/p>\n<\/blockquote>\n<p style=\"text-align: justify;\"><img decoding=\"async\" class=\"size-medium wp-image-6767 alignleft lazyload\" data-src=\"https:\/\/defrentealaverdad.com\/wp-content\/uploads\/2023\/09\/WhatsApp-Image-2023-09-19-at-11.23.32-1-212x300.jpeg\" alt=\"\" width=\"212\" height=\"300\" data-srcset=\"https:\/\/defrentealaverdad.com\/wp-content\/uploads\/2023\/09\/WhatsApp-Image-2023-09-19-at-11.23.32-1-212x300.jpeg 212w, https:\/\/defrentealaverdad.com\/wp-content\/uploads\/2023\/09\/WhatsApp-Image-2023-09-19-at-11.23.32-1-724x1024.jpeg 724w, https:\/\/defrentealaverdad.com\/wp-content\/uploads\/2023\/09\/WhatsApp-Image-2023-09-19-at-11.23.32-1-768x1086.jpeg 768w, https:\/\/defrentealaverdad.com\/wp-content\/uploads\/2023\/09\/WhatsApp-Image-2023-09-19-at-11.23.32-1-1086x1536.jpeg 1086w, https:\/\/defrentealaverdad.com\/wp-content\/uploads\/2023\/09\/WhatsApp-Image-2023-09-19-at-11.23.32-1.jpeg 1131w\" data-sizes=\"(max-width: 212px) 100vw, 212px\" src=\"data:image\/svg+xml;base64,PHN2ZyB3aWR0aD0iMSIgaGVpZ2h0PSIxIiB4bWxucz0iaHR0cDovL3d3dy53My5vcmcvMjAwMC9zdmciPjwvc3ZnPg==\" style=\"--smush-placeholder-width: 212px; --smush-placeholder-aspect-ratio: 212\/300;\" \/><\/p>\n<p style=\"text-align: justify;\">SANTO DOMINGO.- La Oreja Media Group celebra la nominaci\u00f3n de los artistas Techy Fatule, Manny Cruz, ilegales, Pavel N\u00fa\u00f1ez y Manny Manuel, quienes forman parte de los postulados por La Academia en la edici\u00f3n del 2023 de los Latin Grammy.<\/p>\n<p style=\"text-align: justify;\">Con discos y canciones bajo la distribuci\u00f3n de La Oreja se encuentran nominados Techy Fatule en \u201cMejor Canci\u00f3n Tropical\u201d con \u201cQue me quedes t\u00fa\u201d, ilegales en \u201cMejor \u00c1lbum Tropical Contempor\u00e1neo\u201d por \u201cOtro color\u201d, mientras que en \u201cMejor \u00c1lbum Merengue \/ Bachata\u201d se encuentran los dominicanos Manny Cruz con \u201cCuatro26\u201d, Pavel N\u00fa\u00f1ez con \u201cTr\u00f3pico Vol. 2\u201d y el boricua Manny Manuel con \u201cRoad Trip\u201d.<\/p>\n<p style=\"text-align: justify;\">\u201cEste es mi sue\u00f1o. Lo manifest\u00e9. Lo trabaj\u00e9. Tengo muchos a\u00f1os de trabajo constante, trabajando en la calidad de mis canciones, creyendo en mi proyecto. Esta es una validaci\u00f3n de parte de la industria, de los premios m\u00e1s prestigiosos a seguir dando todo de m\u00ed y poniendo en alto nuestra m\u00fasica\u201d, manifest\u00f3 Techy Fatule, quien celebra su primera nominaci\u00f3n a los Grammy Latino.<img decoding=\"async\" class=\"size-medium wp-image-6770 alignright lazyload\" data-src=\"https:\/\/defrentealaverdad.com\/wp-content\/uploads\/2023\/09\/WhatsApp-Image-2023-09-19-at-11.23.32-300x300.jpeg\" alt=\"\" width=\"300\" height=\"300\" data-srcset=\"https:\/\/defrentealaverdad.com\/wp-content\/uploads\/2023\/09\/WhatsApp-Image-2023-09-19-at-11.23.32-300x300.jpeg 300w, https:\/\/defrentealaverdad.com\/wp-content\/uploads\/2023\/09\/WhatsApp-Image-2023-09-19-at-11.23.32-150x150.jpeg 150w, https:\/\/defrentealaverdad.com\/wp-content\/uploads\/2023\/09\/WhatsApp-Image-2023-09-19-at-11.23.32-768x768.jpeg 768w, https:\/\/defrentealaverdad.com\/wp-content\/uploads\/2023\/09\/WhatsApp-Image-2023-09-19-at-11.23.32.jpeg 1024w\" data-sizes=\"(max-width: 300px) 100vw, 300px\" src=\"data:image\/svg+xml;base64,PHN2ZyB3aWR0aD0iMSIgaGVpZ2h0PSIxIiB4bWxucz0iaHR0cDovL3d3dy53My5vcmcvMjAwMC9zdmciPjwvc3ZnPg==\" style=\"--smush-placeholder-width: 300px; --smush-placeholder-aspect-ratio: 300\/300;\" \/><\/p>\n<p style=\"text-align: justify;\">\u201cEstoy muy feliz y gratamente sorprendido. Este \u00e1lbum lo trabaj\u00e9 con mucha pasi\u00f3n y dedicaci\u00f3n para todo mi p\u00fablico. Agradecido de mis amigos Milly Quezada, Zacar\u00edas Ferreiras, Youmaico y Jandy Ventura que a trav\u00e9s de sus lindas colaboraciones le dieron un toque especial al \u00e1lbum. Y gracias a mis m\u00fasicos y a todo mi equipo que hicieron posible el nacimiento de este disco que hoy me brinda una 6ta nominaci\u00f3n a los Latin Grammy\u201d. agreg\u00f3 Manny Cruz.<\/p>\n<p style=\"text-align: justify;\">\u201cEsto es el resultado de una b\u00fasqueda constante, a casi 30 a\u00f1os de carrera seguimos con la misma pasi\u00f3n del primer d\u00eda. Una nominaci\u00f3n al Lat\u00edn Grammy siempre nos llena de satisfacci\u00f3n, pero esta tiene un sentimiento muy especial por ser un \u00e1lbum producido por Bryan Dotel, mi hijo\u201d, sostuvo Vladimir Dotel, de ilegales.<\/p>\n<p style=\"text-align: justify;\">Techy Fatule, Manny Cruz, Ilegales, Pavel N\u00fa\u00f1ez y Manny Manuel son artistas que cuentan con la distribuci\u00f3n de La Oreja Media group.<\/p>\n<p style=\"text-align: justify;\">\n<p style=\"text-align: justify;\">\n<p style=\"text-align: justify;\">Fuente: Oreja Media Group<\/p>\n","protected":false},"excerpt":{"rendered":"<p>Techy Fatule, Manny Cruz, ilegales, Pavel N\u00fa\u00f1ez y Manny Manuel agradecen SANTO DOMINGO.- La Oreja<\/p>\n","protected":false},"author":2,"featured_media":0,"comment_status":"open","ping_status":"open","sticky":false,"template":"","format":"standard","meta":{"footnotes":""},"categories":[6,7],"tags":[],"class_list":["post-6766","post","type-post","status-publish","format-standard","hentry","category-espectaculos","category-nacionales"],"_links":{"self":[{"href":"https:\/\/defrentealaverdad.com\/index.php\/wp-json\/wp\/v2\/posts\/6766","targetHints":{"allow":["GET"]}}],"collection":[{"href":"https:\/\/defrentealaverdad.com\/index.php\/wp-json\/wp\/v2\/posts"}],"about":[{"href":"https:\/\/defrentealaverdad.com\/index.php\/wp-json\/wp\/v2\/types\/post"}],"author":[{"embeddable":true,"href":"https:\/\/defrentealaverdad.com\/index.php\/wp-json\/wp\/v2\/users\/2"}],"replies":[{"embeddable":true,"href":"https:\/\/defrentealaverdad.com\/index.php\/wp-json\/wp\/v2\/comments?post=6766"}],"version-history":[{"count":2,"href":"https:\/\/defrentealaverdad.com\/index.php\/wp-json\/wp\/v2\/posts\/6766\/revisions"}],"predecessor-version":[{"id":6772,"href":"https:\/\/defrentealaverdad.com\/index.php\/wp-json\/wp\/v2\/posts\/6766\/revisions\/6772"}],"wp:attachment":[{"href":"https:\/\/defrentealaverdad.com\/index.php\/wp-json\/wp\/v2\/media?parent=6766"}],"wp:term":[{"taxonomy":"category","embeddable":true,"href":"https:\/\/defrentealaverdad.com\/index.php\/wp-json\/wp\/v2\/categories?post=6766"},{"taxonomy":"post_tag","embeddable":true,"href":"https:\/\/defrentealaverdad.com\/index.php\/wp-json\/wp\/v2\/tags?post=6766"}],"curies":[{"name":"wp","href":"https:\/\/api.w.org\/{rel}","templated":true}]}}