{"id":6762,"date":"2023-09-19T20:21:14","date_gmt":"2023-09-19T20:21:14","guid":{"rendered":"https:\/\/defrentealaverdad.com\/?p=6762"},"modified":"2023-09-19T20:23:18","modified_gmt":"2023-09-19T20:23:18","slug":"6762","status":"publish","type":"post","link":"https:\/\/defrentealaverdad.com\/index.php\/2023\/09\/19\/6762\/","title":{"rendered":"Manuel Campo Vidal: \u201cLos debates electorales son un g\u00e9nero period\u00edstico de alto impacto medi\u00e1tico\u201d"},"content":{"rendered":"<blockquote>\n<p style=\"text-align: justify;\">As\u00ed lo asegura el Dr. Manuel Campo Vidal, periodista, presidente de Next Educaci\u00f3n, que junto a la UNICARIBE y la Universidad de Lleida lleva a cabo en el pa\u00eds la maestr\u00eda internacional en Comunicaci\u00f3n Pol\u00edtica y Marketing Digital.<\/p>\n<p><span style=\"text-align: justify;\">Santo Domingo.- La presentaci\u00f3n magistral \u201cDebates Electorales\u201d, organizada por el M\u00e1ster en Comunicaci\u00f3n Pol\u00edtica y Marketing Digital de la Universidad del Caribe (UNICARIBE) y la entidad espa\u00f1ola Next Educaci\u00f3n inici\u00f3 el di\u00e1logo respecto a la importancia de la implementaci\u00f3n de este recurso en el contexto pol\u00edtico dominicano.<\/span><\/p>\n<p><img decoding=\"async\" class=\"wp-image-6768 alignleft lazyload\" data-src=\"https:\/\/defrentealaverdad.com\/wp-content\/uploads\/2023\/09\/WhatsApp-Image-2023-09-19-at-14.44.09-300x200.jpeg\" alt=\"\" width=\"368\" height=\"245\" data-srcset=\"https:\/\/defrentealaverdad.com\/wp-content\/uploads\/2023\/09\/WhatsApp-Image-2023-09-19-at-14.44.09-300x200.jpeg 300w, https:\/\/defrentealaverdad.com\/wp-content\/uploads\/2023\/09\/WhatsApp-Image-2023-09-19-at-14.44.09-1024x682.jpeg 1024w, https:\/\/defrentealaverdad.com\/wp-content\/uploads\/2023\/09\/WhatsApp-Image-2023-09-19-at-14.44.09-768x512.jpeg 768w, https:\/\/defrentealaverdad.com\/wp-content\/uploads\/2023\/09\/WhatsApp-Image-2023-09-19-at-14.44.09-1536x1023.jpeg 1536w, https:\/\/defrentealaverdad.com\/wp-content\/uploads\/2023\/09\/WhatsApp-Image-2023-09-19-at-14.44.09.jpeg 1600w\" data-sizes=\"(max-width: 368px) 100vw, 368px\" src=\"data:image\/svg+xml;base64,PHN2ZyB3aWR0aD0iMSIgaGVpZ2h0PSIxIiB4bWxucz0iaHR0cDovL3d3dy53My5vcmcvMjAwMC9zdmciPjwvc3ZnPg==\" style=\"--smush-placeholder-width: 368px; --smush-placeholder-aspect-ratio: 368\/245;\" \/><\/p><\/blockquote>\n<p style=\"text-align: justify;\">El canciller de UNICARIBE, Mtr. Jos\u00e9 Alejandro Aybar M., destac\u00f3 el valor de los debates como fuentes primeras de informaci\u00f3n sobre de las propuestas de los candidatos, al proporcionar a la sociedad la oportunidad de evaluar su elecci\u00f3n de voto. \u201cEn lo adelante, organizaremos debates, en favor del crecimiento del \u00e1mbito pol\u00edtico dominicano\u201d, prometi\u00f3.<\/p>\n<blockquote>\n<p style=\"text-align: justify;\">\u201cEstamos convencidos de que fomentar la cultura del debate es fundamental en nuestro pa\u00eds, un trabajo que debe realizarse especialmente a trav\u00e9s de las instituciones de educaci\u00f3n superior, desde la sociedad civil y desde los propios partidos pol\u00edticos\u201d, expres\u00f3 al respecto Altagracia Tav\u00e1rez, directora de la carrera de Administraci\u00f3n Municipal y del M\u00e1ster en Comunicaci\u00f3n Pol\u00edtica y Marketing Digital.<\/p>\n<\/blockquote>\n<p style=\"text-align: justify;\">La presentaci\u00f3n a cargo del director de la escuela de negocios de Next Educaci\u00f3n, Manuel Campo Vidal, abord\u00f3 la perspectiva de la comunicaci\u00f3n estrat\u00e9gica al considerar el debate electoral como un g\u00e9nero period\u00edstico de alto impacto medi\u00e1tico, beneficioso tanto para los candidatos como para los ciudadanos.<img decoding=\"async\" class=\"size-medium wp-image-6763 alignright lazyload\" data-src=\"https:\/\/defrentealaverdad.com\/wp-content\/uploads\/2023\/09\/WhatsApp-Image-2023-09-19-at-14.44.07-300x171.jpeg\" alt=\"\" width=\"300\" height=\"171\" data-srcset=\"https:\/\/defrentealaverdad.com\/wp-content\/uploads\/2023\/09\/WhatsApp-Image-2023-09-19-at-14.44.07-300x171.jpeg 300w, https:\/\/defrentealaverdad.com\/wp-content\/uploads\/2023\/09\/WhatsApp-Image-2023-09-19-at-14.44.07-1024x583.jpeg 1024w, https:\/\/defrentealaverdad.com\/wp-content\/uploads\/2023\/09\/WhatsApp-Image-2023-09-19-at-14.44.07-768x437.jpeg 768w, https:\/\/defrentealaverdad.com\/wp-content\/uploads\/2023\/09\/WhatsApp-Image-2023-09-19-at-14.44.07-1536x875.jpeg 1536w, https:\/\/defrentealaverdad.com\/wp-content\/uploads\/2023\/09\/WhatsApp-Image-2023-09-19-at-14.44.07.jpeg 1600w\" data-sizes=\"(max-width: 300px) 100vw, 300px\" src=\"data:image\/svg+xml;base64,PHN2ZyB3aWR0aD0iMSIgaGVpZ2h0PSIxIiB4bWxucz0iaHR0cDovL3d3dy53My5vcmcvMjAwMC9zdmciPjwvc3ZnPg==\" style=\"--smush-placeholder-width: 300px; --smush-placeholder-aspect-ratio: 300\/171;\" \/><\/p>\n<p style=\"text-align: justify;\">\u201cEl debate electoral es una transacci\u00f3n de intercambio pura entre los candidatos y los votantes, sin interpretaci\u00f3n de los periodistas durante el programa. Funciona como una entrevista de trabajo para un puesto profesional\u201d. se\u00f1al\u00f3 Campo Vidal durante su presentaci\u00f3n, citando al autor de \u201cDebates Presidenciales\u00bb, Alan Schroeder.<\/p>\n<p style=\"text-align: justify;\">La conferencia, adem\u00e1s, present\u00f3 una serie de recomendaciones para la organizaci\u00f3n de un debate electoral \u00e9tico y leg\u00edtimo; entre ellas la de garantizar la neutralidad absoluta del realizador y la ausencia de protagonismo del moderador.<\/p>\n<p style=\"text-align: justify;\">Fuente: SUBDIRECTORA DE COMUNICACIONES UNICARIBE<\/p>\n","protected":false},"excerpt":{"rendered":"<p>As\u00ed lo asegura el Dr. Manuel Campo Vidal, periodista, presidente de Next Educaci\u00f3n, que junto<\/p>\n","protected":false},"author":4,"featured_media":0,"comment_status":"open","ping_status":"open","sticky":false,"template":"","format":"standard","meta":{"footnotes":""},"categories":[7],"tags":[],"class_list":["post-6762","post","type-post","status-publish","format-standard","hentry","category-nacionales"],"_links":{"self":[{"href":"https:\/\/defrentealaverdad.com\/index.php\/wp-json\/wp\/v2\/posts\/6762","targetHints":{"allow":["GET"]}}],"collection":[{"href":"https:\/\/defrentealaverdad.com\/index.php\/wp-json\/wp\/v2\/posts"}],"about":[{"href":"https:\/\/defrentealaverdad.com\/index.php\/wp-json\/wp\/v2\/types\/post"}],"author":[{"embeddable":true,"href":"https:\/\/defrentealaverdad.com\/index.php\/wp-json\/wp\/v2\/users\/4"}],"replies":[{"embeddable":true,"href":"https:\/\/defrentealaverdad.com\/index.php\/wp-json\/wp\/v2\/comments?post=6762"}],"version-history":[{"count":3,"href":"https:\/\/defrentealaverdad.com\/index.php\/wp-json\/wp\/v2\/posts\/6762\/revisions"}],"predecessor-version":[{"id":6769,"href":"https:\/\/defrentealaverdad.com\/index.php\/wp-json\/wp\/v2\/posts\/6762\/revisions\/6769"}],"wp:attachment":[{"href":"https:\/\/defrentealaverdad.com\/index.php\/wp-json\/wp\/v2\/media?parent=6762"}],"wp:term":[{"taxonomy":"category","embeddable":true,"href":"https:\/\/defrentealaverdad.com\/index.php\/wp-json\/wp\/v2\/categories?post=6762"},{"taxonomy":"post_tag","embeddable":true,"href":"https:\/\/defrentealaverdad.com\/index.php\/wp-json\/wp\/v2\/tags?post=6762"}],"curies":[{"name":"wp","href":"https:\/\/api.w.org\/{rel}","templated":true}]}}