{"id":6760,"date":"2023-09-19T20:15:19","date_gmt":"2023-09-19T20:15:19","guid":{"rendered":"https:\/\/defrentealaverdad.com\/?p=6760"},"modified":"2023-09-19T20:15:19","modified_gmt":"2023-09-19T20:15:19","slug":"conflicto-con-haiti-traspasa-la-frontera-y-se-coloca-en-el-orden-internacional","status":"publish","type":"post","link":"https:\/\/defrentealaverdad.com\/index.php\/2023\/09\/19\/conflicto-con-haiti-traspasa-la-frontera-y-se-coloca-en-el-orden-internacional\/","title":{"rendered":"Conflicto con Hait\u00ed traspasa la frontera y se coloca en el orden internacional"},"content":{"rendered":"<figure class=\"text-lg\" style=\"text-align: justify;\"><picture><img decoding=\"async\" class=\"mx-auto lazyload\" title=\"Conflicto con Hait\u00ed traspasa la frontera y se coloca en el orden internacional\" data-src=\"https:\/\/resources.diariolibre.com\/images\/2023\/09\/18\/conflicto-con-haiti-focus-0-0-896-504.jpg\" data-srcset=\"https:\/\/resources.diariolibre.com\/images\/2023\/09\/18\/conflicto-con-haiti-focus-0-0-500-281.jpg 500w, https:\/\/resources.diariolibre.com\/images\/2023\/09\/18\/conflicto-con-haiti-focus-0-0-546-307.jpg 800w, https:\/\/resources.diariolibre.com\/images\/2023\/09\/18\/conflicto-con-haiti-focus-0-0-896-504.jpg 1200w\" alt=\"Conflicto con Hait\u00ed traspasa la frontera y se coloca en el orden internacional\" width=\"100%\" height=\"307\" src=\"data:image\/svg+xml;base64,PHN2ZyB3aWR0aD0iMSIgaGVpZ2h0PSIxIiB4bWxucz0iaHR0cDovL3d3dy53My5vcmcvMjAwMC9zdmciPjwvc3ZnPg==\" \/><\/picture><figcaption>Soldados dominicanos en la frontera con Hait\u00ed. (<strong>DIARIO LIBRE\/ANEUDY TAVAREZ<\/strong>)<\/figcaption><\/figure>\n<div class=\"detail-body text-lg\">\n<p style=\"text-align: justify;\"><strong>El conflicto por la construcci\u00f3n de un canal en el r\u00edo Masacre o Dajab\u00f3n\u00a0<\/strong>en territorio haitiano tomar\u00e1 oficialmente esta semana un ribete internacional, tras el tema ser llevado ante el\u00a0<strong>Consejo de Seguridad<\/strong>\u00a0de la Organizaci\u00f3n de las Naciones Unidas (<strong>ONU<\/strong>), por el presidente\u00a0<strong>Luis Abinader<\/strong>.<\/p>\n<p style=\"text-align: justify;\">El mandatario dominicano viaj\u00f3 este lunes a Nueva York para participar en la<strong>\u00a078\u00aa\u00a0Asamblea General\u00a0de la ONU<\/strong>, en la que\u00a0pronunciar\u00e1 un discurso\u00a0<strong>el pr\u00f3ximo mi\u00e9rcoles<\/strong>\u00a0que girar\u00e1 sobre la<strong>\u00a0crisis de Hait\u00ed<\/strong>. El escenario ser\u00e1 aprovechado nuevamente para tratar de sensibilizar a la\u00a0<strong>comunidad internacional\u00a0<\/strong>en procura de que vaya en auxilio de la naci\u00f3n m\u00e1s pobre de la regi\u00f3n.<\/p>\n<p style=\"text-align: justify;\"><strong>Abinader regresar\u00e1 al pa\u00eds el viernes 22<\/strong>, luego de agotar compromisos que incluyen reuniones bilaterales con otros mandatarios, ejecutivos y funcionarios de organismos internacionales, financieros y diplom\u00e1ticos.<\/p>\n<div id=\"dl_300x250_inread\" style=\"text-align: justify;\" data-google-query-id=\"COysu4--t4EDFceThgodDnEJZQ\">\n<div id=\"google_ads_iframe_\/1659553\/dl_300x250_inread_0__container__\">\u00abPor eso es importante mi viaje de esta semana, porque <strong>la soluci\u00f3n definitiva est\u00e1 all\u00e1 y no aqu\u00ed<\/strong>.\u00a0<strong>El problema de Hait\u00ed ya no est\u00e1 en Hait\u00ed<\/strong>, est\u00e1 en manos de la comunidad internacional\u00bb, proclam\u00f3 el presidente dominicano en una alocuci\u00f3n en la v\u00edspera de su viaje.<\/div>\n<\/div>\n<div id=\"extra-blueconic\" style=\"text-align: justify;\">\n<div class=\"mb-5 newsletter-article\">La exposici\u00f3n de la situaci\u00f3n haitiana a nivel internacional no es nueva, pues con menos de dos meses en el poder, Abinader ya buscaba respaldo de organismos extranjeros.<\/div>\n<\/div>\n<p style=\"text-align: justify;\">El 7 de octubre del 2020, al participar en la<strong>\u00a0Conferencia de Washington sobre las Am\u00e9ricas<\/strong>, un evento que re\u00fane a los l\u00edderes m\u00e1s importantes de los sectores p\u00fablicos y privados de la regi\u00f3n, afirm\u00f3 que ten\u00eda una postura amistosa con el vecino Hait\u00ed y extern\u00f3 sus deseos de colaborar en su recuperaci\u00f3n, compromiso que deb\u00eda ser compartido con la comunidad internacional.<\/p>\n<p style=\"text-align: justify;\">Veinte y tres d\u00edas despu\u00e9s, el 30 de octubre de ese mismo 2020, el presidente dominicano hablaba de que\u00a0<strong>pod\u00eda convertirse en vocero en otros pa\u00edses\u00a0<\/strong>para en conjunto implementar un plan de desarrollo destinado a guiar a la vecina naci\u00f3n hacia la prosperidad y la democracia.<\/p>\n<p style=\"text-align: justify;\">En su primera intervenci\u00f3n ante la<strong>\u00a076 Asamblea ONU<\/strong>, el 21 de septiembre del 2021, solicit\u00f3 con \u201calt\u00edsima prioridad\u201d la colaboraci\u00f3n internacional, debido a que \u201c<strong>no hay, ni habr\u00e1 jam\u00e1s una soluci\u00f3n dominicana a la crisis de Hait\u00ed<\/strong>\u201d. Un d\u00eda despu\u00e9s, durante su participaci\u00f3n en la\u00a0<strong>ONU<\/strong>, los presidentes, dominicano, de Costa Rica y Panam\u00e1, (luego se incorpor\u00f3 Ecuador) conformaron la\u00a0<strong>Alianza para el Desarrollo en Democracia<\/strong>, un espacio de di\u00e1logo y coordinaci\u00f3n estrat\u00e9gica.<\/p>\n<p style=\"text-align: justify;\">Desde ese escenario los dignatarios se han mantenido llamando a la comunidad internacional para atender la crisis que afecta Hait\u00ed.<\/p>\n<p style=\"text-align: justify;\">A ello se suma, la<strong>\u00a0\u00abDeclaraci\u00f3n de Santiago de los Caballeros<\/strong>\u00ab, aprobada en diciembre de 2022 en la LVI Reuni\u00f3n de Jefes de Estado y de Gobierno de los pa\u00edses miembros del Sistema de Integraci\u00f3n Centroamericana (<strong>SICA<\/strong>), que expres\u00f3 su apoyo al llamado formulado por Rep\u00fablica Dominicana a la comunidad internacional para realizar esfuerzos y buscar respuestas a la crisis de Hait\u00ed.<\/p>\n<p style=\"text-align: justify;\"><strong>La XXVIII Cumbre Iberoamericana de Jefas y Jefes de Estado y de Gobierno, celebrada en el pa\u00eds los d\u00edas 24 y 25 de marzo del presente a\u00f1o 2023<\/strong>, fue otro espacio donde uno de los temas principales fue la<strong>\u00a0desestabilizaci\u00f3n de Hait\u00ed<\/strong>\u00a0y las posibles soluciones para la pacificaci\u00f3n de esa naci\u00f3n.<\/p>\n<p style=\"text-align: justify;\">Los pa\u00edses recalcaron la \u00abprofunda preocupaci\u00f3n por el progresivo deterioro de la situaci\u00f3n de seguridad p\u00fablica y humanitaria en la Rep\u00fablica de Hait\u00ed\u201d.<\/p>\n<p style=\"text-align: justify;\">Tambi\u00e9n desde la\u00a0<strong>Comunidad del Caribe (Caricom<\/strong>) las voces se han elevado en buscada de un di\u00e1logo por el vecino pa\u00eds. En una cumbre por el 50 aniversario del Caricom,\u00a0<strong>el secretario general de las Naciones Unidas, Ant\u00f3nio Guterres,<\/strong>\u00a0insisti\u00f3 a la comunidad internacional en la necesidad de formar una fuerza extranjera de seguridad en Hait\u00ed y solicit\u00f3 \u00abvoluntarios\u201d.<\/p>\n<\/div>\n<p>Fuente: Diario Libre<\/p>\n","protected":false},"excerpt":{"rendered":"<p>Soldados dominicanos en la frontera con Hait\u00ed. (DIARIO LIBRE\/ANEUDY TAVAREZ) El conflicto por la construcci\u00f3n<\/p>\n","protected":false},"author":1,"featured_media":0,"comment_status":"open","ping_status":"open","sticky":false,"template":"","format":"standard","meta":{"footnotes":""},"categories":[16],"tags":[],"class_list":["post-6760","post","type-post","status-publish","format-standard","hentry","category-internacionales"],"_links":{"self":[{"href":"https:\/\/defrentealaverdad.com\/index.php\/wp-json\/wp\/v2\/posts\/6760","targetHints":{"allow":["GET"]}}],"collection":[{"href":"https:\/\/defrentealaverdad.com\/index.php\/wp-json\/wp\/v2\/posts"}],"about":[{"href":"https:\/\/defrentealaverdad.com\/index.php\/wp-json\/wp\/v2\/types\/post"}],"author":[{"embeddable":true,"href":"https:\/\/defrentealaverdad.com\/index.php\/wp-json\/wp\/v2\/users\/1"}],"replies":[{"embeddable":true,"href":"https:\/\/defrentealaverdad.com\/index.php\/wp-json\/wp\/v2\/comments?post=6760"}],"version-history":[{"count":1,"href":"https:\/\/defrentealaverdad.com\/index.php\/wp-json\/wp\/v2\/posts\/6760\/revisions"}],"predecessor-version":[{"id":6761,"href":"https:\/\/defrentealaverdad.com\/index.php\/wp-json\/wp\/v2\/posts\/6760\/revisions\/6761"}],"wp:attachment":[{"href":"https:\/\/defrentealaverdad.com\/index.php\/wp-json\/wp\/v2\/media?parent=6760"}],"wp:term":[{"taxonomy":"category","embeddable":true,"href":"https:\/\/defrentealaverdad.com\/index.php\/wp-json\/wp\/v2\/categories?post=6760"},{"taxonomy":"post_tag","embeddable":true,"href":"https:\/\/defrentealaverdad.com\/index.php\/wp-json\/wp\/v2\/tags?post=6760"}],"curies":[{"name":"wp","href":"https:\/\/api.w.org\/{rel}","templated":true}]}}