{"id":6758,"date":"2023-09-19T20:13:43","date_gmt":"2023-09-19T20:13:43","guid":{"rendered":"https:\/\/defrentealaverdad.com\/?p=6758"},"modified":"2023-09-19T20:13:43","modified_gmt":"2023-09-19T20:13:43","slug":"poder-ejecutivo-dispone-extradicion-de-tres-dominicanos","status":"publish","type":"post","link":"https:\/\/defrentealaverdad.com\/index.php\/2023\/09\/19\/poder-ejecutivo-dispone-extradicion-de-tres-dominicanos\/","title":{"rendered":"Poder Ejecutivo dispone extradici\u00f3n de tres dominicanos"},"content":{"rendered":"<p style=\"text-align: justify;\">Santo Domingo.-\u00a0<strong>El Poder Ejecutivo dispuso este lunes\u00a0 la entrega en extradici\u00f3n hacia Argentina de los dominicanos Juan Clemente de la Cruz Hiciano y Asunci\u00f3n Regalado Bautista, y\u00a0 a Pedro Hern\u00e1ndez Ubiera ( alias Kiko, alias Mickey) hacia Estados Unidos de Am\u00e9rica.<\/strong><\/p>\n<p><img decoding=\"async\" class=\"aligncenter lazyload\" data-src=\"https:\/\/eldia.com.do\/wp-content\/uploads\/2022\/12\/10_Nacionales_09_3p01.jpg\" alt=\"Poder Ejecutivo dispone extradici\u00f3n de tres dominicanos\" src=\"data:image\/svg+xml;base64,PHN2ZyB3aWR0aD0iMSIgaGVpZ2h0PSIxIiB4bWxucz0iaHR0cDovL3d3dy53My5vcmcvMjAwMC9zdmciPjwvc3ZnPg==\" \/><\/p>\n<p style=\"text-align: justify;\">Dichas disposiciones\u00a0 est\u00e1n contenidas en los decretos, 417-23, 418-23 y 419-23.<\/p>\n<p style=\"text-align: justify;\">Mediante el decreto 417-23, el presidente Luis Abinader\u00a0 dispuso\u00a0 la entrega en extradici\u00f3n a Argentina del dominicano Juan Clemente de la Cruz Hic\u00edano, acusado de violencia de g\u00e9nero y tentativa de homicidio en perjuicio de su mujer, Wendy Casanova, con quien manten\u00eda una relaci\u00f3n sentimental y de convivencia.<\/p>\n<p style=\"text-align: justify;\">Mientras que en el decreto 418-23 el Mandatario orden\u00f3 la extradici\u00f3n hacia Argentina del dominicano Asunci\u00f3n Regalado Bautista, acusado de homicidio.<\/p>\n<p style=\"text-align: justify;\">Asimismo, mediante el decreto 419-23\u00a0 el jefe de Estado\u00a0 dispuso la extradici\u00f3n a los Estados Unidos del dominicano Pedro Hern\u00e1ndez Ubiera, (alias Kiko, alias Mickey) para enfrentar los cargos de distribuci\u00f3n de Asociaci\u00f3n delictuosa para distribuir m\u00e1s de 5 kil\u00f3gramos o m\u00e1s de una mezcla y sustancia que contenga una cantidad detectable de coca\u00edna y de colaborar y actuar en complicidad entre s\u00ed y con otras personas distintas, para distribuir\u00a0 m\u00e1s de 500 gramos\u00a0 de la referida droga.<\/p>\n<p>&nbsp;<\/p>\n<p>Fuente: Ministerio de la Presidencia RD<\/p>\n","protected":false},"excerpt":{"rendered":"<p>Santo Domingo.-\u00a0El Poder Ejecutivo dispuso este lunes\u00a0 la entrega en extradici\u00f3n hacia Argentina de los<\/p>\n","protected":false},"author":1,"featured_media":0,"comment_status":"open","ping_status":"open","sticky":false,"template":"","format":"standard","meta":{"footnotes":""},"categories":[7],"tags":[],"class_list":["post-6758","post","type-post","status-publish","format-standard","hentry","category-nacionales"],"_links":{"self":[{"href":"https:\/\/defrentealaverdad.com\/index.php\/wp-json\/wp\/v2\/posts\/6758","targetHints":{"allow":["GET"]}}],"collection":[{"href":"https:\/\/defrentealaverdad.com\/index.php\/wp-json\/wp\/v2\/posts"}],"about":[{"href":"https:\/\/defrentealaverdad.com\/index.php\/wp-json\/wp\/v2\/types\/post"}],"author":[{"embeddable":true,"href":"https:\/\/defrentealaverdad.com\/index.php\/wp-json\/wp\/v2\/users\/1"}],"replies":[{"embeddable":true,"href":"https:\/\/defrentealaverdad.com\/index.php\/wp-json\/wp\/v2\/comments?post=6758"}],"version-history":[{"count":1,"href":"https:\/\/defrentealaverdad.com\/index.php\/wp-json\/wp\/v2\/posts\/6758\/revisions"}],"predecessor-version":[{"id":6759,"href":"https:\/\/defrentealaverdad.com\/index.php\/wp-json\/wp\/v2\/posts\/6758\/revisions\/6759"}],"wp:attachment":[{"href":"https:\/\/defrentealaverdad.com\/index.php\/wp-json\/wp\/v2\/media?parent=6758"}],"wp:term":[{"taxonomy":"category","embeddable":true,"href":"https:\/\/defrentealaverdad.com\/index.php\/wp-json\/wp\/v2\/categories?post=6758"},{"taxonomy":"post_tag","embeddable":true,"href":"https:\/\/defrentealaverdad.com\/index.php\/wp-json\/wp\/v2\/tags?post=6758"}],"curies":[{"name":"wp","href":"https:\/\/api.w.org\/{rel}","templated":true}]}}