{"id":6752,"date":"2023-09-19T20:10:27","date_gmt":"2023-09-19T20:10:27","guid":{"rendered":"https:\/\/defrentealaverdad.com\/?p=6752"},"modified":"2023-09-19T20:10:27","modified_gmt":"2023-09-19T20:10:27","slug":"la-direccion-general-de-desarrollo-de-las-comunidades-fronterizas-realizo-su-xvi-jornada-de-accion-civica","status":"publish","type":"post","link":"https:\/\/defrentealaverdad.com\/index.php\/2023\/09\/19\/la-direccion-general-de-desarrollo-de-las-comunidades-fronterizas-realizo-su-xvi-jornada-de-accion-civica\/","title":{"rendered":"La Direcci\u00f3n General de Desarrollo de las Comunidades Fronterizas, realiz\u00f3 su XVI Jornada de Acci\u00f3n C\u00edvica"},"content":{"rendered":"<div class=\"post-header\">\n<div class=\"post-head\"><\/div>\n<div class=\"ads-posting\"><\/div>\n<\/div>\n<article>\n<div id=\"post-body-5596305926855667979\" class=\"post-body entry-content\">\n<p style=\"text-align: justify;\">\n<p style=\"text-align: justify;\">Juan Santiago, El\u00edas Pi\u00f1a: El Ministerio de Defensa por instrucciones del\u00a0 Ministro Teniente General Carlos Luciano Diaz Morfa E.R.D. a trav\u00e9s de La Direcci\u00f3n General de Promoci\u00f3n las Comunidades Fronterizas, realiz\u00f3 su XVI Jornada de Acci\u00f3n\u00a0 C\u00edvica\u00a0 con ventas de productos a bajo costo en la\u00a0 comunidad Juan Santiago, El\u00edas Pi\u00f1a<\/p>\n<div class=\"separator\" style=\"text-align: justify;\"><a href=\"https:\/\/blogger.googleusercontent.com\/img\/b\/R29vZ2xl\/AVvXsEiezEmqKSaBTurUXTybfgnKB1p-bLcgCMJYIbebZg_2S72RqrU922PxdvE_lbiR2dwOAIfuAnCRmDI8u6rJy_bSqbMAxnB8MY0No5VYlZoj73USTNRjbHEavYbES4g4y9QbK8mPbQBQmg9rBElR89Q8x9A6YeCsDNXTZOdll8wqnwAxoT9HttpZmc1sHNQ\/s1232\/IMG-20230919-WA0030.jpg\"><img decoding=\"async\" class=\"alignright lazyload\" title=\"IMG-20230919-WA0030\" data-src=\"https:\/\/blogger.googleusercontent.com\/img\/b\/R29vZ2xl\/AVvXsEiezEmqKSaBTurUXTybfgnKB1p-bLcgCMJYIbebZg_2S72RqrU922PxdvE_lbiR2dwOAIfuAnCRmDI8u6rJy_bSqbMAxnB8MY0No5VYlZoj73USTNRjbHEavYbES4g4y9QbK8mPbQBQmg9rBElR89Q8x9A6YeCsDNXTZOdll8wqnwAxoT9HttpZmc1sHNQ\/s320\/IMG-20230919-WA0030.jpg\" alt=\"IMG-20230919-WA0030\" width=\"320\" height=\"212\" border=\"0\" data-original-height=\"816\" data-original-width=\"1232\" src=\"data:image\/svg+xml;base64,PHN2ZyB3aWR0aD0iMSIgaGVpZ2h0PSIxIiB4bWxucz0iaHR0cDovL3d3dy53My5vcmcvMjAwMC9zdmciPjwvc3ZnPg==\" style=\"--smush-placeholder-width: 320px; --smush-placeholder-aspect-ratio: 320\/212;\" \/><\/a><\/div>\n<p style=\"text-align: justify;\">All\u00ed Cientos de personas pudieron adquirir pollos, conejos vivo y matado, miel de abeja, pescados, huevos entre otros productos\u00a0 que son procesados por la entidad de Desarrollo en sus propios proyectos y luego\u00a0 comercializado al publico.<\/p>\n<p style=\"text-align: justify;\">La Feria se ha llevado\u00a0 en lugares Comendador, Pedro Santana, Hondo Valle, el Llano, Guanito, Guayabo entre otros y las ventas se efect\u00faan de manera m\u00f3vil diariamente y\u00a0 \u00a0en lugares como parques, centro comunales y otros semanalmente.<\/p>\n<p style=\"text-align: justify;\">Esta jornada que\u00a0 cont\u00f3 con la presencia de la honorable gobernadora de la provincia Johanna Mart\u00ednez se realizo con gran entusiasmo entre los presentes, pues muchos expresaron su agradecimiento por los bajos precios de los productos que se ofertaron y\u00a0 ademas recibieron raciones de comidas gratis por orden del presidente Luis Abinader.<\/p>\n<p style=\"text-align: justify;\">Algunos de los beneficiados dijeron no tener la comida, por lo que con nostalgia dieron las gracias y a la vez solicitaron que se ampli\u00e9 la oferta de los art\u00edculos que se venden e incluya arroz, ademas que estas\u00a0 sean realizadas mas a menudo, pues les resulta un alivio para sus bolsillos.<\/p>\n<\/div>\n<p>Fuente: Direcci\u00f3n General de Promoci\u00f3n las Comunidades Fronterizas<\/p>\n<\/article>\n","protected":false},"excerpt":{"rendered":"<p>Juan Santiago, El\u00edas Pi\u00f1a: El Ministerio de Defensa por instrucciones del\u00a0 Ministro Teniente General Carlos<\/p>\n","protected":false},"author":1,"featured_media":0,"comment_status":"open","ping_status":"open","sticky":false,"template":"","format":"standard","meta":{"footnotes":""},"categories":[7],"tags":[],"class_list":["post-6752","post","type-post","status-publish","format-standard","hentry","category-nacionales"],"_links":{"self":[{"href":"https:\/\/defrentealaverdad.com\/index.php\/wp-json\/wp\/v2\/posts\/6752","targetHints":{"allow":["GET"]}}],"collection":[{"href":"https:\/\/defrentealaverdad.com\/index.php\/wp-json\/wp\/v2\/posts"}],"about":[{"href":"https:\/\/defrentealaverdad.com\/index.php\/wp-json\/wp\/v2\/types\/post"}],"author":[{"embeddable":true,"href":"https:\/\/defrentealaverdad.com\/index.php\/wp-json\/wp\/v2\/users\/1"}],"replies":[{"embeddable":true,"href":"https:\/\/defrentealaverdad.com\/index.php\/wp-json\/wp\/v2\/comments?post=6752"}],"version-history":[{"count":1,"href":"https:\/\/defrentealaverdad.com\/index.php\/wp-json\/wp\/v2\/posts\/6752\/revisions"}],"predecessor-version":[{"id":6753,"href":"https:\/\/defrentealaverdad.com\/index.php\/wp-json\/wp\/v2\/posts\/6752\/revisions\/6753"}],"wp:attachment":[{"href":"https:\/\/defrentealaverdad.com\/index.php\/wp-json\/wp\/v2\/media?parent=6752"}],"wp:term":[{"taxonomy":"category","embeddable":true,"href":"https:\/\/defrentealaverdad.com\/index.php\/wp-json\/wp\/v2\/categories?post=6752"},{"taxonomy":"post_tag","embeddable":true,"href":"https:\/\/defrentealaverdad.com\/index.php\/wp-json\/wp\/v2\/tags?post=6752"}],"curies":[{"name":"wp","href":"https:\/\/api.w.org\/{rel}","templated":true}]}}