{"id":6750,"date":"2023-09-19T20:08:57","date_gmt":"2023-09-19T20:08:57","guid":{"rendered":"https:\/\/defrentealaverdad.com\/?p=6750"},"modified":"2023-09-19T20:08:57","modified_gmt":"2023-09-19T20:08:57","slug":"senado-firma-acuerdo-con-la-universidad-castilla-la-marcha-para-formacion-educativa","status":"publish","type":"post","link":"https:\/\/defrentealaverdad.com\/index.php\/2023\/09\/19\/senado-firma-acuerdo-con-la-universidad-castilla-la-marcha-para-formacion-educativa\/","title":{"rendered":"Senado firma acuerdo con la Universidad Castilla-La Marcha para formaci\u00f3n educativa"},"content":{"rendered":"<div class=\"post-header\">\n<div class=\"post-head\"><\/div>\n<div style=\"text-align: justify;\">\u00a0El acuerdo permitir\u00e1 a senadores, funcionarios y colaboradores\u00a0 de la C\u00e1mara Alta, realizar maestr\u00edas de derecho constitucional y derecho p\u00fablico, de manera presencial.<\/div>\n<\/div>\n<article>\n<div id=\"post-body-4478545795520583947\" class=\"post-body entry-content\">\n<p style=\"text-align: justify;\">Santo Domingo, 18 de septiembre de 2023.- El presidente del Senado de la Rep\u00fablica, Ricardo De los Santos,\u00a0 firm\u00f3 un acuerdo de colaboraci\u00f3n con representantes de la Universidad de Castilla-La Mancha (UCLM), para ofrecer maestr\u00edas en Derecho Constitucional y Derecho P\u00fablico, dirigido a senadores, funcionarios\u00a0 y colaboradores.<\/p>\n<p style=\"text-align: justify;\">El acuerdo fue rubricado entre el presidente del Senado, Ricardo De los Santos y Marcos Francisco Mass\u00f3, catedr\u00e1tico en Derecho Constitucional, de la casa de estudios superiores espa\u00f1ola.<\/p>\n<div class=\"separator\" style=\"text-align: justify;\"><a href=\"https:\/\/blogger.googleusercontent.com\/img\/b\/R29vZ2xl\/AVvXsEhfueY6s6ASaLbaAKDoqySxuijMiZhpIQewkAPR-bNqp-uW4Kea1uaPZ-VxIykdSJ1oBmx3Ip2EXpyghmCi2knod0k8gmNB6IPYuDbqKV_d1e-W2QxEafQJk9IG4kN5psfiVt670Pk1Tpm7suZ_Euadsg_lSjx-H9GEgnh9HqyaHFuGCHmTDKiiBEOy3cs\/s1024\/IMG-20230918-WA0578.jpg\"><img decoding=\"async\" class=\"alignright lazyload\" title=\"IMG-20230918-WA0578\" data-src=\"https:\/\/blogger.googleusercontent.com\/img\/b\/R29vZ2xl\/AVvXsEhfueY6s6ASaLbaAKDoqySxuijMiZhpIQewkAPR-bNqp-uW4Kea1uaPZ-VxIykdSJ1oBmx3Ip2EXpyghmCi2knod0k8gmNB6IPYuDbqKV_d1e-W2QxEafQJk9IG4kN5psfiVt670Pk1Tpm7suZ_Euadsg_lSjx-H9GEgnh9HqyaHFuGCHmTDKiiBEOy3cs\/s320\/IMG-20230918-WA0578.jpg\" alt=\"IMG-20230918-WA0578\" width=\"320\" height=\"213\" border=\"0\" data-original-height=\"683\" data-original-width=\"1024\" src=\"data:image\/svg+xml;base64,PHN2ZyB3aWR0aD0iMSIgaGVpZ2h0PSIxIiB4bWxucz0iaHR0cDovL3d3dy53My5vcmcvMjAwMC9zdmciPjwvc3ZnPg==\" style=\"--smush-placeholder-width: 320px; --smush-placeholder-aspect-ratio: 320\/213;\" \/><\/a><\/div>\n<p style=\"text-align: justify;\">La actividad se realiz\u00f3 en el despacho de la presidencia del Senado, y en ese sentido, De los Santos refiri\u00f3 que con el acuerdo educativo la C\u00e1mara Alta busca formar a los legisladores en las \u00e1reas de Derecho Constitucional\u00a0 y Derecho P\u00fablico.<\/p>\n<p style=\"text-align: justify;\">\u201cEsta es una oportunidad para que tanto los legisladores como los colaboradores del \u00f3rgano legislativo, puedan obtener formaci\u00f3n especializada sobre el Derecho Constitucional\u201d, expres\u00f3 el presidente del Senado.<\/p>\n<p style=\"text-align: justify;\">Ricardo De los Santos, quien es Senador por la provincia S\u00e1nchez Ram\u00edrez, resalt\u00f3 que la Carta Magna del 2010 manda a actualizar y analizar una gran cantidad de leyes sancionadas, lo cual constituye uno de los retos para el Poder Legislativo.<\/p>\n<p style=\"text-align: justify;\">En tanto, el catedr\u00e1tico en Derecho Constitucional, Marcos Francisco Mass\u00f3, dijo que esa academia tiene m\u00e1s de 20 a\u00f1os realizando cursos y maestr\u00edas y que cuenta con un amplio precedente en materia de formaci\u00f3n del cuarto nivel.<\/p>\n<p style=\"text-align: justify;\">\u201cLa maestr\u00eda de Derecho Constitucional es un programa integrado que se acerca a la realidad jur\u00eddica y constitucional de la Rep\u00fablica Dominicana, en especial su Constituci\u00f3n\u201d, destac\u00f3.<\/p>\n<p style=\"text-align: justify;\">Adem\u00e1s,\u00a0 agreg\u00f3 que estos cursos tienen el prop\u00f3sito de que los legisladores dominicanos est\u00e9n mejor preparados y capacitados para afrontar los retos que en materia constitucional puedan presentarse en el futuro.<\/p>\n<\/div>\n<p>Fuente: Prensa Senado RD<\/p>\n<\/article>\n","protected":false},"excerpt":{"rendered":"<p>\u00a0El acuerdo permitir\u00e1 a senadores, funcionarios y colaboradores\u00a0 de la C\u00e1mara Alta, realizar maestr\u00edas de<\/p>\n","protected":false},"author":4,"featured_media":0,"comment_status":"open","ping_status":"open","sticky":false,"template":"","format":"standard","meta":{"footnotes":""},"categories":[7],"tags":[],"class_list":["post-6750","post","type-post","status-publish","format-standard","hentry","category-nacionales"],"_links":{"self":[{"href":"https:\/\/defrentealaverdad.com\/index.php\/wp-json\/wp\/v2\/posts\/6750","targetHints":{"allow":["GET"]}}],"collection":[{"href":"https:\/\/defrentealaverdad.com\/index.php\/wp-json\/wp\/v2\/posts"}],"about":[{"href":"https:\/\/defrentealaverdad.com\/index.php\/wp-json\/wp\/v2\/types\/post"}],"author":[{"embeddable":true,"href":"https:\/\/defrentealaverdad.com\/index.php\/wp-json\/wp\/v2\/users\/4"}],"replies":[{"embeddable":true,"href":"https:\/\/defrentealaverdad.com\/index.php\/wp-json\/wp\/v2\/comments?post=6750"}],"version-history":[{"count":1,"href":"https:\/\/defrentealaverdad.com\/index.php\/wp-json\/wp\/v2\/posts\/6750\/revisions"}],"predecessor-version":[{"id":6751,"href":"https:\/\/defrentealaverdad.com\/index.php\/wp-json\/wp\/v2\/posts\/6750\/revisions\/6751"}],"wp:attachment":[{"href":"https:\/\/defrentealaverdad.com\/index.php\/wp-json\/wp\/v2\/media?parent=6750"}],"wp:term":[{"taxonomy":"category","embeddable":true,"href":"https:\/\/defrentealaverdad.com\/index.php\/wp-json\/wp\/v2\/categories?post=6750"},{"taxonomy":"post_tag","embeddable":true,"href":"https:\/\/defrentealaverdad.com\/index.php\/wp-json\/wp\/v2\/tags?post=6750"}],"curies":[{"name":"wp","href":"https:\/\/api.w.org\/{rel}","templated":true}]}}