{"id":6744,"date":"2023-09-19T20:01:07","date_gmt":"2023-09-19T20:01:07","guid":{"rendered":"https:\/\/defrentealaverdad.com\/?p=6744"},"modified":"2023-09-19T20:01:07","modified_gmt":"2023-09-19T20:01:07","slug":"caid-realizara-su-primer-congreso-actualizacion-en-discapacidad","status":"publish","type":"post","link":"https:\/\/defrentealaverdad.com\/index.php\/2023\/09\/19\/caid-realizara-su-primer-congreso-actualizacion-en-discapacidad\/","title":{"rendered":"CAID realizar\u00e1 su primer congreso \u201cActualizaci\u00f3n en Discapacidad\u201d"},"content":{"rendered":"<article>\n<div id=\"post-body-1925709979768140461\" class=\"post-body entry-content\" style=\"text-align: justify;\">\n<div class=\"separator\"><a href=\"https:\/\/blogger.googleusercontent.com\/img\/b\/R29vZ2xl\/AVvXsEjemCaiWtC-5UNzI-p20mBnpt0a7mePwpjsZe_tmxXgDSRSu2gh8hatA3RL0gtQWqJ_hgpAkYN3CJdUAwdNYnq4MX-15DxgisRkS938JJWDymWBHxKnKh2tiZ8rA6TP6dnXrNz0MQnw5N_7c2zQMpUL_lsIGuz0_Os_lXQ0axjOp2XjUYw_N0Zm7-uLWYn7\/s1024\/IMG-20230918-WA0020.jpg\"><img decoding=\"async\" class=\"alignleft lazyload\" data-src=\"https:\/\/blogger.googleusercontent.com\/img\/b\/R29vZ2xl\/AVvXsEjemCaiWtC-5UNzI-p20mBnpt0a7mePwpjsZe_tmxXgDSRSu2gh8hatA3RL0gtQWqJ_hgpAkYN3CJdUAwdNYnq4MX-15DxgisRkS938JJWDymWBHxKnKh2tiZ8rA6TP6dnXrNz0MQnw5N_7c2zQMpUL_lsIGuz0_Os_lXQ0axjOp2XjUYw_N0Zm7-uLWYn7\/s320\/IMG-20230918-WA0020.jpg\" width=\"320\" height=\"196\" border=\"0\" data-original-height=\"626\" data-original-width=\"1024\" src=\"data:image\/svg+xml;base64,PHN2ZyB3aWR0aD0iMSIgaGVpZ2h0PSIxIiB4bWxucz0iaHR0cDovL3d3dy53My5vcmcvMjAwMC9zdmciPjwvc3ZnPg==\" style=\"--smush-placeholder-width: 320px; --smush-placeholder-aspect-ratio: 320\/196;\" \/><\/a><\/div>\n<p>El primer Congreso CAID, que se realizar\u00e1 en el marco del d\u00e9cimo aniversario de la instituci\u00f3n, contar\u00e1 con expositores nacionales e internacionales._<\/p>\n<p>Santo Domingo.- El Centro de Atenci\u00f3n Integral para la Discapacidad (CAID) anunci\u00f3 la celebraci\u00f3n de su primer congreso \u201cActualizaci\u00f3n en discapacidad\u201d, con la participaci\u00f3n de especialistas nacionales e internacionales.<\/p>\n<p>Los expositores tratar\u00e1n temas relacionados con las condiciones de discapacidad que trata el CAID, es decir trastorno del espectro autista (TEA), s\u00edndrome de Down y par\u00e1lisis cerebral.<\/p>\n<p>Los invitados internacionales ser\u00e1n el psic\u00f3logo Ramiro Mitre, director de la Fundaci\u00f3n Neurodiversidad de Argentina y miembro del Consejo Directivo de Sustain Our Abilities, y la pediatra Alexandra James, profesora cl\u00ednica y directora de defensa de salud infantil del Women&#8217;s and Children&#8217;s Hospital de la Universidad de Missouri.<\/p>\n<p>El evento tendr\u00e1 lugar los d\u00edas 30 de noviembre y primero de diciembre pr\u00f3ximos en el Hotel Crown Plaza.<\/p>\n<p><strong>Temas a tratar<\/strong><\/p>\n<p>Algunos de los temas confirmados para este congreso son Actualizaci\u00f3n en trastorno del espectro autista: una mirada desde la inclusi\u00f3n; Bases neurol\u00f3gicas y gen\u00e9ticas del TEA; Rol del pediatra en la detecci\u00f3n y el seguimiento del TEA; \u201cBeneficios de la intervenci\u00f3n temprana en ni\u00f1os con s\u00edndrome de Down; Motricidad orofacial en ni\u00f1os con s\u00edndrome de Down, y Uso de toxina botul\u00ednica en ni\u00f1os con par\u00e1lisis cerebral.<\/p>\n<p>Adem\u00e1s, el CAID expondr\u00e1 sus experiencias en los programas de entrenamiento a familias, habilidades sociales y educaci\u00f3n vial, en la musicoterapia en ni\u00f1os y ni\u00f1as con par\u00e1lisis cerebral, y servicios que ofrece el centro a los ni\u00f1os y ni\u00f1as usuarias.<\/p>\n<p>Los interesados pueden inscribirse en uno de los centros CAID ubicados en Santo Domingo Oeste, Santiago o San Juan de la Maguana en horario de 8:00 de la ma\u00f1ana a 4:00 de la tarde. Para informaci\u00f3n adicional, el centro ha dispuesto el correo capacitaciones@caid.gob.do<\/p><\/div>\n<\/article>\n<div class=\"post-footer\"><\/div>\n<div><\/div>\n<div>Fuente: Informaciones a nivel<\/div>\n","protected":false},"excerpt":{"rendered":"<p>El primer Congreso CAID, que se realizar\u00e1 en el marco del d\u00e9cimo aniversario de la<\/p>\n","protected":false},"author":1,"featured_media":0,"comment_status":"open","ping_status":"open","sticky":false,"template":"","format":"standard","meta":{"footnotes":""},"categories":[7],"tags":[],"class_list":["post-6744","post","type-post","status-publish","format-standard","hentry","category-nacionales"],"_links":{"self":[{"href":"https:\/\/defrentealaverdad.com\/index.php\/wp-json\/wp\/v2\/posts\/6744","targetHints":{"allow":["GET"]}}],"collection":[{"href":"https:\/\/defrentealaverdad.com\/index.php\/wp-json\/wp\/v2\/posts"}],"about":[{"href":"https:\/\/defrentealaverdad.com\/index.php\/wp-json\/wp\/v2\/types\/post"}],"author":[{"embeddable":true,"href":"https:\/\/defrentealaverdad.com\/index.php\/wp-json\/wp\/v2\/users\/1"}],"replies":[{"embeddable":true,"href":"https:\/\/defrentealaverdad.com\/index.php\/wp-json\/wp\/v2\/comments?post=6744"}],"version-history":[{"count":1,"href":"https:\/\/defrentealaverdad.com\/index.php\/wp-json\/wp\/v2\/posts\/6744\/revisions"}],"predecessor-version":[{"id":6745,"href":"https:\/\/defrentealaverdad.com\/index.php\/wp-json\/wp\/v2\/posts\/6744\/revisions\/6745"}],"wp:attachment":[{"href":"https:\/\/defrentealaverdad.com\/index.php\/wp-json\/wp\/v2\/media?parent=6744"}],"wp:term":[{"taxonomy":"category","embeddable":true,"href":"https:\/\/defrentealaverdad.com\/index.php\/wp-json\/wp\/v2\/categories?post=6744"},{"taxonomy":"post_tag","embeddable":true,"href":"https:\/\/defrentealaverdad.com\/index.php\/wp-json\/wp\/v2\/tags?post=6744"}],"curies":[{"name":"wp","href":"https:\/\/api.w.org\/{rel}","templated":true}]}}