{"id":6731,"date":"2023-09-13T14:31:01","date_gmt":"2023-09-13T14:31:01","guid":{"rendered":"https:\/\/defrentealaverdad.com\/?p=6731"},"modified":"2023-09-19T14:32:46","modified_gmt":"2023-09-19T14:32:46","slug":"6731","status":"publish","type":"post","link":"https:\/\/defrentealaverdad.com\/index.php\/2023\/09\/13\/6731\/","title":{"rendered":"Pel\u00edcula \u201cCroma Kid\u201d fortalece cine para toda la familia en RD y el mundo"},"content":{"rendered":"<div class=\"post-meta\" style=\"text-align: justify;\"><\/div>\n<div class=\"post-body post-content\" style=\"text-align: justify;\">\n<blockquote>\n<div>Se estrena este jueves en todos los cines del pa\u00eds<\/div>\n<\/blockquote>\n<div><\/div>\n<div>La obra fue recientemente seleccionada por la Academia de las Artes y Ciencias RD y participar\u00e1 en la edici\u00f3n 67 del BFI London Film Festival; est\u00e1 protagonizada por Nashla Bogaert, David Maler, Bosco C\u00e1rdenas Guzm\u00e1n y Jaime Pi\u00f1a.<\/div>\n<div><\/div>\n<div>\n<div class=\"separator\"><a href=\"https:\/\/blogger.googleusercontent.com\/img\/a\/AVvXsEh4avp627dqZyoFh7pGF7jmhvFGuQkZUjMLrRSpihuAkuP5AEvLf0C6-JYk1QxXN7NVQmzie4M8jbD_bfPmeK9-i3EwB0O9jsJYl1Cu6-4Jjr3Io-k8-PbsM8bc_tCOWtcSjvd0jfrhMAUdwL6eiYucazZNUtUjIxOp2vpOVodFKSIREQUO25v0zi2vZvo\"><img decoding=\"async\" class=\"alignright lazyload\" data-src=\"https:\/\/blogger.googleusercontent.com\/img\/a\/AVvXsEh4avp627dqZyoFh7pGF7jmhvFGuQkZUjMLrRSpihuAkuP5AEvLf0C6-JYk1QxXN7NVQmzie4M8jbD_bfPmeK9-i3EwB0O9jsJYl1Cu6-4Jjr3Io-k8-PbsM8bc_tCOWtcSjvd0jfrhMAUdwL6eiYucazZNUtUjIxOp2vpOVodFKSIREQUO25v0zi2vZvo\" width=\"400\" border=\"0\" src=\"data:image\/svg+xml;base64,PHN2ZyB3aWR0aD0iMSIgaGVpZ2h0PSIxIiB4bWxucz0iaHR0cDovL3d3dy53My5vcmcvMjAwMC9zdmciPjwvc3ZnPg==\" \/><\/a><\/div>\n<\/div>\n<\/div>\n<div style=\"text-align: justify;\">\n<p>SANTO DOMINGO.- Con una mezcla de fantas\u00eda y drama, llega a las salas de cine la pel\u00edcula de ciencia ficci\u00f3n para toda la familia \u201cCroma Kid\u201d, dirigida por Pablo Chea y con las actuaciones de Nashla Bogaert y David Maler.<\/p>\n<p>Con un elenco protag\u00f3nico completado por Bosco C\u00e1rdenas Guzm\u00e1n, en la piel de Emi, y Jaime Pi\u00f1a, como Lito, \u201cCroma Kid\u201d narra la historia de Emi, el t\u00edpico preadolescente malhumorado de los a\u00f1os 90, un amante de la m\u00fasica que est\u00e1 avergonzado de su peculiar familia de ilusionistas y del programa de televisi\u00f3n que est\u00e1n a punto de relanzar. En este proceso descubre un dispositivo an\u00e1logo con caracter\u00edsticas especiales que hace desaparecer a sus padres. Entre el duelo de esta p\u00e9rdida y las emociones del primer amor, Emi deber\u00e1 buscar como cambiar su pasado a trav\u00e9s de un portal inusual: su colecci\u00f3n de videos caseros.<\/p>\n<p>\u201cEsta pel\u00edcula trata sobre el poder de las memorias. De c\u00f3mo los momentos que compartimos en familia nos marcan y pueden vivir dentro de nosotros para siempre. As\u00ed que traigan a los abuelos, a los primos y hermanitos para que compartan este momento m\u00e1gico juntos\u201d, manifest\u00f3 Pablo Chea.<\/p>\n<p>La pel\u00edcula se estren\u00f3 en el Festival Internacional de Rotterdam y contin\u00faa su recorrido alrededor del mundo proyect\u00e1ndose en festivales de nivel A. Fue seleccionada para participar en la edici\u00f3n 67 del BFI London Film Festival en la secci\u00f3n \u201cCreate\u201d, una curadur\u00eda de pel\u00edculas que celebra el proceso creativo.<\/p>\n<p>Cuenta, adem\u00e1s, con un guion de Chea e Israel C\u00e1rdenas; producci\u00f3n de Rafael El\u00edas Mu\u00f1oz, Laura Amelia Guzm\u00e1n y C\u00e1rdenas; y m\u00fasica de Gr\u00e9goire Blanc, de la cual se desprende la canci\u00f3n oficial \u201cMagia\u201d, interpretada por Solo Fern\u00e1ndez, y producida por Lantica Media y Aurora Dominicana.<\/p>\n<p>\u201cCroma Kid\u201d est\u00e1 disponible en espa\u00f1ol, con una duraci\u00f3n de 92 minutos, proyect\u00e1ndose desde este 14 de septiembre en las salas de cine de la Rep\u00fablica Dominicana. Fue seleccionada para la apertura del III Festival de Cine Fine Arts Hecho en RD.<\/p>\n<p>&nbsp;<\/p>\n<p>Fuente: III Festival de Cine Fine Arts Hecho en RD.<\/p>\n<\/div>\n<div class=\"post-body post-content\">\n<div><\/div>\n<\/div>\n","protected":false},"excerpt":{"rendered":"<p>Se estrena este jueves en todos los cines del pa\u00eds La obra fue recientemente seleccionada<\/p>\n","protected":false},"author":2,"featured_media":0,"comment_status":"open","ping_status":"open","sticky":false,"template":"","format":"standard","meta":{"footnotes":""},"categories":[7],"tags":[],"class_list":["post-6731","post","type-post","status-publish","format-standard","hentry","category-nacionales"],"_links":{"self":[{"href":"https:\/\/defrentealaverdad.com\/index.php\/wp-json\/wp\/v2\/posts\/6731","targetHints":{"allow":["GET"]}}],"collection":[{"href":"https:\/\/defrentealaverdad.com\/index.php\/wp-json\/wp\/v2\/posts"}],"about":[{"href":"https:\/\/defrentealaverdad.com\/index.php\/wp-json\/wp\/v2\/types\/post"}],"author":[{"embeddable":true,"href":"https:\/\/defrentealaverdad.com\/index.php\/wp-json\/wp\/v2\/users\/2"}],"replies":[{"embeddable":true,"href":"https:\/\/defrentealaverdad.com\/index.php\/wp-json\/wp\/v2\/comments?post=6731"}],"version-history":[{"count":3,"href":"https:\/\/defrentealaverdad.com\/index.php\/wp-json\/wp\/v2\/posts\/6731\/revisions"}],"predecessor-version":[{"id":6734,"href":"https:\/\/defrentealaverdad.com\/index.php\/wp-json\/wp\/v2\/posts\/6731\/revisions\/6734"}],"wp:attachment":[{"href":"https:\/\/defrentealaverdad.com\/index.php\/wp-json\/wp\/v2\/media?parent=6731"}],"wp:term":[{"taxonomy":"category","embeddable":true,"href":"https:\/\/defrentealaverdad.com\/index.php\/wp-json\/wp\/v2\/categories?post=6731"},{"taxonomy":"post_tag","embeddable":true,"href":"https:\/\/defrentealaverdad.com\/index.php\/wp-json\/wp\/v2\/tags?post=6731"}],"curies":[{"name":"wp","href":"https:\/\/api.w.org\/{rel}","templated":true}]}}