{"id":6729,"date":"2023-09-11T14:29:50","date_gmt":"2023-09-11T14:29:50","guid":{"rendered":"https:\/\/defrentealaverdad.com\/?p=6729"},"modified":"2023-09-19T14:30:31","modified_gmt":"2023-09-19T14:30:31","slug":"grupo-a-fueggo-volvio-a-estremecer-el-prestigioso-escenario-de-hard-rock-cafe-sd","status":"publish","type":"post","link":"https:\/\/defrentealaverdad.com\/index.php\/2023\/09\/11\/grupo-a-fueggo-volvio-a-estremecer-el-prestigioso-escenario-de-hard-rock-cafe-sd\/","title":{"rendered":"\u201cGrupo A Fueggo\u201d, volvi\u00f3 a estremecer el prestigioso escenario de Hard Rock Caf\u00e9 SD"},"content":{"rendered":"<div class=\"col1\">\n<div id=\"post-101135\" class=\"post-alt blog\">\n<p class=\"post_date\"><img decoding=\"async\" class=\"size-medium wp-image-101136 alignleft lazyload\" data-src=\"https:\/\/www.soylatino.net\/v2\/wp-content\/uploads\/2023\/09\/grupoafuego-hr-300x221.jpeg\" data-sizes=\"(max-width: 300px) 100vw, 300px\" data-srcset=\"https:\/\/www.soylatino.net\/v2\/wp-content\/uploads\/2023\/09\/grupoafuego-hr-300x221.jpeg 300w, https:\/\/www.soylatino.net\/v2\/wp-content\/uploads\/2023\/09\/grupoafuego-hr.jpeg 447w\" alt=\"\" width=\"300\" height=\"221\" src=\"data:image\/svg+xml;base64,PHN2ZyB3aWR0aD0iMSIgaGVpZ2h0PSIxIiB4bWxucz0iaHR0cDovL3d3dy53My5vcmcvMjAwMC9zdmciPjwvc3ZnPg==\" style=\"--smush-placeholder-width: 300px; --smush-placeholder-aspect-ratio: 300\/221;\" \/><\/p>\n<div class=\"entry\">\n<p>Santo Domingo, RD\u00a0-Regresamos por 3ra ocasi\u00f3n a \u201cla casa del merengue\u201d, as\u00ed lo expresaron \u201cEdwin, Amaro y Samuel\u201d, integrantes del \u201cGrupo A Fueggo\u201d, quienes hicieron maletas para honrar la invitaci\u00f3n hecho por el destacado merenguero Rafelys Rosario para ser parte importante de su concierto \u201cCompleto\u201d.<\/p>\n<p>El \u201cGrupo A Fueggo\u201d, aprovech\u00f3 su estad\u00eda en la Rep\u00fablica Dominicana para promover su \u00e9xito \u201cBebe Dame\u201d, versi\u00f3n merengue que grabaron junto a la s\u00faper estrella boricua del merengue Elvis Crespo y para tales fines realizaron algunas apariciones en medios importantes present\u00e1ndose en los programas del medio d\u00eda \u201cDe Extremo a Extremo\u201d y \u201cBebeto TV\u201d, adem\u00e1s visitaron la Feria del Libro donde fueron recibidos por el programa \u201cArte y Medio\u201d que dirige la presidenta de Acroarte Wanda S\u00e1nchez.<\/p>\n<p>Esta fue su segunda ocasi\u00f3n en el prestigioso escenario de Hard Rock Caf\u00e9 SD y de igual manera su m\u00fasica, energ\u00eda e interpretaci\u00f3n provoc\u00f3 euforia entre la fanaticada que asisti\u00f3 al concierto \u201cCompleto\u201d donde interpretaron \u00e9xitos como como \u201cEl beso que no le di\u201d, \u201cNo la voy a enga\u00f1ar\u201d, \u201cAmigos con derecho\u201d, entre otros.<\/p>\n<p>Sus representantes en el pa\u00eds \u201cLasanta Music\u201d y @sugarpromotions contin\u00faan esforz\u00e1ndose para mostrar la calidad y el carisma de un proyecto merenguero que desde la isla del encanto esparce al mundo sus propios colores de merengue.<\/p>\n<\/div>\n<\/div>\n<div class=\"author_info\"><\/div>\n<\/div>\n<div id=\"footer\" role=\"contentinfo\">Fuente: Externa<\/div>\n","protected":false},"excerpt":{"rendered":"<p>Santo Domingo, RD\u00a0-Regresamos por 3ra ocasi\u00f3n a \u201cla casa del merengue\u201d, as\u00ed lo expresaron \u201cEdwin,<\/p>\n","protected":false},"author":4,"featured_media":0,"comment_status":"open","ping_status":"open","sticky":false,"template":"","format":"standard","meta":{"footnotes":""},"categories":[6,7],"tags":[],"class_list":["post-6729","post","type-post","status-publish","format-standard","hentry","category-espectaculos","category-nacionales"],"_links":{"self":[{"href":"https:\/\/defrentealaverdad.com\/index.php\/wp-json\/wp\/v2\/posts\/6729","targetHints":{"allow":["GET"]}}],"collection":[{"href":"https:\/\/defrentealaverdad.com\/index.php\/wp-json\/wp\/v2\/posts"}],"about":[{"href":"https:\/\/defrentealaverdad.com\/index.php\/wp-json\/wp\/v2\/types\/post"}],"author":[{"embeddable":true,"href":"https:\/\/defrentealaverdad.com\/index.php\/wp-json\/wp\/v2\/users\/4"}],"replies":[{"embeddable":true,"href":"https:\/\/defrentealaverdad.com\/index.php\/wp-json\/wp\/v2\/comments?post=6729"}],"version-history":[{"count":1,"href":"https:\/\/defrentealaverdad.com\/index.php\/wp-json\/wp\/v2\/posts\/6729\/revisions"}],"predecessor-version":[{"id":6730,"href":"https:\/\/defrentealaverdad.com\/index.php\/wp-json\/wp\/v2\/posts\/6729\/revisions\/6730"}],"wp:attachment":[{"href":"https:\/\/defrentealaverdad.com\/index.php\/wp-json\/wp\/v2\/media?parent=6729"}],"wp:term":[{"taxonomy":"category","embeddable":true,"href":"https:\/\/defrentealaverdad.com\/index.php\/wp-json\/wp\/v2\/categories?post=6729"},{"taxonomy":"post_tag","embeddable":true,"href":"https:\/\/defrentealaverdad.com\/index.php\/wp-json\/wp\/v2\/tags?post=6729"}],"curies":[{"name":"wp","href":"https:\/\/api.w.org\/{rel}","templated":true}]}}