{"id":6725,"date":"2023-09-12T14:27:10","date_gmt":"2023-09-12T14:27:10","guid":{"rendered":"https:\/\/defrentealaverdad.com\/?p=6725"},"modified":"2023-09-19T14:29:13","modified_gmt":"2023-09-19T14:29:13","slug":"empresas-de-transporte-involucradas-en-accidente-de-la-otra-banda-expresan-condolencias-a-familiares-de-victimas","status":"publish","type":"post","link":"https:\/\/defrentealaverdad.com\/index.php\/2023\/09\/12\/empresas-de-transporte-involucradas-en-accidente-de-la-otra-banda-expresan-condolencias-a-familiares-de-victimas\/","title":{"rendered":"Empresas de transporte involucradas en accidente de La Otra Banda expresan condolencias a familiares de v\u00edctimas"},"content":{"rendered":"<div class=\"l-shared-sec-outer show-mobile\">\n<div class=\"l-shared-sec\">\n<div class=\"l-shared-items effect-fadeout is-color\"><img decoding=\"async\" class=\"alignright lazyload\" data-src=\"https:\/\/bavarodigital.net\/wp-content\/uploads\/2023\/09\/WhatsApp-Image-2023-09-12-at-5.54.41-PM-860x860.jpeg\" alt=\"WhatsApp Image 2023 09 12 at 5.54.41 PM\" width=\"382\" height=\"382\" src=\"data:image\/svg+xml;base64,PHN2ZyB3aWR0aD0iMSIgaGVpZ2h0PSIxIiB4bWxucz0iaHR0cDovL3d3dy53My5vcmcvMjAwMC9zdmciPjwvc3ZnPg==\" style=\"--smush-placeholder-width: 382px; --smush-placeholder-aspect-ratio: 382\/382;\" \/><\/div>\n<\/div>\n<\/div>\n<div class=\"e-ct-outer\">\n<div class=\"entry-content rbct clearfix is-highlight-shares\">\n<p style=\"text-align: justify;\"><strong>B\u00e1varo, Punta Cana.-<\/strong>\u00a0Entre ayer y hoy, las empresas de transporte involucradas en el accidente del pasado s\u00e1bado 9 de septiembre que cobr\u00f3 la vida de ocho personas en la carretera La Otra Banda-Ver\u00f3n, han emitido sus condolencias a los familiares de las v\u00edctimas a trav\u00e9s de un comunicado cada una.<\/p>\n<p style=\"text-align: justify;\">Tanto\u00a0<strong>Aviam<\/strong>\u00a0<strong>LTD<\/strong>\u00a0como\u00a0<strong>Star Autoparts S.R.L,\u00a0<\/strong>expresaron con pesar y tristeza la tragedia, al mismo tiempo en el que alegan se unen en solidaridad con los afectados y sus familias, as\u00ed como tambi\u00e9n manifiestan comprometerse con las autoridades para las investigaciones pertinentes del hecho.<\/p>\n<p style=\"text-align: justify;\">Aviam no tuvo ninguna p\u00e9rdida humana, en tanto que de Star Autoparts muri\u00f3 el ch\u00f3fer y dem\u00e1s empleados del hotel Royalton.<\/p>\n<p style=\"text-align: justify;\">El ch\u00f3fer de Aviam, identificado como<strong>\u00a0Gregorio Yan Mart\u00ednez,<\/strong>\u00a0se encuentra detenido preventivamente en la c\u00e1rcel Hig\u00fcey, en la calle Col\u00f3n de la provincia La Altagracia, ya que al mismo el Ministerio P\u00fablico del distrito judicial de La Altagracia solicit\u00f3 la aplicaci\u00f3n de la medida de coerci\u00f3n y el caso declarado complejo.<\/p>\n<p style=\"text-align: justify;\"><strong>Comunicado anexo de Star Autoparts S.R.L.<\/strong><\/p>\n<div class=\"xdj266r x11i5rnm xat24cr x1mh8g0r x1vvkbs x126k92a\" style=\"text-align: justify;\">\n<div dir=\"auto\">El pasado s\u00e1bado 9 del mes y a\u00f1o en curso se produjo un lamentable accidente en la v\u00eda de circulaci\u00f3n La Otra Banda \u2014 Ver\u00f3n, en el cual se vio involucrado un autob\u00fas operado por nuestra empresa, convirti\u00e9ndonos as\u00ed en victima circunstancial de dicho accidente.<\/div>\n<\/div>\n<div class=\"x11i5rnm xat24cr x1mh8g0r x1vvkbs xtlvy1s x126k92a\" style=\"text-align: justify;\">\n<div dir=\"auto\">Somos una empresa de servicios que durante a\u00f1os siempre hemos estado en vigilancia m\u00e1xima garantizando la seguridad f\u00edsica de nuestros usuarios.<\/div>\n<div dir=\"auto\"><\/div>\n<\/div>\n<div class=\"x11i5rnm xat24cr x1mh8g0r x1vvkbs xtlvy1s x126k92a\" style=\"text-align: justify;\">\n<blockquote>\n<div dir=\"auto\">Hoy, todos los integrantes, de esta esta empresa est\u00e1 de luto debido al Fallecimiento de nuestros usuarios y nos unimos al dolor de cada uno de los miembros de las familias afectadas en este fat\u00eddico accidente. Nos mantendremos trabajando junto a las autoridades realizando las investigaciones pertinentes hasta establecer de manera precisa y responsable este hecho que nos entristece a todos. Reciban pues nuestras m\u00e1s sentidas condolencias todos los familiares, amigos y relacionados de las v\u00edctimas. Paz a sus Restos\u2026.<\/div>\n<\/blockquote>\n<\/div>\n<div dir=\"auto\" style=\"text-align: justify;\"><\/div>\n<div dir=\"auto\" style=\"text-align: justify;\"><strong>Comunicado anexo de Aviam<\/strong><\/div>\n<div dir=\"auto\">\n<p style=\"text-align: justify;\">Con gran pesar y profunda tristeza expresamos nuestras condolencias a los familiares, amigos y compa\u00f1eros de trabajo de las personas que, lamentablemente, fallecieron en el accidente automovil\u00edstico en el que una de nuestras unidades de transporte de personal se vio involucrada.<\/p>\n<p style=\"text-align: justify;\">Esta tragedia afecta y enlutece a toda nuestra comunidad y deja un dolor irreparable a todos los que somos parte de ella.<\/p>\n<p style=\"text-align: justify;\">De igual forma, nos solidarizamos con las personas que permanecen hospitalizadas, entre las cuales se encuentra uno de nuestros colaboradores; pedimos a Dios que pronto todos est\u00e9n plenamente recuperados y de vuelta en sus labores cotidianas.<\/p>\n<p style=\"text-align: justify;\">En Aviam estamos altamente comprometidos con la seguridad de nuestros colaboradores y de todo el entorno en que actuamos. A los fines de reforzar aun m\u00e1s los estrictos protocolos que mantenemos, esperamos con extremo inter\u00e9s conocer el resultado de las investigaciones y la determinaci\u00f3n de las causas de este lamentable accidente.<\/p>\n<p style=\"text-align: justify;\">Las recomendaciones que sean efectuadas a partir de las mismas, nos permitiran seguir aportando a la mejora de la seguridad en las carreteras y el transporte del personal hotelero en nuestra zona tur\u00edstica.<\/p>\n<p>Nuestro pensamiento y oraciones est\u00e1n con todas las v\u00ecctimas, sus familiares y allegados.<\/p>\n<p>Fuente: Bavaro Digital<\/p>\n<\/div>\n<\/div>\n<\/div>\n","protected":false},"excerpt":{"rendered":"<p>B\u00e1varo, Punta Cana.-\u00a0Entre ayer y hoy, las empresas de transporte involucradas en el accidente del<\/p>\n","protected":false},"author":1,"featured_media":0,"comment_status":"open","ping_status":"open","sticky":false,"template":"","format":"standard","meta":{"footnotes":""},"categories":[7],"tags":[],"class_list":["post-6725","post","type-post","status-publish","format-standard","hentry","category-nacionales"],"_links":{"self":[{"href":"https:\/\/defrentealaverdad.com\/index.php\/wp-json\/wp\/v2\/posts\/6725","targetHints":{"allow":["GET"]}}],"collection":[{"href":"https:\/\/defrentealaverdad.com\/index.php\/wp-json\/wp\/v2\/posts"}],"about":[{"href":"https:\/\/defrentealaverdad.com\/index.php\/wp-json\/wp\/v2\/types\/post"}],"author":[{"embeddable":true,"href":"https:\/\/defrentealaverdad.com\/index.php\/wp-json\/wp\/v2\/users\/1"}],"replies":[{"embeddable":true,"href":"https:\/\/defrentealaverdad.com\/index.php\/wp-json\/wp\/v2\/comments?post=6725"}],"version-history":[{"count":2,"href":"https:\/\/defrentealaverdad.com\/index.php\/wp-json\/wp\/v2\/posts\/6725\/revisions"}],"predecessor-version":[{"id":6727,"href":"https:\/\/defrentealaverdad.com\/index.php\/wp-json\/wp\/v2\/posts\/6725\/revisions\/6727"}],"wp:attachment":[{"href":"https:\/\/defrentealaverdad.com\/index.php\/wp-json\/wp\/v2\/media?parent=6725"}],"wp:term":[{"taxonomy":"category","embeddable":true,"href":"https:\/\/defrentealaverdad.com\/index.php\/wp-json\/wp\/v2\/categories?post=6725"},{"taxonomy":"post_tag","embeddable":true,"href":"https:\/\/defrentealaverdad.com\/index.php\/wp-json\/wp\/v2\/tags?post=6725"}],"curies":[{"name":"wp","href":"https:\/\/api.w.org\/{rel}","templated":true}]}}