{"id":6684,"date":"2023-09-14T13:26:23","date_gmt":"2023-09-14T13:26:23","guid":{"rendered":"https:\/\/defrentealaverdad.com\/?p=6684"},"modified":"2023-09-19T13:28:26","modified_gmt":"2023-09-19T13:28:26","slug":"mejor-universidad-privada-de-costa-rica-ofrece-becas-100-a-dominicanos","status":"publish","type":"post","link":"https:\/\/defrentealaverdad.com\/index.php\/2023\/09\/14\/mejor-universidad-privada-de-costa-rica-ofrece-becas-100-a-dominicanos\/","title":{"rendered":"Mejor universidad privada de Costa Rica ofrece becas 100% a dominicanos"},"content":{"rendered":"<p style=\"text-align: justify;\"><strong>Santo Domingo<\/strong>. &#8211; La Universidad Latinoamericana de Ciencia y Tecnolog\u00eda (ULACIT), de Costa Rica, lanz\u00f3 un programa de becas 100 por ciento para dominicanos que quieran ir a esa naci\u00f3n centroamericana a formarse profesionalmente.<\/p>\n<p><img decoding=\"async\" class=\"size-medium wp-image-6685 alignleft lazyload\" data-src=\"https:\/\/defrentealaverdad.com\/wp-content\/uploads\/2023\/09\/WhatsApp-Image-2023-09-14-at-15.30.22-300x278.jpeg\" alt=\"\" width=\"300\" height=\"278\" data-srcset=\"https:\/\/defrentealaverdad.com\/wp-content\/uploads\/2023\/09\/WhatsApp-Image-2023-09-14-at-15.30.22-300x278.jpeg 300w, https:\/\/defrentealaverdad.com\/wp-content\/uploads\/2023\/09\/WhatsApp-Image-2023-09-14-at-15.30.22-1024x950.jpeg 1024w, https:\/\/defrentealaverdad.com\/wp-content\/uploads\/2023\/09\/WhatsApp-Image-2023-09-14-at-15.30.22-768x713.jpeg 768w, https:\/\/defrentealaverdad.com\/wp-content\/uploads\/2023\/09\/WhatsApp-Image-2023-09-14-at-15.30.22.jpeg 1293w\" data-sizes=\"(max-width: 300px) 100vw, 300px\" src=\"data:image\/svg+xml;base64,PHN2ZyB3aWR0aD0iMSIgaGVpZ2h0PSIxIiB4bWxucz0iaHR0cDovL3d3dy53My5vcmcvMjAwMC9zdmciPjwvc3ZnPg==\" style=\"--smush-placeholder-width: 300px; --smush-placeholder-aspect-ratio: 300\/278;\" \/><\/p>\n<p style=\"text-align: justify;\">El centro de educaci\u00f3n superior, reconocido como el mejor centro de ense\u00f1anza superior privada de Costa Rica y Centroam\u00e9rica, ofrece importantes beneficios de matr\u00edcula y una extensa oferta acad\u00e9mica que incluye ciencias sociales, de la salud e ingenier\u00edas.<\/p>\n<p style=\"text-align: justify;\">\u201cQueremos que los hermanos dominicanos vayan a nuestro pa\u00eds y as\u00ed aprovechen que Costa Rica se ha convertido en el top de las industrias de ciencias de la vida, farmac\u00e9uticas, dispositivos m\u00e9dicos, bioingenier\u00eda. Tenemos carreras que abarcan esos campos, as\u00ed como el de la biom\u00e9dica, ciencia de datos y ciberseguridad\u201d, coment\u00f3 Alex Fern\u00e1ndez, CEO de ULACIT.<\/p>\n<p style=\"text-align: justify;\">Seg\u00fan Fern\u00e1ndez, los interesados podr\u00e1n aplicar en la p\u00e1gina de <a href=\"https:\/\/www.ulacit.ac.cr\/\">ulacit.ac.cr<\/a>, en el apartado de\u00a0 becas y podr\u00e1 optar por una beca del 100%. Es muy importante que no solamente son becas socioecon\u00f3micas, tambi\u00e9n buscamos j\u00f3venes que, aunque tengan posibilidades econ\u00f3micas, quieran destacar su liderazgo en las artes, en la m\u00fasica en el deporte, la protecci\u00f3n del medio ambiente,\u00a0 en los derechos humanos.<\/p>\n<p style=\"text-align: justify;\"><strong>\u00a0<\/strong>Fern\u00e1ndez explic\u00f3 que, dentro de las carreras con mayores niveles de empleabilidad, se mantienen ingenier\u00eda inform\u00e1tica,\u00a0ingenier\u00eda en sistemas,\u00a0administraci\u00f3n de negocios, administraci\u00f3n de proyectos e ingenier\u00eda industrial.<\/p>\n<p style=\"text-align: justify;\">Agreg\u00f3 que tambi\u00e9n aspiran a contar con j\u00f3venes l\u00edderes que quieran expandir sus fronteras e irse a estudiar al extranjero, en un lugar donde est\u00e1n ubicados probablemente el 90 por ciento de las empresas m\u00e1s importantes en inform\u00e1tica, desarrollo de videojuegos y animaci\u00f3n digital.<\/p>\n<p style=\"text-align: justify;\"><em><strong><u>Posicionamiento l\u00edder en la regi\u00f3n <\/u><\/strong><\/em><\/p>\n<p style=\"text-align: justify;\">ULACIT fue galardonada nuevamente, como el mejor centro de ense\u00f1anza superior privada en Costa Rica y Centroam\u00e9rica y con ello, son 13 a\u00f1os consecutivos de obtener la distinci\u00f3n.<\/p>\n<p style=\"text-align: justify;\">Este anuncio lo realiz\u00f3 la prestigiosa empresa brit\u00e1nica Quacquarelli Symonds (QS) en su ranking anual de centros de estudios superiores de la regi\u00f3n, el\u00a0QS Latin America University Rankings 2024, celebrado en Santo Domingo, con la presencia de Raquel Pe\u00f1a, vicepresidenta de la Rep\u00fablica.<\/p>\n<p style=\"text-align: justify;\">Se trata de una universidad costarricense de gran prestigio, que desea dar la bienvenida a estudiantes de Rep\u00fablica Dominicana y para ello, les ofrece importantes beneficios de matr\u00edcula y una extensa oferta acad\u00e9mica que incluye Ciencias Sociales, de la Salud e Ingenier\u00edas.<\/p>\n<p style=\"text-align: justify;\">Para elaborarlo, se analizaron 430 universidades de toda la regi\u00f3n en categor\u00edas como el prestigio, la preparaci\u00f3n acad\u00e9mica de los docentes, publicaciones, calidad de las investigaciones y la capacidad de colocaci\u00f3n, entre otros indicadores.<\/p>\n<p style=\"text-align: justify;\">En esta ocasi\u00f3n ULACIT, que tiene a\u00f1os escogida entre las m\u00e1s posicionadas, mejor\u00f3 10 posiciones respecto al a\u00f1o anterior y se ubic\u00f3 entre el 36 por ciento de las universidades de Am\u00e9rica Latina mejor evaluadas.<\/p>\n<p style=\"text-align: justify;\"><strong><u>Hombro a hombro con las universidades p\u00fablicas<\/u><\/strong><\/p>\n<p style=\"text-align: justify;\">En el ranking de universidades p\u00fablicas y privadas, ULACIT est\u00e1 incluida en el top 5 de Centroam\u00e9rica, junto con tres universidades p\u00fablicas de Costa Rica y una p\u00fablica paname\u00f1a.<\/p>\n<p style=\"text-align: justify;\">\u201cNos sentimos muy honrados y agradecidos con este reconocimiento, porque premia el esfuerzo visionario, constante y responsable de m\u00e1s de una d\u00e9cada. Se confirma, adem\u00e1s, que acertamos con nuestra visi\u00f3n de facilitarle a nuestros estudiantes un tipo de educaci\u00f3n biling\u00fce y una metodolog\u00eda de vanguardia que ha superado los retos que se presentan con el pasar del tiempo\u201d, se\u00f1al\u00f3 Marianela N\u00fa\u00f1ez, rectora de ULACIT.<\/p>\n<p style=\"text-align: justify;\">Los logros por la excelencia acad\u00e9mica de ULACIT son constantes, el a\u00f1o pasado obtuvo el lugar n\u00famero 18 a nivel mundial en resultados de empleabilidad, de acuerdo con QS Recognition of Employability.<\/p>\n<p style=\"text-align: justify;\">Esto se debi\u00f3 al alto nivel de empleabilidad que tienen sus estudiantes y egresados, en ese otro ranking obtuvo una calificaci\u00f3n de 99.5 por ciento de 100.<\/p>\n<p style=\"text-align: justify;\">El 98 por ciento de sus estudiantes se grad\u00faan teniendo trabajo, como resultado del esfuerzo del equipo docente y administrativo.<\/p>\n<p style=\"text-align: justify;\"><strong><em>Oferta acad\u00e9mica<\/em><\/strong><\/p>\n<p style=\"text-align: justify;\">Puede conocer todos los programas de ULACIT y aplicar a becas en estos\u00a0 enlaces:\u00a0<a href=\"https:\/\/www.ulacit.ac.cr\/programas\/\">https:\/\/www.ulacit.ac.cr\/programas\/<\/a> \/\u00a0 <a href=\"https:\/\/www.ulacit.ac.cr\/global-internacional\/\">https:\/\/www.ulacit.ac.cr\/global-internacional\/<\/a><\/p>\n<p style=\"text-align: justify;\">\n<p style=\"text-align: justify;\">Fuente: ULACIT<\/p>\n","protected":false},"excerpt":{"rendered":"<p>Santo Domingo. &#8211; La Universidad Latinoamericana de Ciencia y Tecnolog\u00eda (ULACIT), de Costa Rica, lanz\u00f3<\/p>\n","protected":false},"author":4,"featured_media":0,"comment_status":"open","ping_status":"open","sticky":false,"template":"","format":"standard","meta":{"footnotes":""},"categories":[16],"tags":[],"class_list":["post-6684","post","type-post","status-publish","format-standard","hentry","category-internacionales"],"_links":{"self":[{"href":"https:\/\/defrentealaverdad.com\/index.php\/wp-json\/wp\/v2\/posts\/6684","targetHints":{"allow":["GET"]}}],"collection":[{"href":"https:\/\/defrentealaverdad.com\/index.php\/wp-json\/wp\/v2\/posts"}],"about":[{"href":"https:\/\/defrentealaverdad.com\/index.php\/wp-json\/wp\/v2\/types\/post"}],"author":[{"embeddable":true,"href":"https:\/\/defrentealaverdad.com\/index.php\/wp-json\/wp\/v2\/users\/4"}],"replies":[{"embeddable":true,"href":"https:\/\/defrentealaverdad.com\/index.php\/wp-json\/wp\/v2\/comments?post=6684"}],"version-history":[{"count":1,"href":"https:\/\/defrentealaverdad.com\/index.php\/wp-json\/wp\/v2\/posts\/6684\/revisions"}],"predecessor-version":[{"id":6686,"href":"https:\/\/defrentealaverdad.com\/index.php\/wp-json\/wp\/v2\/posts\/6684\/revisions\/6686"}],"wp:attachment":[{"href":"https:\/\/defrentealaverdad.com\/index.php\/wp-json\/wp\/v2\/media?parent=6684"}],"wp:term":[{"taxonomy":"category","embeddable":true,"href":"https:\/\/defrentealaverdad.com\/index.php\/wp-json\/wp\/v2\/categories?post=6684"},{"taxonomy":"post_tag","embeddable":true,"href":"https:\/\/defrentealaverdad.com\/index.php\/wp-json\/wp\/v2\/tags?post=6684"}],"curies":[{"name":"wp","href":"https:\/\/api.w.org\/{rel}","templated":true}]}}