{"id":6681,"date":"2023-09-14T13:25:02","date_gmt":"2023-09-14T13:25:02","guid":{"rendered":"https:\/\/defrentealaverdad.com\/?p=6681"},"modified":"2023-09-19T13:26:04","modified_gmt":"2023-09-19T13:26:04","slug":"charlie-charlie-promociona-corte-voy-a-beber-por-ella","status":"publish","type":"post","link":"https:\/\/defrentealaverdad.com\/index.php\/2023\/09\/14\/charlie-charlie-promociona-corte-voy-a-beber-por-ella\/","title":{"rendered":"Charlie Charlie promociona corte \u00bb Voy a beber por ella\u00bb"},"content":{"rendered":"<p style=\"text-align: justify;\">Santo Domingo. El int\u00e9rprete del ritmo bachata Charlie Charlie promociona actualmente su mas reciente corte musical titulado \u00abVoy a beber por ella\u00bb. Acoplado en una armon\u00eda de bachata pueblerina, est\u00e1 confiado en que su p\u00fablico disfrutar\u00e1 de este corte como lo ha hecho con sus anteriores.<\/p>\n<p style=\"text-align: justify;\"><img decoding=\"async\" class=\"wp-image-6682 alignright lazyload\" data-src=\"https:\/\/defrentealaverdad.com\/wp-content\/uploads\/2023\/09\/WhatsApp-Image-2023-09-14-at-10.27.11-218x300.jpeg\" alt=\"\" width=\"117\" height=\"162\" data-srcset=\"https:\/\/defrentealaverdad.com\/wp-content\/uploads\/2023\/09\/WhatsApp-Image-2023-09-14-at-10.27.11-218x300.jpeg 218w, https:\/\/defrentealaverdad.com\/wp-content\/uploads\/2023\/09\/WhatsApp-Image-2023-09-14-at-10.27.11-744x1024.jpeg 744w, https:\/\/defrentealaverdad.com\/wp-content\/uploads\/2023\/09\/WhatsApp-Image-2023-09-14-at-10.27.11-768x1057.jpeg 768w, https:\/\/defrentealaverdad.com\/wp-content\/uploads\/2023\/09\/WhatsApp-Image-2023-09-14-at-10.27.11.jpeg 1080w\" data-sizes=\"(max-width: 117px) 100vw, 117px\" src=\"data:image\/svg+xml;base64,PHN2ZyB3aWR0aD0iMSIgaGVpZ2h0PSIxIiB4bWxucz0iaHR0cDovL3d3dy53My5vcmcvMjAwMC9zdmciPjwvc3ZnPg==\" style=\"--smush-placeholder-width: 117px; --smush-placeholder-aspect-ratio: 117\/162;\" \/>\u00bb Mat\u00e9 la pena\u00bb y \u00abRamonita\u00bb, se dejaron sentir en la radio nacional y tuvieron sustentado en audiovisuales que tuvieron presencia en los canales televisivo locales y las principales plataformas digitales.<\/p>\n<p style=\"text-align: justify;\">La oficina del artista, asimismo, inform\u00f3 que desde ya el corte est\u00e1 disponible en todas las plataformas digitales. Charlie Charlie es oriundo de San Francisco de Macor\u00eds y desde hace varios a\u00f1os, reside en Puerto Rico desde donde maneja su carrera.<\/p>\n<p style=\"text-align: justify;\">\n<p style=\"text-align: justify;\">Fuente: Externa<\/p>\n","protected":false},"excerpt":{"rendered":"<p>Santo Domingo. El int\u00e9rprete del ritmo bachata Charlie Charlie promociona actualmente su mas reciente corte<\/p>\n","protected":false},"author":1,"featured_media":0,"comment_status":"open","ping_status":"open","sticky":false,"template":"","format":"standard","meta":{"footnotes":""},"categories":[6,7],"tags":[],"class_list":["post-6681","post","type-post","status-publish","format-standard","hentry","category-espectaculos","category-nacionales"],"_links":{"self":[{"href":"https:\/\/defrentealaverdad.com\/index.php\/wp-json\/wp\/v2\/posts\/6681","targetHints":{"allow":["GET"]}}],"collection":[{"href":"https:\/\/defrentealaverdad.com\/index.php\/wp-json\/wp\/v2\/posts"}],"about":[{"href":"https:\/\/defrentealaverdad.com\/index.php\/wp-json\/wp\/v2\/types\/post"}],"author":[{"embeddable":true,"href":"https:\/\/defrentealaverdad.com\/index.php\/wp-json\/wp\/v2\/users\/1"}],"replies":[{"embeddable":true,"href":"https:\/\/defrentealaverdad.com\/index.php\/wp-json\/wp\/v2\/comments?post=6681"}],"version-history":[{"count":1,"href":"https:\/\/defrentealaverdad.com\/index.php\/wp-json\/wp\/v2\/posts\/6681\/revisions"}],"predecessor-version":[{"id":6683,"href":"https:\/\/defrentealaverdad.com\/index.php\/wp-json\/wp\/v2\/posts\/6681\/revisions\/6683"}],"wp:attachment":[{"href":"https:\/\/defrentealaverdad.com\/index.php\/wp-json\/wp\/v2\/media?parent=6681"}],"wp:term":[{"taxonomy":"category","embeddable":true,"href":"https:\/\/defrentealaverdad.com\/index.php\/wp-json\/wp\/v2\/categories?post=6681"},{"taxonomy":"post_tag","embeddable":true,"href":"https:\/\/defrentealaverdad.com\/index.php\/wp-json\/wp\/v2\/tags?post=6681"}],"curies":[{"name":"wp","href":"https:\/\/api.w.org\/{rel}","templated":true}]}}