{"id":6669,"date":"2023-09-14T13:15:35","date_gmt":"2023-09-14T13:15:35","guid":{"rendered":"https:\/\/defrentealaverdad.com\/?p=6669"},"modified":"2023-09-19T13:17:38","modified_gmt":"2023-09-19T13:17:38","slug":"clausura-a-la-3era-edicion-del-festival-de-cine-fine-arts-hecho-en-rd","status":"publish","type":"post","link":"https:\/\/defrentealaverdad.com\/index.php\/2023\/09\/14\/clausura-a-la-3era-edicion-del-festival-de-cine-fine-arts-hecho-en-rd\/","title":{"rendered":"Clausura a la 3era Edici\u00f3n del Festival de Cine Fine Arts hecho en RD"},"content":{"rendered":"<p>La pel\u00edcula \u201cEl M\u00e9todo\u201d de David Maler fue la gran ganadora con 3 premios incluyendo mejor pel\u00edcula, mientras que \u00abCroma Kid\u00bb y \u00abLa Hembrita\u00bb se alzaron con 2 premios cada una<\/p>\n<p><img decoding=\"async\" class=\"size-medium wp-image-6670 alignright lazyload\" data-src=\"https:\/\/defrentealaverdad.com\/wp-content\/uploads\/2023\/09\/WhatsApp-Image-2023-09-14-at-08.56.08-300x200.jpeg\" alt=\"\" width=\"300\" height=\"200\" data-srcset=\"https:\/\/defrentealaverdad.com\/wp-content\/uploads\/2023\/09\/WhatsApp-Image-2023-09-14-at-08.56.08-300x200.jpeg 300w, https:\/\/defrentealaverdad.com\/wp-content\/uploads\/2023\/09\/WhatsApp-Image-2023-09-14-at-08.56.08-1024x682.jpeg 1024w, https:\/\/defrentealaverdad.com\/wp-content\/uploads\/2023\/09\/WhatsApp-Image-2023-09-14-at-08.56.08-768x512.jpeg 768w, https:\/\/defrentealaverdad.com\/wp-content\/uploads\/2023\/09\/WhatsApp-Image-2023-09-14-at-08.56.08-1536x1023.jpeg 1536w, https:\/\/defrentealaverdad.com\/wp-content\/uploads\/2023\/09\/WhatsApp-Image-2023-09-14-at-08.56.08.jpeg 1600w\" data-sizes=\"(max-width: 300px) 100vw, 300px\" src=\"data:image\/svg+xml;base64,PHN2ZyB3aWR0aD0iMSIgaGVpZ2h0PSIxIiB4bWxucz0iaHR0cDovL3d3dy53My5vcmcvMjAwMC9zdmciPjwvc3ZnPg==\" style=\"--smush-placeholder-width: 300px; --smush-placeholder-aspect-ratio: 300\/200;\" \/><\/p>\n<p>Santo Domingo. &#8211; El Festival de Cine Fine Arts Hecho en RD concluy\u00f3 con \u00e9xito su tercera edici\u00f3n, esta vez realizado simult\u00e1neamente en Santo Domingo y Santiago con la proyecci\u00f3n de pel\u00edculas, documentales y conversatorios 100% dominicanos.<\/p>\n<p>Con la proyecci\u00f3n de \u201cEl M\u00e9todo\u201d como pel\u00edcula de clausura, El festival de cine Fine Arts hecho en RD presentado por Caribbean Cinemas y Altice se anunciaron los ganadores de diferentes categor\u00edas de esta 3ra edici\u00f3n.<\/p>\n<p>El premio a Mejor director fue para David Maler, por \u201cEl M\u00e9todo\u201d; Mejor actriz principal y secundaria fue para Cecilia Garc\u00eda y Xiomara Fortuna, respectivamente, por \u201cLa Hembrita\u201d; Mejor actor principal Pepe Sierra por \u201cEl M\u00e9todo\u201d; secundario fue para David Maler por \u201cCroma Kid\u201d; Mejor guion para \u201cCroma Kid\u201d en un trabajo de Israel C\u00e1rdenas y Pablo Chea; Mejor Pel\u00edcula \u201cEl M\u00e9todo\u201d; Mejor cortometraje de ficci\u00f3n fue para \u201cUn gavillero en la sierra\u201d, dirigido por Ricardo Ariel Toribio, y Mejor cortometraje documental pata \u201cEn busca del coraz\u00f3n azul\u201d, una direcci\u00f3n, guion y producci\u00f3n de Amelia Deschamps.<\/p>\n<p>El jurado oficial este a\u00f1o estuvo compuesto por los cr\u00edticos de cine, y cineastas Ariel Feliciano, V\u00edctor Pi\u00f1eiro, Marc Mej\u00eda, Alfonso Qui\u00f1ones, Jos\u00e9 Rafael Sosa, presidido por F\u00e9lix Manuel Lora, quienes evaluaron todas las pel\u00edculas y cortometrajes presentados durante el festival.<\/p>\n<p><strong>Sobre El M\u00e9todo<\/strong><\/p>\n<p>Un grupo de profesionales acuden a una entrevista de trabajo para una posici\u00f3n muy lucrativa dentro de una de las empresas multinacionales m\u00e1s grandes del mundo. Al llegar se sorprenden de que no hay tal entrevistador, sino que se ser\u00e1n sometidos a una din\u00e1mica muy particular. Lo que comienza como un proceso civilizado y profesional, termina sacando la parte m\u00e1s oscura y animal de cada uno.<\/p>\n<p>Cuenta con las actuacciones de Nashla Bogaert, Hector An\u00edbal, Georgina Duluc, Pepe Sierra, Yasser Michelen, Dahiana Cordero y Roger Wasserman. El Festival de Cine Fine Arts \u201cHecho en RD\u201d es un evento de Caribbean Cinemas con el auspicio oficial de Altice Dominicana y su programa de lealtad Altice Cinema. Tambi\u00e9n se hace posible gracias a sus patrocinadores: Banco Caribe, Johnnie Walker, Induveca y Franks, adem\u00e1s de contar con el apoyo de DGCINE.<\/p>\n<p>&nbsp;<\/p>\n<p>Fuente: Festival de Cine Fine Arts Hecho en RD<\/p>\n","protected":false},"excerpt":{"rendered":"<p>La pel\u00edcula \u201cEl M\u00e9todo\u201d de David Maler fue la gran ganadora con 3 premios incluyendo<\/p>\n","protected":false},"author":2,"featured_media":0,"comment_status":"open","ping_status":"open","sticky":false,"template":"","format":"standard","meta":{"footnotes":""},"categories":[6,7],"tags":[],"class_list":["post-6669","post","type-post","status-publish","format-standard","hentry","category-espectaculos","category-nacionales"],"_links":{"self":[{"href":"https:\/\/defrentealaverdad.com\/index.php\/wp-json\/wp\/v2\/posts\/6669","targetHints":{"allow":["GET"]}}],"collection":[{"href":"https:\/\/defrentealaverdad.com\/index.php\/wp-json\/wp\/v2\/posts"}],"about":[{"href":"https:\/\/defrentealaverdad.com\/index.php\/wp-json\/wp\/v2\/types\/post"}],"author":[{"embeddable":true,"href":"https:\/\/defrentealaverdad.com\/index.php\/wp-json\/wp\/v2\/users\/2"}],"replies":[{"embeddable":true,"href":"https:\/\/defrentealaverdad.com\/index.php\/wp-json\/wp\/v2\/comments?post=6669"}],"version-history":[{"count":1,"href":"https:\/\/defrentealaverdad.com\/index.php\/wp-json\/wp\/v2\/posts\/6669\/revisions"}],"predecessor-version":[{"id":6671,"href":"https:\/\/defrentealaverdad.com\/index.php\/wp-json\/wp\/v2\/posts\/6669\/revisions\/6671"}],"wp:attachment":[{"href":"https:\/\/defrentealaverdad.com\/index.php\/wp-json\/wp\/v2\/media?parent=6669"}],"wp:term":[{"taxonomy":"category","embeddable":true,"href":"https:\/\/defrentealaverdad.com\/index.php\/wp-json\/wp\/v2\/categories?post=6669"},{"taxonomy":"post_tag","embeddable":true,"href":"https:\/\/defrentealaverdad.com\/index.php\/wp-json\/wp\/v2\/tags?post=6669"}],"curies":[{"name":"wp","href":"https:\/\/api.w.org\/{rel}","templated":true}]}}