{"id":6665,"date":"2023-09-13T13:14:14","date_gmt":"2023-09-13T13:14:14","guid":{"rendered":"https:\/\/defrentealaverdad.com\/?p=6665"},"modified":"2023-09-19T13:15:20","modified_gmt":"2023-09-19T13:15:20","slug":"directo-al-show-y-wilson-sued-se-reinventan","status":"publish","type":"post","link":"https:\/\/defrentealaverdad.com\/index.php\/2023\/09\/13\/directo-al-show-y-wilson-sued-se-reinventan\/","title":{"rendered":"Directo al Show y Wilson Sued, se reinventan"},"content":{"rendered":"<p><img decoding=\"async\" class=\"size-medium wp-image-6666 alignright lazyload\" data-src=\"https:\/\/defrentealaverdad.com\/wp-content\/uploads\/2023\/09\/WhatsApp-Image-2023-09-13-at-23.00.35-300x200.jpeg\" alt=\"\" width=\"300\" height=\"200\" data-srcset=\"https:\/\/defrentealaverdad.com\/wp-content\/uploads\/2023\/09\/WhatsApp-Image-2023-09-13-at-23.00.35-300x200.jpeg 300w, https:\/\/defrentealaverdad.com\/wp-content\/uploads\/2023\/09\/WhatsApp-Image-2023-09-13-at-23.00.35-1024x682.jpeg 1024w, https:\/\/defrentealaverdad.com\/wp-content\/uploads\/2023\/09\/WhatsApp-Image-2023-09-13-at-23.00.35-768x511.jpeg 768w, https:\/\/defrentealaverdad.com\/wp-content\/uploads\/2023\/09\/WhatsApp-Image-2023-09-13-at-23.00.35.jpeg 1280w\" data-sizes=\"(max-width: 300px) 100vw, 300px\" src=\"data:image\/svg+xml;base64,PHN2ZyB3aWR0aD0iMSIgaGVpZ2h0PSIxIiB4bWxucz0iaHR0cDovL3d3dy53My5vcmcvMjAwMC9zdmciPjwvc3ZnPg==\" style=\"--smush-placeholder-width: 300px; --smush-placeholder-aspect-ratio: 300\/200;\" \/><\/p>\n<p style=\"text-align: justify;\">SANTO DOMINGO. &#8211; El comunicador y empresario Wilson Sued junto al equipo de la productora 2D2 Creativos, siguen apostando a una televisi\u00f3n de calidad, con alto contenido de entretenimiento e informaci\u00f3n en sus distintas plataformas.<\/p>\n<p style=\"text-align: justify;\">En MG Kitchen, de la capital presentaron los cambios de \u201cDirecto al Show\u201d, que se transmite de lunes a jueves a las 9:00 pm desde Santiago, a trav\u00e9s de Digital 15 y a las 10:00 pm, por Telemicro Internacional para toda la di\u00e1spora. En el que se habl\u00f3 del segmento \u201cDirecto a la Pol\u00edtica\u201d. Que conducir\u00e1n Manuel Am\u00e9zquita, Mirian Cruz y Oliver Pe\u00f1a.<\/p>\n<p style=\"text-align: justify;\">El lanzamiento \u201cDirecto al Show, fin de semana\u201d, que llega con un contenido distinto, fresco, menos panel y m\u00e1s entrevistas. Siendo conducido por: Sandra Berrocal, Letty Ullola, (Dj mariposa) Genesis Escorihuela, Ana Carolina Castillo, y el propio Sued. Este ser\u00e1 transmitido viernes y s\u00e1bado por Digital 15 y telemicro internacional a partir de la 9:00 pm, y los domingos a las 5:00 pm a trav\u00e9s del canal de YouTube del programa.<\/p>\n<p style=\"text-align: justify;\">\u201cEn este formato, las integrantes tendr\u00e1n la oportunidad no s\u00f3lo de comentar de temas mixtos, sino tambi\u00e9n romper el molde con los invitados. Adem\u00e1s, de cada una poseer un segmento en espec\u00edfico para dar m\u00e1s versatilidad y contenido\u201d, sostuvo Wilson Sued, al momento de su intervenci\u00f3n.<\/p>\n<p style=\"text-align: justify;\">Por otra parte, se present\u00f3 \u201cYaesunhecho.com\u201d, un peri\u00f3dico digital que a su vez tendr\u00e1 dos emisiones; \u201cYa Es Un Hecho Radio\u201d, por la emisora matriz Full 94.1 FM, a la 1:30 pm y la segunda por televisi\u00f3n a las 8:00 pm a trav\u00e9s de Nexxo TV canal 20, cubriendo toda la geograf\u00eda nacional desde el lunes 18 de septiembre, contando con la conducci\u00f3n de: Sarah Sued, Claudia Piron y Kismel Cruz, como presentadoras y comentaristas. Tambi\u00e9n el periodista Elmer F\u00e9liz como subdirector nacional del diario en el area de entretenimiento.<\/p>\n<p style=\"text-align: justify;\">Esta vez, la celebraci\u00f3n del tercer aniversario de \u201cDirecto al Show\u201d no ser\u00e1 suntuoso como en los a\u00f1os anteriores, si no que ser\u00e1 en el marco de obras sociales de todo el equipo en tres diferentes provincias del pa\u00eds, simbolizando los tres a\u00f1os que tiene la plataforma al aire.<\/p>\n<p style=\"text-align: justify;\">Estuvieron presentes acompa\u00f1ando a Wilson Sued, los talentos que iniciaron en la plataforma como: Arisleidy Jimenez, German Dominicci , Rosay Marte, y los m\u00e1s recientes en entrar Claribel Adames, Brenda Sanchez, el influencer Hector Fortuna, el Dr. Paul Irrizari que son los rostros visibles, as\u00ed como personalidades, periodistas y allegados a la plataforma.<\/p>\n<p>&nbsp;<\/p>\n<p>Fuente: Externa<\/p>\n","protected":false},"excerpt":{"rendered":"<p>SANTO DOMINGO. &#8211; El comunicador y empresario Wilson Sued junto al equipo de la productora<\/p>\n","protected":false},"author":1,"featured_media":0,"comment_status":"open","ping_status":"open","sticky":false,"template":"","format":"standard","meta":{"footnotes":""},"categories":[6,7],"tags":[],"class_list":["post-6665","post","type-post","status-publish","format-standard","hentry","category-espectaculos","category-nacionales"],"_links":{"self":[{"href":"https:\/\/defrentealaverdad.com\/index.php\/wp-json\/wp\/v2\/posts\/6665","targetHints":{"allow":["GET"]}}],"collection":[{"href":"https:\/\/defrentealaverdad.com\/index.php\/wp-json\/wp\/v2\/posts"}],"about":[{"href":"https:\/\/defrentealaverdad.com\/index.php\/wp-json\/wp\/v2\/types\/post"}],"author":[{"embeddable":true,"href":"https:\/\/defrentealaverdad.com\/index.php\/wp-json\/wp\/v2\/users\/1"}],"replies":[{"embeddable":true,"href":"https:\/\/defrentealaverdad.com\/index.php\/wp-json\/wp\/v2\/comments?post=6665"}],"version-history":[{"count":1,"href":"https:\/\/defrentealaverdad.com\/index.php\/wp-json\/wp\/v2\/posts\/6665\/revisions"}],"predecessor-version":[{"id":6667,"href":"https:\/\/defrentealaverdad.com\/index.php\/wp-json\/wp\/v2\/posts\/6665\/revisions\/6667"}],"wp:attachment":[{"href":"https:\/\/defrentealaverdad.com\/index.php\/wp-json\/wp\/v2\/media?parent=6665"}],"wp:term":[{"taxonomy":"category","embeddable":true,"href":"https:\/\/defrentealaverdad.com\/index.php\/wp-json\/wp\/v2\/categories?post=6665"},{"taxonomy":"post_tag","embeddable":true,"href":"https:\/\/defrentealaverdad.com\/index.php\/wp-json\/wp\/v2\/tags?post=6665"}],"curies":[{"name":"wp","href":"https:\/\/api.w.org\/{rel}","templated":true}]}}