{"id":6648,"date":"2023-09-12T12:52:13","date_gmt":"2023-09-12T12:52:13","guid":{"rendered":"https:\/\/defrentealaverdad.com\/?p=6648"},"modified":"2023-09-19T12:54:10","modified_gmt":"2023-09-19T12:54:10","slug":"sofia-globitos-ensena-sobre-valores-y-entretenimiento-sano-a-los-ninos-en-segunda-temporada-de-television","status":"publish","type":"post","link":"https:\/\/defrentealaverdad.com\/index.php\/2023\/09\/12\/sofia-globitos-ensena-sobre-valores-y-entretenimiento-sano-a-los-ninos-en-segunda-temporada-de-television\/","title":{"rendered":"Sof\u00eda Globitos ense\u00f1a sobre valores y entretenimiento sano a los ni\u00f1os en segunda temporada de televisi\u00f3n"},"content":{"rendered":"<p style=\"text-align: justify;\">SD. La primera temporada de \u201cSof\u00eda Globitos Superstar\u201d, se estren\u00f3 en agosto del a\u00f1o pasado con un \u00e9xito inusitado. Este a\u00f1o, el programa infantil \u201cSof\u00eda Globitos Superstar\u201d, arranc\u00f3 con su segunda temporada, bajo la producci\u00f3n de Bianca Garc\u00eda y El Garaje de Producciones (Charles San Miguel y Vivian Fatule) cada s\u00e1bado a las 11 de la ma\u00f1ana por Color Color Visi\u00f3n, canal 9.<\/p>\n<p style=\"text-align: justify;\">Esta nueva entrega cuenta con un elenco de actores y actrices infantiles; bailarinas (las Sofistars) y una escenograf\u00eda renovada. El libretista Miguel Alc\u00e1ntara junto a Bianca Garc\u00eda son los encargados de desarrollar los libretos de los episodios. Rafael De los Santos (Poteleche) se une al equipo como asesor creativo; Natam Jafet realiza las canciones de Sof\u00eda Globitos; Carmen Rodr\u00edguez y Flor Pi\u00f1a est\u00e1n a cargo de la direcci\u00f3n de arte.<\/p>\n<p style=\"text-align: justify;\">El personaje infantil Sof\u00eda Globitos cumple 10 a\u00f1os. Es una idea original creada y protagonizada por la actriz, productora y licenciada en educaci\u00f3n Bianca Garc\u00eda, quien muestra sus aventuras junto a Checha, su mu\u00f1eca y mejor amiga.<\/p>\n<p style=\"text-align: justify;\"><strong>Talentos del programa<\/strong><\/p>\n<p style=\"text-align: justify;\">En esta nueva versi\u00f3n se han unido otros talentos como el actor y cantante Jos\u00e9 Guillermo Cortines, haciendo diversas voces de t\u00edteres, voces en off, mientras que encarnando el personaje del padre de Sof\u00eda Papuni; el conocido ventr\u00edlocuo y humorista Liondy Ozoria da vida a varios t\u00edteres.<\/p>\n<p style=\"text-align: justify;\">El actor y humorista Noel Ventura tiene el personaje de Yakuko, la contraparte de Sof\u00eda.<img decoding=\"async\" class=\"alignright lazyload\" data-src=\"https:\/\/politicasnuevas.com\/media\/zoo\/images\/Captura_de_pantalla_2023-09-12_081941_5_dad63f2e4490160b2b23d04294631cb1.jpg\" alt=\"Sof\u00eda Globitos ense\u00f1a sobre valores y entretenimiento sano a los ni\u00f1os en segunda temporada de televisi\u00f3n\" width=\"522\" height=\"349\" src=\"data:image\/svg+xml;base64,PHN2ZyB3aWR0aD0iMSIgaGVpZ2h0PSIxIiB4bWxucz0iaHR0cDovL3d3dy53My5vcmcvMjAwMC9zdmciPjwvc3ZnPg==\" style=\"--smush-placeholder-width: 522px; --smush-placeholder-aspect-ratio: 522\/349;\" \/><\/p>\n<p style=\"text-align: justify;\">Tambi\u00e9n participan Eymi Susana (hija del destacado locutor Miguel Susana) con los T\u00edteres y Alessandro Ozoria (hijo de Liondy Ozoria) es amigo de Sof\u00eda. Por igual Ema Roque, (hija del core\u00f3grafo Erick Roque), tiene el personaje de la mejor amiga de Sof\u00eda. Vivian Fatule hace la voz en off del programa y adem\u00e1s de madre de Sof\u00eda.<\/p>\n<p style=\"text-align: justify;\">A cargo de las coreograf\u00edas est\u00e1n Ariel Leonardo y Laura Fern\u00e1ndez.<\/p>\n<p style=\"text-align: justify;\">Estos y otros detalles fueron ofrecidos por los productores Charles San Miguel, Vivian Fatule y Bianca Garc\u00eda en un encuentro con la prensa realizado en el Estudio A de Color Visi\u00f3n, donde cada s\u00e1bado Sof\u00eda Globitos llena de alegr\u00eda a los peque\u00f1os con sus ocurrencias.<\/p>\n<p style=\"text-align: justify;\">El acto cont\u00f3 con la presencia de Angel Laureano, director general de Color Visi\u00f3n, los talentos, el equipo creativo, las marcas patrocinadoras y otros invitados.<\/p>\n<p style=\"text-align: justify;\">\u201cLo importante para nosotros es llevar un personaje que sea emp\u00e1tico con las causas sociales y los valores, derechos y respeto de los ni\u00f1os\u201d, coment\u00f3 Bianca Garc\u00eda, creadora de Sof\u00eda.<\/p>\n<p style=\"text-align: justify;\">El programa infantil est\u00e1 inspirado en el amor a Dios y la familia, el respeto, la creatividad, la sabidur\u00eda y la diversi\u00f3n. Bianca Garc\u00eda da vida a una ni\u00f1a juguetona, creativa, chistosa, alegre, amorosa y gentil, pero tambi\u00e9n sensible ante muchas situaciones que ocurren en el mundo de hoy.<\/p>\n<p style=\"text-align: justify;\">Con la realizaci\u00f3n de este personaje, Bianca busca en cada temporada continuar promoviendo de manera comprometida la educaci\u00f3n y llevarle entretenimiento familiar sano, abrazando causas sociales que apuesten al respeto y cuidado de nuestros ni\u00f1os.<\/p>\n<p style=\"text-align: justify;\">Sof\u00eda Globitos ha sido protagonista de importantes campa\u00f1as publicitarias dirigidas a los ni\u00f1os, tambi\u00e9n tiene m\u00e1s de 30 canciones y discos originales en sus plataformas digitales, disponibles para los peque\u00f1os.<\/p>\n<p style=\"text-align: justify;\">Fuente: Color Visi\u00f3n<\/p>\n","protected":false},"excerpt":{"rendered":"<p>SD. La primera temporada de \u201cSof\u00eda Globitos Superstar\u201d, se estren\u00f3 en agosto del a\u00f1o pasado<\/p>\n","protected":false},"author":1,"featured_media":0,"comment_status":"open","ping_status":"open","sticky":false,"template":"","format":"standard","meta":{"footnotes":""},"categories":[6,7],"tags":[],"class_list":["post-6648","post","type-post","status-publish","format-standard","hentry","category-espectaculos","category-nacionales"],"_links":{"self":[{"href":"https:\/\/defrentealaverdad.com\/index.php\/wp-json\/wp\/v2\/posts\/6648","targetHints":{"allow":["GET"]}}],"collection":[{"href":"https:\/\/defrentealaverdad.com\/index.php\/wp-json\/wp\/v2\/posts"}],"about":[{"href":"https:\/\/defrentealaverdad.com\/index.php\/wp-json\/wp\/v2\/types\/post"}],"author":[{"embeddable":true,"href":"https:\/\/defrentealaverdad.com\/index.php\/wp-json\/wp\/v2\/users\/1"}],"replies":[{"embeddable":true,"href":"https:\/\/defrentealaverdad.com\/index.php\/wp-json\/wp\/v2\/comments?post=6648"}],"version-history":[{"count":2,"href":"https:\/\/defrentealaverdad.com\/index.php\/wp-json\/wp\/v2\/posts\/6648\/revisions"}],"predecessor-version":[{"id":6650,"href":"https:\/\/defrentealaverdad.com\/index.php\/wp-json\/wp\/v2\/posts\/6648\/revisions\/6650"}],"wp:attachment":[{"href":"https:\/\/defrentealaverdad.com\/index.php\/wp-json\/wp\/v2\/media?parent=6648"}],"wp:term":[{"taxonomy":"category","embeddable":true,"href":"https:\/\/defrentealaverdad.com\/index.php\/wp-json\/wp\/v2\/categories?post=6648"},{"taxonomy":"post_tag","embeddable":true,"href":"https:\/\/defrentealaverdad.com\/index.php\/wp-json\/wp\/v2\/tags?post=6648"}],"curies":[{"name":"wp","href":"https:\/\/api.w.org\/{rel}","templated":true}]}}