{"id":6643,"date":"2023-09-12T12:48:35","date_gmt":"2023-09-12T12:48:35","guid":{"rendered":"https:\/\/defrentealaverdad.com\/?p=6643"},"modified":"2023-09-19T12:50:52","modified_gmt":"2023-09-19T12:50:52","slug":"instan-aprovechar-oportunidades-comerciales-entre-el-salvador-y-republica-dominicana","status":"publish","type":"post","link":"https:\/\/defrentealaverdad.com\/index.php\/2023\/09\/12\/instan-aprovechar-oportunidades-comerciales-entre-el-salvador-y-republica-dominicana\/","title":{"rendered":"Instan aprovechar oportunidades comerciales entre El Salvador y Rep\u00fablica Dominicana"},"content":{"rendered":"<p style=\"text-align: justify;\"><img decoding=\"async\" data-src=\"https:\/\/politicasnuevas.com\/media\/zoo\/images\/WhatsApp_Image_2023-09-12_at_2.43.12_PM_dece3d710a36bf154be53227cfaa2194.jpeg\" alt=\"Instan aprovechar oportunidades comerciales entre El Salvador y Rep\u00fablica Dominicana\" src=\"data:image\/svg+xml;base64,PHN2ZyB3aWR0aD0iMSIgaGVpZ2h0PSIxIiB4bWxucz0iaHR0cDovL3d3dy53My5vcmcvMjAwMC9zdmciPjwvc3ZnPg==\" class=\"lazyload\" \/><\/p>\n<p style=\"text-align: justify;\">Santo Domingo, Rep. Dom.- Una misi\u00f3n comercial de El Salvador inici\u00f3 hoy una ronda de negocios para establecer alianzas con socios locales, durante la cual se inform\u00f3 que de enero a junio de este a\u00f1o las exportaciones desde esa naci\u00f3n centroamericana hacia nuestro pa\u00eds ascendieron a US$ 71 millones de d\u00f3lares y que desde aqu\u00ed hacia ese mercado totalizaron US$ 5.7 millones de d\u00f3lares.<\/p>\n<p style=\"text-align: justify;\">El gobierno de ese pa\u00eds, a trav\u00e9s de un comunicado de su Agencia de Promoci\u00f3n de Inversi\u00f3n y Exportaciones de El Salvador (Invest), indic\u00f3 que el intercambio comercial entre Rep\u00fablica Dominicana y ese territorio alcanz\u00f3 el a\u00f1o pasado la suma de 159.2 millones de d\u00f3lares y entre los meses de enero y junio de este a\u00f1o lleg\u00f3 a 76.7 millones de d\u00f3lares.<\/p>\n<p style=\"text-align: justify;\">Este martes inici\u00f3 una ronda de negocios de una misi\u00f3n comercial que visita a la Rep\u00fablica Dominicana, integrada por 15 empresas salvadore\u00f1as, en el hotel Dominican Fiesta, en el horario de 8:30 de la ma\u00f1ana a 6:00 de la tarde, y se extender\u00e1 hasta este mi\u00e9rcoles, de 9:00 de la ma\u00f1ana a 1:00 de la tarde, coordinada por Invest y el apoyo de la Agencia de los Estados Unidos para el Desarrollo Internacional (Usaid).<\/p>\n<p style=\"text-align: justify;\">La jornada comprende una agenda de 117 reuniones de negocios con 69 potenciales socios dominicanos, de manera que los productos salvadore\u00f1os puedan beneficiarse de las preferencias arancelarias de los Tratados de Libre comercio vigentes entre El Salvador y Rep\u00fablica Dominicana, como el DR-Cafta y el Tratado de Libre Comercio (TLC) bilateral con Centroam\u00e9rica.<\/p>\n<p style=\"text-align: justify;\">En la apertura intervinieron Patricia Fuentes, de Invest; Dania Elena Tolentino, embajadora de El Salvador en Rep\u00fablica Dominicana, y Katrina Naut, consultora ; representantes del sector p\u00fablico y privado dominicano, as\u00ed como ejecutivos de las 15 compa\u00f1\u00edas salvadore\u00f1as que integran la misi\u00f3n comercial.<\/p>\n<p style=\"text-align: justify;\">Las empresas que conforman la misi\u00f3n comercial son Algier&#8217;s Impresores, Artes Gr\u00e1ficas Publicitarias, Distribuidora de Alimentos B\u00e1sicos, Agave, Undesa, MM Calcetines, Sacos Sint\u00e9ticos Centroamericanos, American Doors de El Salvador, F\u00e1brica de M\u00e1quinas Envasadoras Salvadore\u00f1a, Pl\u00e1sticos Salvadore\u00f1os, Garbal, Industrias Sanchia, Manufacturas Cavalier, Industrias Samia, Invest y Coval.<\/p>\n<p style=\"text-align: justify;\">Esta rueda de negocios tiene como prop\u00f3sito impulsar la oferta exportable de productos de ese pa\u00eds en el mercado dominicano de las \u00e1reas de manufacturas diversas, confecci\u00f3n y textil, impresi\u00f3n, cart\u00f3n y papel, alimentos y pl\u00e1sticos, de manera que se pueda lograr un mayor posicionamiento de productos salvadore\u00f1os en el mercado dominicano.<\/p>\n<p>&nbsp;<\/p>\n<p>Fuente: Agencia de Promoci\u00f3n de Inversi\u00f3n y Exportaciones de El Salvador (Invest)<\/p>\n","protected":false},"excerpt":{"rendered":"<p>Santo Domingo, Rep. Dom.- Una misi\u00f3n comercial de El Salvador inici\u00f3 hoy una ronda de<\/p>\n","protected":false},"author":4,"featured_media":0,"comment_status":"open","ping_status":"open","sticky":false,"template":"","format":"standard","meta":{"footnotes":""},"categories":[2,16],"tags":[],"class_list":["post-6643","post","type-post","status-publish","format-standard","hentry","category-economicas","category-internacionales"],"_links":{"self":[{"href":"https:\/\/defrentealaverdad.com\/index.php\/wp-json\/wp\/v2\/posts\/6643","targetHints":{"allow":["GET"]}}],"collection":[{"href":"https:\/\/defrentealaverdad.com\/index.php\/wp-json\/wp\/v2\/posts"}],"about":[{"href":"https:\/\/defrentealaverdad.com\/index.php\/wp-json\/wp\/v2\/types\/post"}],"author":[{"embeddable":true,"href":"https:\/\/defrentealaverdad.com\/index.php\/wp-json\/wp\/v2\/users\/4"}],"replies":[{"embeddable":true,"href":"https:\/\/defrentealaverdad.com\/index.php\/wp-json\/wp\/v2\/comments?post=6643"}],"version-history":[{"count":1,"href":"https:\/\/defrentealaverdad.com\/index.php\/wp-json\/wp\/v2\/posts\/6643\/revisions"}],"predecessor-version":[{"id":6644,"href":"https:\/\/defrentealaverdad.com\/index.php\/wp-json\/wp\/v2\/posts\/6643\/revisions\/6644"}],"wp:attachment":[{"href":"https:\/\/defrentealaverdad.com\/index.php\/wp-json\/wp\/v2\/media?parent=6643"}],"wp:term":[{"taxonomy":"category","embeddable":true,"href":"https:\/\/defrentealaverdad.com\/index.php\/wp-json\/wp\/v2\/categories?post=6643"},{"taxonomy":"post_tag","embeddable":true,"href":"https:\/\/defrentealaverdad.com\/index.php\/wp-json\/wp\/v2\/tags?post=6643"}],"curies":[{"name":"wp","href":"https:\/\/api.w.org\/{rel}","templated":true}]}}