{"id":6641,"date":"2023-09-12T12:45:22","date_gmt":"2023-09-12T12:45:22","guid":{"rendered":"https:\/\/defrentealaverdad.com\/?p=6641"},"modified":"2023-09-19T12:47:44","modified_gmt":"2023-09-19T12:47:44","slug":"instituto-duartiano-afirma-situacion-de-haiti-mantiene-alarmada-a-rd","status":"publish","type":"post","link":"https:\/\/defrentealaverdad.com\/index.php\/2023\/09\/12\/instituto-duartiano-afirma-situacion-de-haiti-mantiene-alarmada-a-rd\/","title":{"rendered":"Instituto Duartiano afirma situaci\u00f3n de Hait\u00ed mantiene alarmada a RD"},"content":{"rendered":"<div>\n<blockquote>\n<div class=\"separator\"><\/div>\n<\/blockquote>\n<\/div>\n<blockquote>\n<div style=\"text-align: justify;\">El presidente del organismo, Wilson G\u00f3mez Ram\u00edrez, apoya las medidas del Consejo Nacional de Seguridad, especialmente el cierre total de la frontera.<\/div>\n<\/blockquote>\n<div style=\"text-align: justify;\"><strong>Santo Domingo, Rep. Dom.<\/strong> El presidente del Instituto Duartiano, Wilson G\u00f3mez Ram\u00edrez, dijo que la situaci\u00f3n que sacude a Hait\u00ed mantiene alarmada a la sociedad dominicana por el desbordamiento de ilegales de esa naci\u00f3n, sin que se advierta una respuesta categ\u00f3rica por parte de las autoridades, y que tampoco se evidencia este tema en las agendas de los grandes partidos y l\u00edderes pol\u00edticos del pa\u00eds.<\/div>\n<div style=\"text-align: justify;\"><a href=\"https:\/\/lh3.googleusercontent.com\/-FMIc32pVg1E\/ZQDG75c2cJI\/AAAAAAABxO0\/tUJd0XL_1MU2tRBEzqIrZRpuSRzNniU6wCNcBGAsYHQ\/s1600\/IMG-20230912-WA0067.jpg\"><img decoding=\"async\" class=\"alignleft lazyload\" data-src=\"https:\/\/lh3.googleusercontent.com\/-FMIc32pVg1E\/ZQDG75c2cJI\/AAAAAAABxO0\/tUJd0XL_1MU2tRBEzqIrZRpuSRzNniU6wCNcBGAsYHQ\/s1600\/IMG-20230912-WA0067.jpg\" width=\"320\" height=\"240\" border=\"0\" data-original-height=\"960\" data-original-width=\"1280\" src=\"data:image\/svg+xml;base64,PHN2ZyB3aWR0aD0iMSIgaGVpZ2h0PSIxIiB4bWxucz0iaHR0cDovL3d3dy53My5vcmcvMjAwMC9zdmciPjwvc3ZnPg==\" style=\"--smush-placeholder-width: 320px; --smush-placeholder-aspect-ratio: 320\/240;\" \/><\/a><\/div>\n<div style=\"text-align: justify;\">El dirigente de la entidad patri\u00f3tica se\u00f1al\u00f3 que \u201cpoco importa el permanente tr\u00e1fico impune de haitianos hacia la Rep\u00fablica Dominicana; y ofrece una idea de lo descomunal que resulta, cuando la propia Direcci\u00f3n General de Migraci\u00f3n afirma que, desde el 2017 a junio de 2023, repatri\u00f3 hacia Hait\u00ed unos 593 mil de sus nacionales.<\/div>\n<div style=\"text-align: justify;\"><\/div>\n<div style=\"text-align: justify;\">El doctor G\u00f3mez Ram\u00edrez manifest\u00f3 que los consulados dominicanos establecidos all\u00ed otorgaron unas 548 mil visas, en ese mismo per\u00edodo de siete a\u00f1os. Salud\u00f3 la suspensi\u00f3n de la emisi\u00f3n de visados a ciudadanos haitianos, determinada por el Consejo de Seguridad Nacional, pues resulta revelador el dato de que, en solo 60 d\u00edas, tomando como referencia abril-junio de este a\u00f1o, los c\u00f3nsules dominicanos acreditados en Hait\u00ed concedieron 27 mil 123 visas a personas del vecino pa\u00eds.<\/div>\n<div style=\"text-align: justify;\"><\/div>\n<div style=\"text-align: justify;\">Precis\u00f3 que \u201cesto deja entrever que no hay l\u00edmites ni un estricto control, conforme a las circunstancias actuales, para autorizar el ingreso de personas a nuestro pa\u00eds; peor a\u00fan es que se aprueban todas las solicitudes de visados que hacen los haitianos\u201d.<\/div>\n<div style=\"text-align: justify;\">Indic\u00f3 que, como consecuencia del agravamiento de la crisis en el vecino pa\u00eds, tras la tr\u00e1gica muerte del presidente Jovenel M\u00f6ise, el predominio de peligrosas bandas armadas y la ausencia de autoridad en ese pa\u00eds, han influido para que se produzca el incremento del ingreso desenfrenado de hombres, mujeres y ni\u00f1os desprovistos de documentos, hacia el territorio dominicano.<\/div>\n<blockquote>\n<div><\/div>\n<div>\u201cMiembros del Instituto Duartiano han podido comprobar el trasiego profuso de haitianos que son tra\u00eddos al pa\u00eds en veh\u00edculos de motor que se desplazan por la frontera Sur y Norte, revelando conexiones con determinadas estaciones militares que deben de ejercer control y, no obstante, tras recibir llamadas e instrucciones hacen chequeo superficial y franquean esas unidades\u201d, denunci\u00f3 el presidente del Instituto Duartiano.<\/div>\n<\/blockquote>\n<div style=\"text-align: justify;\"><\/div>\n<div style=\"text-align: justify;\">Puntualiz\u00f3 que los haitianos representan el 5% de la poblaci\u00f3n carcelaria del pa\u00eds y constituyen el 80% de los extranjeros que guardan prisi\u00f3n en los establecimientos penitenciarios, y se puede advertir una tendencia creciente de nacionales de la vecina naci\u00f3n que se involucran en graves cr\u00edmenes y delitos en territorio dominicano.<\/div>\n<div style=\"text-align: justify;\"><\/div>\n<div style=\"text-align: justify;\">El doctor G\u00f3mez Ram\u00edrez asegur\u00f3 que la pol\u00edtica migratoria que siguen las autoridades no est\u00e1 en consonancia con la gravedad que representa la problem\u00e1tica haitiana, \u201cparece ignorarse la existencia de guetos de indocumentados de personas que provienen de Hait\u00ed, con todo lo que esto entra\u00f1a para la seguridad nacional; resulta sumamente preocupante que el gobierno no tenga control en comunidades de la frontera, en determinados barrios de los pueblos del pa\u00eds, sin que haya alguna acci\u00f3n concreta en tal sentido\u201d.<a href=\"https:\/\/lh3.googleusercontent.com\/-lpBkwd3VTkc\/ZQDHCjOL9WI\/AAAAAAABxO8\/eOtF8n_4OewCBW5fE4hMuv1M1g2J6py6gCNcBGAsYHQ\/s1600\/IMG-20230912-WA0068.jpg\"><img decoding=\"async\" class=\"alignright lazyload\" data-src=\"https:\/\/lh3.googleusercontent.com\/-lpBkwd3VTkc\/ZQDHCjOL9WI\/AAAAAAABxO8\/eOtF8n_4OewCBW5fE4hMuv1M1g2J6py6gCNcBGAsYHQ\/s1600\/IMG-20230912-WA0068.jpg\" width=\"320\" height=\"240\" border=\"0\" data-original-height=\"960\" data-original-width=\"1280\" src=\"data:image\/svg+xml;base64,PHN2ZyB3aWR0aD0iMSIgaGVpZ2h0PSIxIiB4bWxucz0iaHR0cDovL3d3dy53My5vcmcvMjAwMC9zdmciPjwvc3ZnPg==\" style=\"--smush-placeholder-width: 320px; --smush-placeholder-aspect-ratio: 320\/240;\" \/><\/a><\/div>\n<div style=\"text-align: justify;\"><\/div>\n<div style=\"text-align: justify;\">Agreg\u00f3 que \u201chay que precisar que fue el presidente Jovenel M\u00f6ise quien orden\u00f3 la desviaci\u00f3n del r\u00edo, conforme a lo que explicaron, en 2021, el vicegobernador del Departamento Noroeste de Hait\u00ed, Louis Joseph y el C\u00f3nsul Haitiano en la \u00e9poca, Francois Guerrier y otros funcionarios del vecino pa\u00eds; por tanto, no se puede aceptar la afirmaci\u00f3n de que la autoridad haitiana no es la responsable de esta grave violaci\u00f3n a un pacto internacional\u201d.<\/div>\n<div style=\"text-align: justify;\">Sostuvo que hay que actuar con el m\u00e1s elevado esp\u00edritu patri\u00f3tico y sentido de urgencia, para propiciar la construcci\u00f3n del muro fronterizo, despejando, de una vez por todas, el misterio de su extrema lentitud, aclarando su concepci\u00f3n t\u00e9cnica y permitiendo que una comisi\u00f3n de entidades patri\u00f3ticas reconocidas pueda hacer comprobaciones del estado de la obra.<\/div>\n<div style=\"text-align: justify;\"><\/div>\n<div style=\"text-align: justify;\">Consider\u00f3 que se impone trabajar seriamente para enfrentar la corrupci\u00f3n que se verifica en la frontera, y cumplir con lo establecido en el C\u00f3digo Laboral, con respecto al 80% a favor de la mano de obra dominicana en las actividades econ\u00f3micas del pa\u00eds.<\/div>\n<div style=\"text-align: justify;\"><\/div>\n<div style=\"text-align: justify;\">Apunt\u00f3 que resulta imperiosa la aplicaci\u00f3n de las normas migratorias y, en consecuencia, que, en el marco del respeto al debido proceso, sean repatriados todos los extranjeros ilegales, incluyendo a quienes permanecen en esa condici\u00f3n aun despu\u00e9s de los dominicanos haber sufragado injusto y oneroso Plan de Regularizaci\u00f3n.<\/div>\n<div style=\"text-align: justify;\"><\/div>\n<div style=\"text-align: justify;\"><strong>Apoya decisi\u00f3n del Consejo de Seguridad Nacional<\/strong><\/div>\n<div style=\"text-align: justify;\"><\/div>\n<div style=\"text-align: justify;\">El presidente del Instituto Duartiano, Wilson G\u00f3mez Ram\u00edrez, se identific\u00f3 con la decisi\u00f3n del Consejo de Seguridad Nacional de cerrar por completa la frontera con Hait\u00ed para el comercio terrestre, mar\u00edtimo y a\u00e9reo a partir de este jueves, si la situaci\u00f3n creada por la construcci\u00f3n de un canal en el r\u00edo Masacre no se resuelve antes de esa fecha.<\/div>\n<div style=\"text-align: justify;\"><\/div>\n<div style=\"text-align: justify;\">Tambi\u00e9n juzg\u00f3 como acertadas las dem\u00e1s medidas tomadas, en especial la disposici\u00f3n de reactivar la denominada Toma de la Aduana en el r\u00edo Masacre, donde se origina el canal La Vig\u00eda, para garantizar el abastecimiento de agua a los productores fronterizos dominicanos, y apoy\u00f3 que se impulse la construcci\u00f3n del proyecto de la presa Don Miguel, el cual contribuir\u00eda a resolver de manera definitiva el problema del l\u00edquido en esa regi\u00f3n.<\/div>\n<div style=\"text-align: justify;\"><\/div>\n<div style=\"text-align: justify;\">\u201cEstas son decisiones correctas y oportunas ante la grosera violaci\u00f3n en que incurre la autoridad haitiana, que ha permitido el reinicio de la construcci\u00f3n de un canal o dique con el objetivo de afectar los flujos o el curso de las aguas del r\u00edo Masacre, sin tomar en cuenta los acuerdos jur\u00eddicos firmados, los factores ecol\u00f3gicos, hidrogr\u00e1ficos, geogr\u00e1ficos, ni los efectos del curso de agua por un Estado en el territorio de otro, en desconocimiento del Tratado de Paz y Arbitraje entre Rep\u00fablica Dominicana y Hait\u00ed de 1929, as\u00ed como el Acuerdo Fronterizo de 1935 y el Protocolo de Revisi\u00f3n de Frontera de 1936\u201d, explic\u00f3.<\/div>\n<div style=\"text-align: justify;\"><\/div>\n<div style=\"text-align: justify;\">Record\u00f3 que el art\u00edculo 10 del referido Tratado de Paz y Arbitraje entre Rep\u00fablica Dominicana y Hait\u00ed en 1929, hace una precisi\u00f3n en el sentido de que las partes que suscribieron dicho convenio se comprometen a no hacer ni consentir ninguna obra susceptible de derivar la corriente de los r\u00edos que nacen en el territorio de un Estado y corren por el territorio de otro.<\/div>\n<div style=\"text-align: justify;\"><\/div>\n<div style=\"text-align: justify;\">Fuente: Prensa Instituto Duartiano.<\/div>\n","protected":false},"excerpt":{"rendered":"<p>El presidente del organismo, Wilson G\u00f3mez Ram\u00edrez, apoya las medidas del Consejo Nacional de Seguridad,<\/p>\n","protected":false},"author":1,"featured_media":0,"comment_status":"open","ping_status":"open","sticky":false,"template":"","format":"standard","meta":{"footnotes":""},"categories":[7],"tags":[],"class_list":["post-6641","post","type-post","status-publish","format-standard","hentry","category-nacionales"],"_links":{"self":[{"href":"https:\/\/defrentealaverdad.com\/index.php\/wp-json\/wp\/v2\/posts\/6641","targetHints":{"allow":["GET"]}}],"collection":[{"href":"https:\/\/defrentealaverdad.com\/index.php\/wp-json\/wp\/v2\/posts"}],"about":[{"href":"https:\/\/defrentealaverdad.com\/index.php\/wp-json\/wp\/v2\/types\/post"}],"author":[{"embeddable":true,"href":"https:\/\/defrentealaverdad.com\/index.php\/wp-json\/wp\/v2\/users\/1"}],"replies":[{"embeddable":true,"href":"https:\/\/defrentealaverdad.com\/index.php\/wp-json\/wp\/v2\/comments?post=6641"}],"version-history":[{"count":1,"href":"https:\/\/defrentealaverdad.com\/index.php\/wp-json\/wp\/v2\/posts\/6641\/revisions"}],"predecessor-version":[{"id":6642,"href":"https:\/\/defrentealaverdad.com\/index.php\/wp-json\/wp\/v2\/posts\/6641\/revisions\/6642"}],"wp:attachment":[{"href":"https:\/\/defrentealaverdad.com\/index.php\/wp-json\/wp\/v2\/media?parent=6641"}],"wp:term":[{"taxonomy":"category","embeddable":true,"href":"https:\/\/defrentealaverdad.com\/index.php\/wp-json\/wp\/v2\/categories?post=6641"},{"taxonomy":"post_tag","embeddable":true,"href":"https:\/\/defrentealaverdad.com\/index.php\/wp-json\/wp\/v2\/tags?post=6641"}],"curies":[{"name":"wp","href":"https:\/\/api.w.org\/{rel}","templated":true}]}}