{"id":6626,"date":"2023-09-08T02:03:18","date_gmt":"2023-09-08T02:03:18","guid":{"rendered":"https:\/\/defrentealaverdad.com\/?p=6626"},"modified":"2023-09-08T02:05:35","modified_gmt":"2023-09-08T02:05:35","slug":"departamento-aeroportuario-inicia-construccion-aeropuerto-el-granero-del-sur-en-san-juan","status":"publish","type":"post","link":"https:\/\/defrentealaverdad.com\/index.php\/2023\/09\/08\/departamento-aeroportuario-inicia-construccion-aeropuerto-el-granero-del-sur-en-san-juan\/","title":{"rendered":"Departamento Aeroportuario inicia construcci\u00f3n aeropuerto El Granero del Sur en San Juan"},"content":{"rendered":"<p style=\"text-align: justify;\"><a href=\"https:\/\/blogger.googleusercontent.com\/img\/b\/R29vZ2xl\/AVvXsEh2Kew7oEzQWZq3dU2Fu223ZVD__VSzodalyLUzuPgGorR3TVcHD6wpz20_VVeGKVMQv-APXSRsMRH398i3OEfepBZ6daWTCVRRgH-UnVNVdT72OOksVbEo46snoY9Ts38y8jyowzFNmEBIYC3FxDQ9zbBJjUqne8HEA-1qJe2nDumHSQwXrWcV_X5pKf63\/s1024\/IMG-20230907-WA0060.jpg\"><img decoding=\"async\" class=\"alignleft lazyload\" data-src=\"https:\/\/blogger.googleusercontent.com\/img\/b\/R29vZ2xl\/AVvXsEh2Kew7oEzQWZq3dU2Fu223ZVD__VSzodalyLUzuPgGorR3TVcHD6wpz20_VVeGKVMQv-APXSRsMRH398i3OEfepBZ6daWTCVRRgH-UnVNVdT72OOksVbEo46snoY9Ts38y8jyowzFNmEBIYC3FxDQ9zbBJjUqne8HEA-1qJe2nDumHSQwXrWcV_X5pKf63\/s320\/IMG-20230907-WA0060.jpg\" width=\"320\" height=\"213\" border=\"0\" data-original-height=\"682\" data-original-width=\"1024\" src=\"data:image\/svg+xml;base64,PHN2ZyB3aWR0aD0iMSIgaGVpZ2h0PSIxIiB4bWxucz0iaHR0cDovL3d3dy53My5vcmcvMjAwMC9zdmciPjwvc3ZnPg==\" style=\"--smush-placeholder-width: 320px; --smush-placeholder-aspect-ratio: 320\/213;\" \/><\/a><br \/>\nSan Juan &#8211; En un acto encabezado por el presidente de la Rep\u00fablica, Luis Abinader, el Departamento Aeroportuario (DA) dio hoy el primer picazo que deja iniciados los trabajos de construcci\u00f3n del Aeropuerto Dom\u00e9stico El Granero del Sur, en la provincia de San Juan. La infraestructura, considerada punta de lanza para el impulso definitivo del desarrollo econ\u00f3mico de la regi\u00f3n sur, ser\u00e1 levantada con recursos propios, en un terreno de m\u00e1s de 700 mil metros cuadrados, ubicados en el kil\u00f3metro 7 de la carretera San Juan de la Maguana-Las Matas de Farf\u00e1n.<\/p>\n<p style=\"text-align: justify;\">\u201cHoy, m\u00e1s que el inicio de la construcci\u00f3n del Aeropuerto Dom\u00e9stico \u201cEl Granero del Sur\u201d, damos un primer picazo para el desarrollo de toda la regi\u00f3n\u201d, expres\u00f3 en su discurso el director de la instituci\u00f3n, V\u00edctor Pichardo, quien resalt\u00f3 el compromiso del gobierno de llevar el desarrollo a cada rinc\u00f3n.<\/p>\n<p style=\"text-align: justify;\">Pichardo sostuvo que este aeropuerto proveer\u00e1 diversos servicios a la agroindustria; abarcando desde la fumigaci\u00f3n hasta la tecnificaci\u00f3n agr\u00edcola y el alcance de otros mercados. Adem\u00e1s, incluir\u00e1 facilidades de la aviaci\u00f3n general y ofrecer\u00e1 a turistas el patrimonio natural de la provincia.<\/p>\n<p style=\"text-align: justify;\">\u201cEs la primera vez en la historia que el Departamento Aeroportuario se embarca en la construcci\u00f3n de dos aeropuertos\u201d, dijo el funcionario al hacer referencia, adem\u00e1s, al proyecto de construcci\u00f3n del Aeropuerto Internacional de Cabo Rojo, en Pedernales, obra que forma parte del proyecto de desarrollo tur\u00edstico de esa provincia.<\/p>\n<p style=\"text-align: justify;\">En tanto que al tomar la palabra, el presidente Abinader expres\u00f3 que la construcci\u00f3n de este aeropuerto dom\u00e9stico, que se inaugurar\u00e1 en 2024, no solo impactar\u00e1 de forma positiva el sector agr\u00edcola de la provincia, a trav\u00e9s del uso de aeronaves para fumigar, sino tambi\u00e9n que servir\u00e1 pars otras m\u00faltiples actividades que redundar\u00e1n en beneficio del desarrollo de San Juan y toda la regi\u00f3n. \u201c\u00bfComo es posible que no existiera aqu\u00ed un aeropuerto que se pueda fumigar v\u00eda las aeronaves, cuando es lo m\u00e1s eficiente?\u201d, expres\u00f3 Abinader quien agreg\u00f3 que esta obra estar\u00e1 coordinada con otras iniciativas viales, educativas y otras que marquen el desarrollo integral de toda la provincia, junto al proyecto de Pedernales.<\/p>\n<p style=\"text-align: justify;\"><strong>Caracter\u00edsticas<\/strong><\/p>\n<p style=\"text-align: justify;\">El Aeropuerto Dom\u00e9stico El Granero del Sur tendr\u00e1 una pista de aterrizaje de 1,200 metros de longitud, y una reserva de terrenos suficiente para su posible expansi\u00f3n; tendr\u00e1 sus respectivas plataformas de viraje en ambas cabeceras, \u00e1reas de seguridad en el extremo, calle de rodaje, plataforma de estacionamiento de aeronaves y dep\u00f3sito de Combustible. Adem\u00e1s, un moderno edificio terminal de dos niveles, con todas las facilidades y comodidades necesarias, incluyendo un estacionamiento vehicular. En la actualidad, su verja perimetral se encuentra en m\u00e1s de un 90% de construcci\u00f3n.<\/p>\n<p style=\"text-align: justify;\">Adicionalmente, contar\u00e1 con un Cuartel de la Fuerza A\u00e9rea de la Rep\u00fablica Dominicana, que, por su ubicaci\u00f3n estrat\u00e9gica, afianzar\u00e1 la seguridad nacional.<\/p>\n<p style=\"text-align: justify;\">Se proyecta que la obra est\u00e9 lista para entrar en operaci\u00f3n en el tercer trimestre de 2024. Participaron adem\u00e1s, Eduardo Estrella, presidente del Senado; H\u00e9ctor Porcella, director Interino del Instituto Dominicano de Aviaci\u00f3n Civil (IDAC), Elvira Corpor\u00e1n, gobernadora provincial; Venancio Alc\u00e1ntara, director general de Migraci\u00f3n, la alcaldesa Hanois S\u00e1nchez, Luis Bonilla, director del Plan de Desarrollo de San Juan, y legisladores de la provincia.<\/p>\n<p style=\"text-align: justify;\">Adem\u00e1s, Floreal Su\u00e1rez, director general del Cuerpo Especializado en Seguridad Aeroportuaria y de la Aviaci\u00f3n Civil (CESAC), los comandantes Agust\u00edn Morillo, de la Armada de la Rep\u00fablica; Carlos Febrillet, de la Fuerza A\u00e9rea y Carlos Fern\u00e1ndez, del Ej\u00e9rcito Nacional, entre otras.<\/p>\n<p style=\"text-align: justify;\">\n<p style=\"text-align: justify;\">Fuente: Dir. Comunicaciones DA<\/p>\n","protected":false},"excerpt":{"rendered":"<p>San Juan &#8211; En un acto encabezado por el presidente de la Rep\u00fablica, Luis Abinader,<\/p>\n","protected":false},"author":2,"featured_media":0,"comment_status":"open","ping_status":"open","sticky":false,"template":"","format":"standard","meta":{"footnotes":""},"categories":[7],"tags":[],"class_list":["post-6626","post","type-post","status-publish","format-standard","hentry","category-nacionales"],"_links":{"self":[{"href":"https:\/\/defrentealaverdad.com\/index.php\/wp-json\/wp\/v2\/posts\/6626","targetHints":{"allow":["GET"]}}],"collection":[{"href":"https:\/\/defrentealaverdad.com\/index.php\/wp-json\/wp\/v2\/posts"}],"about":[{"href":"https:\/\/defrentealaverdad.com\/index.php\/wp-json\/wp\/v2\/types\/post"}],"author":[{"embeddable":true,"href":"https:\/\/defrentealaverdad.com\/index.php\/wp-json\/wp\/v2\/users\/2"}],"replies":[{"embeddable":true,"href":"https:\/\/defrentealaverdad.com\/index.php\/wp-json\/wp\/v2\/comments?post=6626"}],"version-history":[{"count":2,"href":"https:\/\/defrentealaverdad.com\/index.php\/wp-json\/wp\/v2\/posts\/6626\/revisions"}],"predecessor-version":[{"id":6628,"href":"https:\/\/defrentealaverdad.com\/index.php\/wp-json\/wp\/v2\/posts\/6626\/revisions\/6628"}],"wp:attachment":[{"href":"https:\/\/defrentealaverdad.com\/index.php\/wp-json\/wp\/v2\/media?parent=6626"}],"wp:term":[{"taxonomy":"category","embeddable":true,"href":"https:\/\/defrentealaverdad.com\/index.php\/wp-json\/wp\/v2\/categories?post=6626"},{"taxonomy":"post_tag","embeddable":true,"href":"https:\/\/defrentealaverdad.com\/index.php\/wp-json\/wp\/v2\/tags?post=6626"}],"curies":[{"name":"wp","href":"https:\/\/api.w.org\/{rel}","templated":true}]}}