{"id":6622,"date":"2023-09-08T01:53:33","date_gmt":"2023-09-08T01:53:33","guid":{"rendered":"https:\/\/defrentealaverdad.com\/?p=6622"},"modified":"2023-09-08T01:53:33","modified_gmt":"2023-09-08T01:53:33","slug":"posesionan-nuevo-director-en-las-escuelas-vocacionales-de-las-fuerzas-armadas-y-la-policia-nacional","status":"publish","type":"post","link":"https:\/\/defrentealaverdad.com\/index.php\/2023\/09\/08\/posesionan-nuevo-director-en-las-escuelas-vocacionales-de-las-fuerzas-armadas-y-la-policia-nacional\/","title":{"rendered":"Posesionan nuevo director en las Escuelas Vocacionales de las Fuerzas Armadas y la Polic\u00eda Nacional"},"content":{"rendered":"<div class=\"post-header\">\n<div class=\"post-head\">\n<h1 class=\"post-title entry-title\"><a style=\"font-size: 16px;\" href=\"https:\/\/blogger.googleusercontent.com\/img\/b\/R29vZ2xl\/AVvXsEhZSzwbpzwr0oCCVmMO3qJfEOqZicS_j11plTG4L3ZBOdvlBMkM2uwQ66JI-_x3YO-n2jQgcWbt_n6067dmX7vIvRh_jzY_CdRI8PbfN4wIBQcI2T4C5U-pD-5jtsjii2TNMeQArhXDuvSwOKq3Vv5fhNYN5Qog55365NrQBBE0WSGl4x0HDwsK27wS8M8\/s400\/IMG-20230907-WA0764.jpg\"><img decoding=\"async\" class=\"alignleft lazyload\" title=\"IMG-20230907-WA0764\" data-src=\"https:\/\/blogger.googleusercontent.com\/img\/b\/R29vZ2xl\/AVvXsEhZSzwbpzwr0oCCVmMO3qJfEOqZicS_j11plTG4L3ZBOdvlBMkM2uwQ66JI-_x3YO-n2jQgcWbt_n6067dmX7vIvRh_jzY_CdRI8PbfN4wIBQcI2T4C5U-pD-5jtsjii2TNMeQArhXDuvSwOKq3Vv5fhNYN5Qog55365NrQBBE0WSGl4x0HDwsK27wS8M8\/s320\/IMG-20230907-WA0764.jpg\" alt=\"IMG-20230907-WA0764\" width=\"285\" height=\"190\" border=\"0\" data-original-height=\"266\" data-original-width=\"400\" src=\"data:image\/svg+xml;base64,PHN2ZyB3aWR0aD0iMSIgaGVpZ2h0PSIxIiB4bWxucz0iaHR0cDovL3d3dy53My5vcmcvMjAwMC9zdmciPjwvc3ZnPg==\" style=\"--smush-placeholder-width: 285px; --smush-placeholder-aspect-ratio: 285\/190;\" \/><\/a><\/h1>\n<\/div>\n<\/div>\n<article>\n<div id=\"post-body-8214762835556840508\" class=\"post-body entry-content\">\n<p style=\"text-align: justify;\">Por Felix Rubio<\/p>\n<p style=\"text-align: justify;\">El viceministro de Defensa, Ram\u00f3n Gustavo Betances Hern\u00e1ndez ARD., posesion\u00f3 como nuevo director general de la Escuelas Vocacionales de las Fuerzas Armadas y de la Polic\u00eda Nacional(DIGEV), al General de BrigadaERD., Jorge L. Morel de Dios, en sustituci\u00f3n del Mayor General ERD., Juan Jos\u00e9 Ota\u00f1o Jim\u00e9nez; quien fue designado como director general del Cuerpo Militar, Polic\u00edal y Electoral.<\/p>\n<div class=\"separator\" style=\"text-align: justify;\"><a href=\"https:\/\/blogger.googleusercontent.com\/img\/b\/R29vZ2xl\/AVvXsEhBa4yKSrCQ3ukJ_B_sC6i46fjgPPvhJmMeolCux9lT2_ykzo8uyln0cC94rYnQoemtEblq8hLR1Gsyg5dSUlFyInjxgOFEJ9owW8U71GEIHPKEiQfancRdODQo4ueS4fMxjyBxv64T7Mq0tpW0S8ifIzILOlbr8fOqrLW79l18EYVekChgeDvHqln83OE\/s400\/IMG-20230907-WA0765.jpg\"><img decoding=\"async\" class=\"alignright lazyload\" title=\"IMG-20230907-WA0765\" data-src=\"https:\/\/blogger.googleusercontent.com\/img\/b\/R29vZ2xl\/AVvXsEhBa4yKSrCQ3ukJ_B_sC6i46fjgPPvhJmMeolCux9lT2_ykzo8uyln0cC94rYnQoemtEblq8hLR1Gsyg5dSUlFyInjxgOFEJ9owW8U71GEIHPKEiQfancRdODQo4ueS4fMxjyBxv64T7Mq0tpW0S8ifIzILOlbr8fOqrLW79l18EYVekChgeDvHqln83OE\/s320\/IMG-20230907-WA0765.jpg\" alt=\"IMG-20230907-WA0765\" width=\"279\" height=\"186\" border=\"0\" data-original-height=\"266\" data-original-width=\"400\" src=\"data:image\/svg+xml;base64,PHN2ZyB3aWR0aD0iMSIgaGVpZ2h0PSIxIiB4bWxucz0iaHR0cDovL3d3dy53My5vcmcvMjAwMC9zdmciPjwvc3ZnPg==\" style=\"--smush-placeholder-width: 279px; --smush-placeholder-aspect-ratio: 279\/186;\" \/><\/a>La designaci\u00f3n del nuevo director de la DIGEV est\u00e1 contenida en un memorando firmado por el ministro de Defensa, Teniente General ERD., Carlos Luciano D\u00edaz Morfa, en fecha 1 de septiembre 2023.<\/div>\n<p style=\"text-align: justify;\">El acto de traspaso de mando se llev\u00f3 a cabo en la explanada frente al multiuso en la Sede Central de las Escuelas Vocacionales, ubicada en el municipio Santo Domingo Este, en la provincia Santo Domingo.<\/p>\n<p style=\"text-align: justify;\">La actividad de cambio de direcci\u00f3n se llev\u00f3 a cabo en presencia de la plana mayor militar y acad\u00e9mica de esa entidad formativa, as\u00ed como de todo el personal docente, administrativo y estudiantes.<\/p>\n<p style=\"text-align: justify;\"><img decoding=\"async\" class=\"alignleft lazyload\" data-src=\"https:\/\/blogger.googleusercontent.com\/img\/b\/R29vZ2xl\/AVvXsEjZUaLsgeAGvp4m5X3FFP_vCM4QN7qYctNH6d-EzAq4VkmyWqDK2h8o6Ns4d9DzhxGdVPngs8gnksM5Xc3HRvtLXFx5Og-NsykCYqIooBECPStYQjO-rIM281OlSIWbiqOOtdeYOF5v-gVX-70awLkihwwfh-ptVAQWk7essFe6ubWr-rqUyIq2xHPEKpw\/s400\/IMG-20230907-WA0763.jpg\" width=\"301\" height=\"200\" src=\"data:image\/svg+xml;base64,PHN2ZyB3aWR0aD0iMSIgaGVpZ2h0PSIxIiB4bWxucz0iaHR0cDovL3d3dy53My5vcmcvMjAwMC9zdmciPjwvc3ZnPg==\" style=\"--smush-placeholder-width: 301px; --smush-placeholder-aspect-ratio: 301\/200;\" \/>El nuevo director de la DIGEV, General de Brigada ERD., al asumir las nuevas funciones inst\u00f3 a todos los colaboradores de las Escuelas Vocacionales a continuar trabajando en equipo como hasta ahora lo han realizado con la finalidad de seguir engrandeciendo la instituci\u00f3n.<\/p>\n<p style=\"text-align: justify;\">Destac\u00f3 el extraordinario trabajo hecho por su antecesor en el fortalecimiento y modernizaci\u00f3n de esa entidad y les pidi\u00f3 a los empleados, profesores, estudiantes y todo el mando directivo seguir con ese mismo ah\u00ednco en esta nueva gesti\u00f3n.<\/p>\n<p style=\"text-align: justify;\">En tanto que el Mayor General ERD., Ota\u00f1o Jim\u00e9nez al pronunciar las palabras de despedida exhort\u00f3 a todos los servidores de las Escuelas Vocacionales a brindar todo el apoyo al nuevo director a los fines de seguir consolidando todos los logros que hasta el momento se han obtenido<\/p>\n<\/div>\n<p style=\"text-align: justify;\">\n<p style=\"text-align: justify;\">Fuente: DIGEV<\/p>\n<\/article>\n","protected":false},"excerpt":{"rendered":"<p>Por Felix Rubio El viceministro de Defensa, Ram\u00f3n Gustavo Betances Hern\u00e1ndez ARD., posesion\u00f3 como nuevo<\/p>\n","protected":false},"author":1,"featured_media":0,"comment_status":"open","ping_status":"open","sticky":false,"template":"","format":"standard","meta":{"footnotes":""},"categories":[7],"tags":[],"class_list":["post-6622","post","type-post","status-publish","format-standard","hentry","category-nacionales"],"_links":{"self":[{"href":"https:\/\/defrentealaverdad.com\/index.php\/wp-json\/wp\/v2\/posts\/6622","targetHints":{"allow":["GET"]}}],"collection":[{"href":"https:\/\/defrentealaverdad.com\/index.php\/wp-json\/wp\/v2\/posts"}],"about":[{"href":"https:\/\/defrentealaverdad.com\/index.php\/wp-json\/wp\/v2\/types\/post"}],"author":[{"embeddable":true,"href":"https:\/\/defrentealaverdad.com\/index.php\/wp-json\/wp\/v2\/users\/1"}],"replies":[{"embeddable":true,"href":"https:\/\/defrentealaverdad.com\/index.php\/wp-json\/wp\/v2\/comments?post=6622"}],"version-history":[{"count":1,"href":"https:\/\/defrentealaverdad.com\/index.php\/wp-json\/wp\/v2\/posts\/6622\/revisions"}],"predecessor-version":[{"id":6623,"href":"https:\/\/defrentealaverdad.com\/index.php\/wp-json\/wp\/v2\/posts\/6622\/revisions\/6623"}],"wp:attachment":[{"href":"https:\/\/defrentealaverdad.com\/index.php\/wp-json\/wp\/v2\/media?parent=6622"}],"wp:term":[{"taxonomy":"category","embeddable":true,"href":"https:\/\/defrentealaverdad.com\/index.php\/wp-json\/wp\/v2\/categories?post=6622"},{"taxonomy":"post_tag","embeddable":true,"href":"https:\/\/defrentealaverdad.com\/index.php\/wp-json\/wp\/v2\/tags?post=6622"}],"curies":[{"name":"wp","href":"https:\/\/api.w.org\/{rel}","templated":true}]}}