{"id":6597,"date":"2023-09-07T19:25:41","date_gmt":"2023-09-07T19:25:41","guid":{"rendered":"https:\/\/defrentealaverdad.com\/?p=6597"},"modified":"2023-09-07T19:25:47","modified_gmt":"2023-09-07T19:25:47","slug":"ta-preso-desde-el-2025-condenan-al-expresidente-de-guatemala-otto-perez-molina-a-ocho-anos-de-prision-por-corrupcion","status":"publish","type":"post","link":"https:\/\/defrentealaverdad.com\/index.php\/2023\/09\/07\/ta-preso-desde-el-2025-condenan-al-expresidente-de-guatemala-otto-perez-molina-a-ocho-anos-de-prision-por-corrupcion\/","title":{"rendered":"\u00a1Ta\u2019 preso desde el 2025!!!&#8230; Condenan al expresidente de Guatemala Otto P\u00e9rez Molina a ocho a\u00f1os de prisi\u00f3n por corrupci\u00f3n"},"content":{"rendered":"<p style=\"font-weight: 400; text-align: justify;\">Ciudad de Guatemala.-\u00a0El expresidente guatemalteco\u00a0Otto P\u00e9rez Molina\u00a0fue condenado este mi\u00e9rcoles a ocho a\u00f1os de\u00a0prisi\u00f3n\u00a0tras aceptar los cargos de fraude, lavado de dinero y cohecho\u00a0que la fiscal\u00eda le hab\u00eda imputado y que fueron cometidos durante su mandato.<\/p>\n<p><img decoding=\"async\" class=\"alignleft lazyload\" data-src=\"https:\/\/blogger.googleusercontent.com\/img\/b\/R29vZ2xl\/AVvXsEgqK-4Wfm9MkkX-5zJUh46JvEDvaRYqO-C2CdZnz_qYMBa8_EHRmBaSzEQR3WUzNSWHWBtYtXiMdHqbgplSXol4s0lHvNsUIE6vTJMkcL36GMJrhXZiefz2SmI3gZkLRqxF17IlpMNx6fdM7tT5WiT7hTSvnkpw7HmaDlj1VNiA29R8nhKg2cNZpTnEgaU\/w640-h360\/Oto%20Perez.jpg\" src=\"data:image\/svg+xml;base64,PHN2ZyB3aWR0aD0iMSIgaGVpZ2h0PSIxIiB4bWxucz0iaHR0cDovL3d3dy53My5vcmcvMjAwMC9zdmciPjwvc3ZnPg==\" \/><\/p>\n<p style=\"font-weight: 400; text-align: justify;\">\u00abAcepto los tres delitos que se me imputan\u00bb, dijo P\u00e9rez Molina ante la jueza Eva Recinos. P\u00e9rez Molina renunci\u00f3 al cargo en 2015 tras varias acusaciones de\u00a0corrupci\u00f3n\u00a0y protestas masivas que exig\u00edan su salida del gobierno junto a todo su gabinete. Su vicepresidenta Roxana Baldetti, tambi\u00e9n fue condenada por actos de\u00a0corrupci\u00f3n.<\/p>\n<p style=\"font-weight: 400; text-align: justify;\">La jueza Recinos dio por acreditado que P\u00e9rez Molina cometi\u00f3 los delitos aceptados con agravantes como la premeditaci\u00f3n y el abuso de superioridad. La magistrada agreg\u00f3 que bajo su gobierno (2012-2015) P\u00e9rez Molina nombr\u00f3 a personas que cometieron los delitos mencionados y que habr\u00eda aceptado sobornos por la adjudicaci\u00f3n de contratos con el Estado. Recinos conden\u00f3 al exmandatario a dos a\u00f1os y seis meses por fraude, dos a\u00f1os y seis meses por cohecho y tres por lavado de dinero haciendo un total de ocho a\u00f1os de\u00a0prisi\u00f3n\u00a0m\u00e1s una multa de casi tres millones de d\u00f3lares. La fiscal\u00eda acus\u00f3 en varios casos a P\u00e9rez Molina y lo identific\u00f3 como l\u00edder de una estructura criminal que defraud\u00f3 al Estado.<\/p>\n<p style=\"font-weight: 400; text-align: justify;\">En una de sus indagaciones el Ministerio P\u00fablico estableci\u00f3 varios hechos, entre ellos, que recibi\u00f3 regalos comprados con fondos p\u00fablicos de parte de sus ministros y acept\u00f3 sobornos de uno de los puertos del pa\u00eds.<\/p>\n<p style=\"font-weight: 400; text-align: justify;\">La fiscal\u00eda estim\u00f3 en m\u00e1s de 50 millones de d\u00f3lares lo defraudado por el exmandatario. \u00abYo no vine aqu\u00ed a presentar excusas, ni a defenderme. Yo por eso ped\u00ed la audiencia de aceptaci\u00f3n de cargos\u00bb,\u00a0dijo el expresidente, aunque rechaz\u00f3 haber recibido sobornos o regalos comprados con fondos p\u00fablicos. P\u00e9rez Molina est\u00e1 en\u00a0prisi\u00f3n\u00a0desde 2015 por varias acusaciones. Su abogado defensor, C\u00e9sar Calder\u00f3n, pidi\u00f3 que se lo condene a menos de 40 meses de c\u00e1rcel pues la ley de aceptaci\u00f3n de cargos reduce hasta la mitad las penas.<\/p>\n<p style=\"font-weight: 400; text-align: justify;\">Calder\u00f3n dijo que en la investigaci\u00f3n no se aport\u00f3 ninguna prueba ni testigo que probara que su defendido hab\u00eda recibido sobornos o dinero producto de alg\u00fan delito.<\/p>\n<p style=\"font-weight: 400; text-align: justify;\">Fuentes: Agencias internacionales de prensa.<\/p>\n<p style=\"font-weight: 400; text-align: justify;\"><strong>\u00a0<\/strong><\/p>\n","protected":false},"excerpt":{"rendered":"<p>Ciudad de Guatemala.-\u00a0El expresidente guatemalteco\u00a0Otto P\u00e9rez Molina\u00a0fue condenado este mi\u00e9rcoles a ocho a\u00f1os de\u00a0prisi\u00f3n\u00a0tras aceptar<\/p>\n","protected":false},"author":4,"featured_media":0,"comment_status":"open","ping_status":"open","sticky":false,"template":"","format":"standard","meta":{"footnotes":""},"categories":[16],"tags":[],"class_list":["post-6597","post","type-post","status-publish","format-standard","hentry","category-internacionales"],"_links":{"self":[{"href":"https:\/\/defrentealaverdad.com\/index.php\/wp-json\/wp\/v2\/posts\/6597","targetHints":{"allow":["GET"]}}],"collection":[{"href":"https:\/\/defrentealaverdad.com\/index.php\/wp-json\/wp\/v2\/posts"}],"about":[{"href":"https:\/\/defrentealaverdad.com\/index.php\/wp-json\/wp\/v2\/types\/post"}],"author":[{"embeddable":true,"href":"https:\/\/defrentealaverdad.com\/index.php\/wp-json\/wp\/v2\/users\/4"}],"replies":[{"embeddable":true,"href":"https:\/\/defrentealaverdad.com\/index.php\/wp-json\/wp\/v2\/comments?post=6597"}],"version-history":[{"count":1,"href":"https:\/\/defrentealaverdad.com\/index.php\/wp-json\/wp\/v2\/posts\/6597\/revisions"}],"predecessor-version":[{"id":6598,"href":"https:\/\/defrentealaverdad.com\/index.php\/wp-json\/wp\/v2\/posts\/6597\/revisions\/6598"}],"wp:attachment":[{"href":"https:\/\/defrentealaverdad.com\/index.php\/wp-json\/wp\/v2\/media?parent=6597"}],"wp:term":[{"taxonomy":"category","embeddable":true,"href":"https:\/\/defrentealaverdad.com\/index.php\/wp-json\/wp\/v2\/categories?post=6597"},{"taxonomy":"post_tag","embeddable":true,"href":"https:\/\/defrentealaverdad.com\/index.php\/wp-json\/wp\/v2\/tags?post=6597"}],"curies":[{"name":"wp","href":"https:\/\/api.w.org\/{rel}","templated":true}]}}