{"id":6557,"date":"2023-09-06T19:16:15","date_gmt":"2023-09-06T19:16:15","guid":{"rendered":"https:\/\/defrentealaverdad.com\/?p=6557"},"modified":"2023-09-06T19:16:40","modified_gmt":"2023-09-06T19:16:40","slug":"republica-dominicana-sera-sede-de-cumbre-del-fondo-de-adaptacion-al-cambio-climatico","status":"publish","type":"post","link":"https:\/\/defrentealaverdad.com\/index.php\/2023\/09\/06\/republica-dominicana-sera-sede-de-cumbre-del-fondo-de-adaptacion-al-cambio-climatico\/","title":{"rendered":"Rep\u00fablica Dominicana ser\u00e1 sede de cumbre del Fondo de Adaptaci\u00f3n al Cambio Clim\u00e1tico"},"content":{"rendered":"<blockquote>\n<p style=\"text-align: justify;\">El organismo tienen como contraparte en el pa\u00eds al Instituto Dominicano de Desarrollo Integral (IDDI) y en su c\u00f3nclave participar\u00e1n 42 pa\u00edses.<\/p>\n<\/blockquote>\n<p style=\"text-align: justify;\"><img decoding=\"async\" data-src=\"https:\/\/noticentro.com.do\/wp-content\/uploads\/2023\/09\/WhatsApp-Image-2023-09-06-at-9.57.45-AM.jpeg\" alt=\"RD ser\u00e1 sede de cumbre del Fondo de Adaptaci\u00f3n al Cambio Clim\u00e1tico\" src=\"data:image\/svg+xml;base64,PHN2ZyB3aWR0aD0iMSIgaGVpZ2h0PSIxIiB4bWxucz0iaHR0cDovL3d3dy53My5vcmcvMjAwMC9zdmciPjwvc3ZnPg==\" class=\"lazyload\" \/><\/p>\n<p style=\"text-align: justify;\">Santo Domingo, Rep\u00fablica Dominicana.- El Fondo de Adaptaci\u00f3n al Clima realizar\u00e1 en la Rep\u00fablica Dominicana su encuentro anual, en el marco del Seminario Internacional de Preparaci\u00f3n para el Financiamiento Clim\u00e1tico, a celebrarse del 12 al 15 de septiembre del a\u00f1o en curso.<\/p>\n<p style=\"text-align: justify;\">La reuni\u00f3n busca apoyar el intercambio entre las entidades nacionales implementadoras y el organismo, sobre la mejora del acceso a la financiaci\u00f3n clim\u00e1tica, la integraci\u00f3n de las cuestiones medioambientales, sociales y de g\u00e9nero, as\u00ed como las innovaciones y la presentaci\u00f3n de informes sobre el rendimiento de los proyectos. El Fondo de Adaptaci\u00f3n es un fondo internacional que financia proyectos para ayudar a pa\u00edses en la adaptaci\u00f3n a los efectos nocivos del cambio clim\u00e1tico, que se instituy\u00f3 seg\u00fan el Protocolo de Kioto de la Convenci\u00f3n Marco de las Naciones Unidas sobre el Cambio Clim\u00e1tico en el 2001 en Marrakech (Marruecos), aunque su lanzamiento oficial fue en 2007.<\/p>\n<p style=\"text-align: justify;\">Como ente internacional, es pionero en la financiaci\u00f3n de la adaptaci\u00f3n al cambio clim\u00e1tico asignando hasta la fecha m\u00e1s de un bill\u00f3n de d\u00f3lares a nivel mundial, y contando con 42 entidades implementadoras acreditadas a nivel mundial, a trav\u00e9s de las que ha beneficiado 38 millones de personas en pa\u00edses en v\u00edas de desarrollo.<\/p>\n<p style=\"text-align: justify;\"><strong>Experiencia nacional<\/strong><\/p>\n<p style=\"text-align: justify;\">En el pa\u00eds, este Fondo de Adaptaci\u00f3n financia el proyecto Aumento de la Capacidad de la Resiliencia Clim\u00e1tica en la provincia San Crist\u00f3bal que impacta en las cuencas medias de los r\u00edos Haina y Nizao y la subcuenca del r\u00edo Yubazo con una inversi\u00f3n de diez millones de d\u00f3lares (US$10,000,000).<\/p>\n<p style=\"text-align: justify;\">Estas cuencas suplen a Santo Domingo Oeste, Los Alcarrizos y Pedro Brand con m\u00e1s del 50% de sus aguas de consumo humano.\u00a0 La autoridad nacional designada del Fondo de Adaptaci\u00f3n es el Ministerio de Medio Ambiente y Recursos Naturales; y junto al Instituto Nacional de Aguas Potables y Alcantarillados (INAPA), se constituyen en las entidades socias de este proyecto.<\/p>\n<p style=\"text-align: justify;\">Dicha iniciativa es ejecutada por el Instituto Dominicano de Desarrollo Integral (IDDI), fundado en 1984; siendo la entidad nacional implementadora acreditada en el pa\u00eds con presencia en casi todo el territorio Dominicano, Hait\u00ed, Cuba y los EEUU.<\/p>\n<p style=\"text-align: justify;\">\n<p style=\"text-align: justify;\">Fuente: Noticentro<\/p>\n","protected":false},"excerpt":{"rendered":"<p>El organismo tienen como contraparte en el pa\u00eds al Instituto Dominicano de Desarrollo Integral (IDDI)<\/p>\n","protected":false},"author":2,"featured_media":0,"comment_status":"open","ping_status":"open","sticky":false,"template":"","format":"standard","meta":{"footnotes":""},"categories":[233,7],"tags":[],"class_list":["post-6557","post","type-post","status-publish","format-standard","hentry","category-medio-ambiente","category-nacionales"],"_links":{"self":[{"href":"https:\/\/defrentealaverdad.com\/index.php\/wp-json\/wp\/v2\/posts\/6557","targetHints":{"allow":["GET"]}}],"collection":[{"href":"https:\/\/defrentealaverdad.com\/index.php\/wp-json\/wp\/v2\/posts"}],"about":[{"href":"https:\/\/defrentealaverdad.com\/index.php\/wp-json\/wp\/v2\/types\/post"}],"author":[{"embeddable":true,"href":"https:\/\/defrentealaverdad.com\/index.php\/wp-json\/wp\/v2\/users\/2"}],"replies":[{"embeddable":true,"href":"https:\/\/defrentealaverdad.com\/index.php\/wp-json\/wp\/v2\/comments?post=6557"}],"version-history":[{"count":2,"href":"https:\/\/defrentealaverdad.com\/index.php\/wp-json\/wp\/v2\/posts\/6557\/revisions"}],"predecessor-version":[{"id":6559,"href":"https:\/\/defrentealaverdad.com\/index.php\/wp-json\/wp\/v2\/posts\/6557\/revisions\/6559"}],"wp:attachment":[{"href":"https:\/\/defrentealaverdad.com\/index.php\/wp-json\/wp\/v2\/media?parent=6557"}],"wp:term":[{"taxonomy":"category","embeddable":true,"href":"https:\/\/defrentealaverdad.com\/index.php\/wp-json\/wp\/v2\/categories?post=6557"},{"taxonomy":"post_tag","embeddable":true,"href":"https:\/\/defrentealaverdad.com\/index.php\/wp-json\/wp\/v2\/tags?post=6557"}],"curies":[{"name":"wp","href":"https:\/\/api.w.org\/{rel}","templated":true}]}}