{"id":6515,"date":"2023-09-06T03:25:20","date_gmt":"2023-09-06T03:25:20","guid":{"rendered":"https:\/\/defrentealaverdad.com\/?p=6515"},"modified":"2023-09-06T03:26:04","modified_gmt":"2023-09-06T03:26:04","slug":"abinader-ira-a-asamblea-general-de-la-onu-para-tener-detalles-sobre-despliegue-de-militares-en-haiti","status":"publish","type":"post","link":"https:\/\/defrentealaverdad.com\/index.php\/2023\/09\/06\/abinader-ira-a-asamblea-general-de-la-onu-para-tener-detalles-sobre-despliegue-de-militares-en-haiti\/","title":{"rendered":"Abinader ir\u00e1 a Asamblea General de la ONU para tener detalles sobre despliegue de militares en Hait\u00ed"},"content":{"rendered":"<p style=\"text-align: justify;\">A finales del pasado mes de agosto, durante un encuentro de medios de comunicaci\u00f3n, el presidente Luis Abinader inform\u00f3 que estar\u00eda participando a mediados de septiembre en la Asamblea General de la las Organizaci\u00f3n de las Naciones Unidas (ONU).<\/p>\n<p style=\"text-align: justify;\"><img decoding=\"async\" class=\"alignright lazyload\" data-src=\"https:\/\/listindiario.com\/files\/vertical_main_image\/uploads\/2019\/12\/17\/642e306c2e618.jpeg\" alt=\"El pa\u00eds lidera el crecimiento econ\u00f3mico de ALyC . ARCHIVO\" width=\"485\" height=\"300\" src=\"data:image\/svg+xml;base64,PHN2ZyB3aWR0aD0iMSIgaGVpZ2h0PSIxIiB4bWxucz0iaHR0cDovL3d3dy53My5vcmcvMjAwMC9zdmciPjwvc3ZnPg==\" style=\"--smush-placeholder-width: 485px; --smush-placeholder-aspect-ratio: 485\/300;\" \/><\/p>\n<p style=\"text-align: justify;\">De acuerdo con el mandatario, la raz\u00f3n principal de su participaci\u00f3n ser\u00e1 para conocer el estatus sobre la propuesta del despliegue de fuerzas militares en Hait\u00ed, iniciativa que a\u00fan espera que la ONU oficialice la resoluci\u00f3n que permitir\u00eda el despliegue de esa fuerza militar, que estar\u00eda compuesta por soldados de m\u00faltiples pa\u00edses.<\/p>\n<p style=\"text-align: justify;\">Hace varias semanas, Kenia se ofreci\u00f3 a liderar una \u201cfuerza internacional\u201d para ayudar al departamento de polic\u00eda de Hait\u00ed, que carece de personal y recursos, a sofocar la violencia de las pandillas. La Asamblea General de la ONU tomar\u00e1 turno en medio de que las tensiones por la alta criminalidad en Hait\u00ed, y sus efectos en la Rep\u00fablica Dominicana, hayan aumentado luego de que el pasado lunes se confirmara la noticia de que son tres los haitianos acusados de ultimar ganadero, su esposa, su hijo y un amigo en la comunidad de Aminilla de Dajab\u00f3n.<\/p>\n<p style=\"text-align: justify;\">Ante ese suceso ya el alcalde de ese municipio, Santiago River\u00f3n, se\u00f1al\u00f3 que actualmente hay \u201cbandas de haitianos que cruzan la frontera para cometer cr\u00edmenes y robos en la zona\u201d y que se debe de crear un \u201ccomando para patrullar y enfrentarlos\u201d.<\/p>\n<p style=\"text-align: justify;\">El jefe de Estado ya ha comunicado que en caso de que sea necesario se estar\u00eda \u201ccerrando la frontera\u201d pero que a\u00fan esa decisi\u00f3n se debe de tomar tras una discusi\u00f3n con el Consejo Nacional de Seguridad ya que a\u00fan \u201cno existen elementos\u201d para un cierre total.<\/p>\n<p style=\"text-align: justify;\">Aunque no se ha especificado la fecha en que el mandatario estar\u00eda partiendo hacia Nueva York, sede de la ONU, la denominada \u201cSemana de Alto Nivel\u201d de la Asamblea General se producir\u00e1 entre el 19 y el 22 de septiembre. Es precisamente el 19 en donde se tiene pautado que los jefes de Estados y delegaciones de los pa\u00edses pertenecientes a las Naciones Unidas se re\u00fanan, para debatir y estudiar las soluciones a los retos mundiales interrelacionados para avanzar en la consecuci\u00f3n de la paz, la seguridad y el desarrollo sostenible.<\/p>\n<p style=\"text-align: justify;\">En esta oportunidad, el debate anual se realizar\u00e1 bajo el lema \u00abReconstruir la confianza y reactivar la solidaridad mundial\u00bb: Acelerar las acciones dentro de la Agenda 2030 y sus Objetivos de Desarrollo Sostenible hacia la consecuci\u00f3n de la paz, la prosperidad, el progreso y la sostenibilidad para todos\u00bb.<\/p>\n<p style=\"text-align: justify;\">Al conversar con el despacho de prensa del Presidente sobre cu\u00e1l ser\u00eda la fecha en que el presidente Abinader estar\u00eda viajando a Nueva York solo fue comunicado a LIST\u00cdN DIARIO que \u201coportunamente se publicar\u00e1 una nota con esos datos\u201d.<\/p>\n<p style=\"text-align: justify;\"><strong>No Hay M\u00e1s Viajes Internacionales Por El Momento<\/strong><\/p>\n<p style=\"text-align: justify;\">Igual desde prensa del Presidente se inform\u00f3 que luego de ese viaje a Nueva York, \u201chasta el momento\u201d, no hay otros compromisos fuera del pa\u00eds para Luis Abinader.<\/p>\n<p style=\"text-align: justify;\">Fuente: List\u00edn Diario<\/p>\n","protected":false},"excerpt":{"rendered":"<p>A finales del pasado mes de agosto, durante un encuentro de medios de comunicaci\u00f3n, el<\/p>\n","protected":false},"author":4,"featured_media":0,"comment_status":"open","ping_status":"open","sticky":false,"template":"","format":"standard","meta":{"footnotes":""},"categories":[2,16],"tags":[],"class_list":["post-6515","post","type-post","status-publish","format-standard","hentry","category-economicas","category-internacionales"],"_links":{"self":[{"href":"https:\/\/defrentealaverdad.com\/index.php\/wp-json\/wp\/v2\/posts\/6515","targetHints":{"allow":["GET"]}}],"collection":[{"href":"https:\/\/defrentealaverdad.com\/index.php\/wp-json\/wp\/v2\/posts"}],"about":[{"href":"https:\/\/defrentealaverdad.com\/index.php\/wp-json\/wp\/v2\/types\/post"}],"author":[{"embeddable":true,"href":"https:\/\/defrentealaverdad.com\/index.php\/wp-json\/wp\/v2\/users\/4"}],"replies":[{"embeddable":true,"href":"https:\/\/defrentealaverdad.com\/index.php\/wp-json\/wp\/v2\/comments?post=6515"}],"version-history":[{"count":3,"href":"https:\/\/defrentealaverdad.com\/index.php\/wp-json\/wp\/v2\/posts\/6515\/revisions"}],"predecessor-version":[{"id":6518,"href":"https:\/\/defrentealaverdad.com\/index.php\/wp-json\/wp\/v2\/posts\/6515\/revisions\/6518"}],"wp:attachment":[{"href":"https:\/\/defrentealaverdad.com\/index.php\/wp-json\/wp\/v2\/media?parent=6515"}],"wp:term":[{"taxonomy":"category","embeddable":true,"href":"https:\/\/defrentealaverdad.com\/index.php\/wp-json\/wp\/v2\/categories?post=6515"},{"taxonomy":"post_tag","embeddable":true,"href":"https:\/\/defrentealaverdad.com\/index.php\/wp-json\/wp\/v2\/tags?post=6515"}],"curies":[{"name":"wp","href":"https:\/\/api.w.org\/{rel}","templated":true}]}}