{"id":65114,"date":"2026-08-31T21:01:13","date_gmt":"2026-08-31T21:01:13","guid":{"rendered":"https:\/\/defrentealaverdad.com\/?p=65114"},"modified":"2026-09-01T00:59:53","modified_gmt":"2026-09-01T00:59:53","slug":"cinco-jovenes-dominicanos-asumen-el-reto-de-recuperar-un-record-guinness-de-lectura-en-voz-alta","status":"publish","type":"post","link":"https:\/\/defrentealaverdad.com\/index.php\/2026\/08\/31\/cinco-jovenes-dominicanos-asumen-el-reto-de-recuperar-un-record-guinness-de-lectura-en-voz-alta\/","title":{"rendered":"Cinco j\u00f3venes dominicanos asumen el reto de recuperar un R\u00e9cord Guinness de lectura en voz alta"},"content":{"rendered":"<p style=\"text-align: justify;\"><span style=\"text-align: justify;\">Santo Domingo, R.D. \u2013 Con el prop\u00f3sito de demostrar que la juventud dominicana puede convertir la disciplina, la educaci\u00f3n y la perseverancia en una haza\u00f1a de alcance mundial, el Ministerio de la Juventud puso en marcha este lunes el desaf\u00edo \u201cJuventud en Voz Alta\u201d, en el que cinco j\u00f3venes dominicanos buscan recuperar para la Rep\u00fablica Dominicana el R\u00e9cord Guinness de lectura en voz alta por equipos.\u00a0<\/span><\/p>\n<p style=\"text-align: justify;\">El reto se desarrollar\u00e1 durante 20 d\u00edas consecutivos, desde este 31 de agosto hasta el 20 de septiembre, per\u00edodo en el que los cinco participantes realizar\u00e1n lecturas en voz alta de manera ininterrumpida, bajo las condiciones establecidas para la validaci\u00f3n del r\u00e9cord.<\/p>\n<p style=\"text-align: justify;\">El ministro de la Juventud, Carlos Valdez, destac\u00f3 que el desaf\u00edo representa una oportunidad para poner en alto el talento y la capacidad de los j\u00f3venes dominicanos, al tiempo que promueve el valor de la lectura como herramienta de formaci\u00f3n y transformaci\u00f3n.<\/p>\n<blockquote>\n<p style=\"text-align: center;\">\u201cEste reto representa mucho m\u00e1s que intentar recuperar un r\u00e9cord mundial. Estos cinco j\u00f3venes est\u00e1n asumiendo el compromiso de representar a toda una generaci\u00f3n que tiene la capacidad de proponerse grandes metas, trabajar con disciplina y demostrarle al mundo de qu\u00e9 est\u00e1 hecha la juventud dominicana\u201d, expres\u00f3 Valdez.<\/p>\n<\/blockquote>\n<p style=\"text-align: justify;\">Durante los 20 d\u00edas, el desarrollo del reto podr\u00e1 ser seguido mediante una transmisi\u00f3n en vivo las 24 horas, permitiendo que familiares, estudiantes, instituciones, medios de comunicaci\u00f3n y ciudadanos puedan acompa\u00f1ar a los participantes en cada etapa del desaf\u00edo.<\/p>\n<p style=\"text-align: justify;\">Con \u201cJuventud en Voz Alta\u201d, el Ministerio de la Juventud fortalece su apuesta por iniciativas que colocan a los j\u00f3venes en el centro de grandes desaf\u00edos, promoviendo la lectura, la educaci\u00f3n, la disciplina y el trabajo colectivo como herramientas para alcanzar nuevas metas.<\/p>\n<p style=\"text-align: justify;\">El proyecto cuenta con FAIA Media como aliado principal y responsable de la transmisi\u00f3n en vivo del R\u00e9cord Guinness, liderando la producci\u00f3n audiovisual durante los 20 d\u00edas del reto y permitiendo su seguimiento nacional e internacional. El Ministerio de Educaci\u00f3n (MINERD) es responsable de la selecci\u00f3n de los cinco lectores a trav\u00e9s del PLERD y de la integraci\u00f3n de unos 30 centros educativos y 1,500 estudiantes. EL INABIE tiene a su cargo la alimentaci\u00f3n de los cinco j\u00f3venes, mientras Grupo Ramos suple las meriendas durante los 20 d\u00edas y la uniformidad de los participantes.<\/p>\n<p style=\"text-align: justify;\">M\u00e1s all\u00e1 de la marca que se busca recuperar, el verdadero desaf\u00edo ser\u00e1 demostrar que cinco j\u00f3venes pueden convertirse en la voz de miles y llevar el nombre de la Rep\u00fablica Dominicana hasta un escenario mundial. Durante 20 d\u00edas, cada p\u00e1gina le\u00edda ser\u00e1 parte de una misma historia: la de una juventud que se atreve a asumir el reto, a resistir hasta el final y a demostrar que los grandes r\u00e9cords tambi\u00e9n pueden comenzar con un libro y cinco voces.<\/p>\n<p>Fuente: Prensa MJ<\/p>\n","protected":false},"excerpt":{"rendered":"<p>Santo Domingo, R.D. \u2013 Con el prop\u00f3sito de demostrar que la juventud dominicana puede convertir<\/p>\n","protected":false},"author":4,"featured_media":65115,"comment_status":"open","ping_status":"open","sticky":false,"template":"","format":"standard","meta":{"footnotes":""},"categories":[7],"tags":[],"class_list":["post-65114","post","type-post","status-publish","format-standard","has-post-thumbnail","hentry","category-nacionales"],"_links":{"self":[{"href":"https:\/\/defrentealaverdad.com\/index.php\/wp-json\/wp\/v2\/posts\/65114","targetHints":{"allow":["GET"]}}],"collection":[{"href":"https:\/\/defrentealaverdad.com\/index.php\/wp-json\/wp\/v2\/posts"}],"about":[{"href":"https:\/\/defrentealaverdad.com\/index.php\/wp-json\/wp\/v2\/types\/post"}],"author":[{"embeddable":true,"href":"https:\/\/defrentealaverdad.com\/index.php\/wp-json\/wp\/v2\/users\/4"}],"replies":[{"embeddable":true,"href":"https:\/\/defrentealaverdad.com\/index.php\/wp-json\/wp\/v2\/comments?post=65114"}],"version-history":[{"count":1,"href":"https:\/\/defrentealaverdad.com\/index.php\/wp-json\/wp\/v2\/posts\/65114\/revisions"}],"predecessor-version":[{"id":65116,"href":"https:\/\/defrentealaverdad.com\/index.php\/wp-json\/wp\/v2\/posts\/65114\/revisions\/65116"}],"wp:featuredmedia":[{"embeddable":true,"href":"https:\/\/defrentealaverdad.com\/index.php\/wp-json\/wp\/v2\/media\/65115"}],"wp:attachment":[{"href":"https:\/\/defrentealaverdad.com\/index.php\/wp-json\/wp\/v2\/media?parent=65114"}],"wp:term":[{"taxonomy":"category","embeddable":true,"href":"https:\/\/defrentealaverdad.com\/index.php\/wp-json\/wp\/v2\/categories?post=65114"},{"taxonomy":"post_tag","embeddable":true,"href":"https:\/\/defrentealaverdad.com\/index.php\/wp-json\/wp\/v2\/tags?post=65114"}],"curies":[{"name":"wp","href":"https:\/\/api.w.org\/{rel}","templated":true}]}}