{"id":65084,"date":"2026-08-31T16:23:15","date_gmt":"2026-08-31T16:23:15","guid":{"rendered":"https:\/\/defrentealaverdad.com\/?p=65084"},"modified":"2026-08-31T21:25:34","modified_gmt":"2026-08-31T21:25:34","slug":"sntp-santo-domingo-oeste-realiza-con-exito-panel-sobre-origen-desarrollo-y-futuro-de-los-medios-locales","status":"publish","type":"post","link":"https:\/\/defrentealaverdad.com\/index.php\/2026\/08\/31\/sntp-santo-domingo-oeste-realiza-con-exito-panel-sobre-origen-desarrollo-y-futuro-de-los-medios-locales\/","title":{"rendered":"SNTP Santo Domingo Oeste realiza con \u00e9xito panel sobre origen, desarrollo y futuro de los medios locales"},"content":{"rendered":"<p style=\"text-align: justify;\"><strong>Santo Domingo Oeste.<\/strong>\u2013 El Sindicato Nacional de Trabajadores de la Prensa (SNTP), filial Santo Domingo Oeste, realiz\u00f3 con \u00e9xito el panel \u201cMedios de Santo Domingo Oeste: origen, desarrollo y perspectiva de futuro\u201d, actividad enmarcada en el tercer d\u00eda de la Expo Feria Destino Oeste, organizada por Leandro Mieses.<\/p>\n<p style=\"text-align: justify;\">El panel tuvo como expositores a Jeduar Reyes, director de Impacto Municipal; Olmedo J\u00e1quez, director de Trapiche Digital; Joel Suero, director de SD Oeste al D\u00eda; y Francisco Marte, director de Perfil 224. La moderaci\u00f3n estuvo a cargo de Am\u00e9rica P\u00e9rez, secretaria general del SNTP Santo Domingo Oeste y directora de Trazos News.<\/p>\n<p><strong>Inicios y evoluci\u00f3n de los medios<\/strong><\/p>\n<p style=\"text-align: justify;\">Durante el encuentro, Olmedo J\u00e1quez realiz\u00f3 un recorrido por la historia de los medios de comunicaci\u00f3n de Santo Domingo Oeste, destac\u00e1ndose a Trapiche Digital, establecido formalmente en 2009, como el primer medio de comunicaci\u00f3n formal de la localidad.<\/p>\n<p style=\"text-align: justify;\">En esta parte de la historia reconoci\u00f3 el aporte de colaboradores que formaron parte de Trapiche Digital en sus primeras etapas, entre ellos Lely Reyes, quien aport\u00f3 la idea del nombre Trapiche, Francisco Marte, Hansel Reyes y Noribel Carrasco, quienes contribuyeron al desarrollo y consolidaci\u00f3n de este proyecto comunicacional.<\/p>\n<p style=\"text-align: justify;\">Los panelistas destacaron adem\u00e1s el respaldo que recibieron los medios en sus primeros a\u00f1os por parte de sectores empresariales y pol\u00edticos, mencionando a Francisco Pe\u00f1a, Manuel Rivas, Francis Pe\u00f1a y representantes de los Industriales de Herrera, entre otros actores que contribuyeron al fortalecimiento de la comunicaci\u00f3n local.<\/p>\n<p style=\"text-align: justify;\">Jeduar Reyes explic\u00f3 la visi\u00f3n que dio origen a Impacto Municipal y su proceso de transformaci\u00f3n y diversificaci\u00f3n, pasando por diferentes formatos hasta incursionar en la radio, la televisi\u00f3n y las plataformas de streaming.<\/p>\n<p style=\"text-align: justify;\">Destac\u00f3 la evoluci\u00f3n de Impacto Municipal como proyecto comunicacional, con una programaci\u00f3n que incluye espacios pol\u00edticos, urbanos, humor\u00edsticos y de actualidad, convirti\u00e9ndose en uno de los medios con presencia en distintas plataformas dentro del municipio.<\/p>\n<p style=\"text-align: justify;\">Por su parte, Joel Suero habl\u00f3 sobre la evoluci\u00f3n de SD Oeste al D\u00eda y las estrategias de innovaci\u00f3n implementadas por el medio, entre ellas las encuestas, los rankings y la cobertura de eventos, procurando mantener una presencia constante en los acontecimientos de inter\u00e9s para la comunidad.<\/p>\n<p style=\"text-align: justify;\">Mientras, Francisco Marte present\u00f3 la trayectoria de Perfil 224, resaltando su relaci\u00f3n con la identidad de Santo Domingo Oeste, ya que el n\u00famero 224 forma parte de la serie territorial que identifica al municipio y se ha convertido en un elemento distintivo de su propuesta comunicacional.<\/p>\n<p style=\"text-align: justify;\"><strong>Otros pioneros y protagonistas de la comunicaci\u00f3n local<\/strong><\/p>\n<p style=\"text-align: justify;\">Como parte de la narrativa hist\u00f3rica, los panelistas hicieron referencia a distintos comunicadores, proyectos y medios que han contribuido al desarrollo de la comunicaci\u00f3n en Santo Domingo Oeste.<\/p>\n<p style=\"text-align: justify;\">Entre los pioneros y referentes mencionados estuvieron Joan Pi\u00f1a, Joan Severino, Andrea Ram\u00edrez, Julie Anderson y Miguel Nicol\u00e1s, destacando sus aportes y trayectoria dentro de la comunicaci\u00f3n local.<\/p>\n<p style=\"text-align: justify;\">Tambi\u00e9n se reconoci\u00f3 la labor de Domi Mosquea y se hizo referencia a Emilio Reyes y C\u00e1scara TV, Visi\u00f3n Oeste con Eduard Calder\u00f3n, Mariano Jazm\u00edn, La Pluma de Oro, Jos\u00e9 Manuel \u201cCachimbo\u201d, Mickey Pe\u00f1a y Junior Pe\u00f1a, entre otros comunicadores y proyectos que forman parte de la historia de los medios de la demarcaci\u00f3n.<\/p>\n<p style=\"text-align: justify;\">De igual manera, se record\u00f3 con respeto la trayectoria del fallecido comunicador Antonio Medina, como parte de la memoria de quienes contribuyeron al crecimiento y fortalecimiento de la comunicaci\u00f3n en Santo Domingo Oeste.<\/p>\n<p style=\"text-align: justify;\"><strong>El reto de los medios frente a las comunidades<\/strong><\/p>\n<p style=\"text-align: justify;\">Uno de los principales temas abordados fue la perspectiva de futuro de los medios locales. Los panelistas coincidieron en que los medios de Santo Domingo Oeste tienen el compromiso de devolver a las comunidades, convirti\u00e9ndose en su voz y dando seguimiento a las problem\u00e1ticas que afectan a los diferentes barrios del municipio.<\/p>\n<p style=\"text-align: justify;\">Se record\u00f3 que el origen de muchos medios estuvo precisamente en la denuncia y en la necesidad de visibilizar las situaciones que afectan a las comunidades, por lo que consideraron fundamental mantener esa funci\u00f3n social y no perder el v\u00ednculo con la ciudadan\u00eda.<\/p>\n<p style=\"text-align: justify;\">Durante el debate tambi\u00e9n se abord\u00f3 el fen\u00f3meno de la autocensura, se\u00f1alando que cuando quienes dirigen un medio tienen determinadas afinidades pol\u00edticas o forman parte de alg\u00fan gobierno, pueden presentarse circunstancias que condicionen el tratamiento de algunos temas o limiten determinadas denuncias.<\/p>\n<p style=\"text-align: justify;\">Los panelistas tambi\u00e9n ponderaron los avances alcanzados por los medios y los trabajadores de la prensa de Santo Domingo Oeste, destacando que el sector ha experimentado un crecimiento importante en materia de capacitaci\u00f3n, estudios, tecnificaci\u00f3n y profesionalizaci\u00f3n.<\/p>\n<p style=\"text-align: justify;\">No obstante, plantearon una reflexi\u00f3n sobre la realidad actual: se ha avanzado en cantidad de medios, pero en algunos casos la calidad de los contenidos ha disminuido, por lo que llamaron a continuar apostando por una comunicaci\u00f3n profesional, responsable y comprometida con la comunidad.<\/p>\n<p><strong>Invitados especiales<\/strong><\/p>\n<p style=\"text-align: justify;\">La actividad cont\u00f3 con la presencia de importantes representantes de diferentes sectores de Santo Domingo Oeste, entre ellos la vicealcaldesa Anny Marte; Leandro Mieses, organizador de la Expo Feria Destino Oeste; el subdirector de la CAASD, Francisco Campusano; el comandante de Buenos Aires, coronel Pe\u00f1a; y una representaci\u00f3n de la DIGESETT, en nombre del comandante Mad\u00e9.<\/p>\n<p style=\"text-align: justify;\">Tambi\u00e9n participaron Andr\u00e9s Travieso, presidente de ONA; los abogados Bunel Ram\u00edrez, Jorge Pichardo y Vinicio Aquino; as\u00ed como Agust\u00edn Matos, Emilio F\u00e9lix, Juan Urbaez, Gillo y Juan Miguel J\u00e1quez, adem\u00e1s de otros invitados especiales.<\/p>\n<p style=\"text-align: justify;\">De manera especial, estuvieron presentes estudiantes de INFOTEP que cursan la carrera de T\u00e9cnico en Periodismo Audiovisual y Transmedia, formaci\u00f3n que realizan gracias a las gestiones y el apoyo del SNTP y su filial Santo Domingo Oeste, como parte del compromiso de la organizaci\u00f3n con la capacitaci\u00f3n y profesionalizaci\u00f3n de los trabajadores de la prensa.<\/p>\n<p style=\"text-align: justify;\">El panel se convirti\u00f3 en un espacio de memoria, reconocimiento y reflexi\u00f3n, donde distintas generaciones de comunicadores analizaron los or\u00edgenes de los medios de Santo Domingo Oeste, su evoluci\u00f3n, los avances alcanzados y los desaf\u00edos que enfrenta el sector.<\/p>\n<p style=\"text-align: justify;\">La actividad reafirm\u00f3 el compromiso del SNTP, filial Santo Domingo Oeste, con la formaci\u00f3n, el di\u00e1logo y el fortalecimiento de los trabajadores de la prensa, promoviendo una comunicaci\u00f3n local m\u00e1s profesional, responsable, cercana a las comunidades y comprometida con las necesidades de la ciudadan\u00eda.<\/p>\n<p>Fuente: SNTP, filial Santo Domingo Oeste<\/p>\n","protected":false},"excerpt":{"rendered":"<p>Santo Domingo Oeste.\u2013 El Sindicato Nacional de Trabajadores de la Prensa (SNTP), filial Santo Domingo<\/p>\n","protected":false},"author":1,"featured_media":65085,"comment_status":"open","ping_status":"open","sticky":false,"template":"","format":"standard","meta":{"footnotes":""},"categories":[255],"tags":[],"class_list":["post-65084","post","type-post","status-publish","format-standard","has-post-thumbnail","hentry","category-comunicacion"],"_links":{"self":[{"href":"https:\/\/defrentealaverdad.com\/index.php\/wp-json\/wp\/v2\/posts\/65084","targetHints":{"allow":["GET"]}}],"collection":[{"href":"https:\/\/defrentealaverdad.com\/index.php\/wp-json\/wp\/v2\/posts"}],"about":[{"href":"https:\/\/defrentealaverdad.com\/index.php\/wp-json\/wp\/v2\/types\/post"}],"author":[{"embeddable":true,"href":"https:\/\/defrentealaverdad.com\/index.php\/wp-json\/wp\/v2\/users\/1"}],"replies":[{"embeddable":true,"href":"https:\/\/defrentealaverdad.com\/index.php\/wp-json\/wp\/v2\/comments?post=65084"}],"version-history":[{"count":1,"href":"https:\/\/defrentealaverdad.com\/index.php\/wp-json\/wp\/v2\/posts\/65084\/revisions"}],"predecessor-version":[{"id":65086,"href":"https:\/\/defrentealaverdad.com\/index.php\/wp-json\/wp\/v2\/posts\/65084\/revisions\/65086"}],"wp:featuredmedia":[{"embeddable":true,"href":"https:\/\/defrentealaverdad.com\/index.php\/wp-json\/wp\/v2\/media\/65085"}],"wp:attachment":[{"href":"https:\/\/defrentealaverdad.com\/index.php\/wp-json\/wp\/v2\/media?parent=65084"}],"wp:term":[{"taxonomy":"category","embeddable":true,"href":"https:\/\/defrentealaverdad.com\/index.php\/wp-json\/wp\/v2\/categories?post=65084"},{"taxonomy":"post_tag","embeddable":true,"href":"https:\/\/defrentealaverdad.com\/index.php\/wp-json\/wp\/v2\/tags?post=65084"}],"curies":[{"name":"wp","href":"https:\/\/api.w.org\/{rel}","templated":true}]}}