{"id":65078,"date":"2026-08-31T18:01:12","date_gmt":"2026-08-31T18:01:12","guid":{"rendered":"https:\/\/defrentealaverdad.com\/?p=65078"},"modified":"2026-08-31T21:20:31","modified_gmt":"2026-08-31T21:20:31","slug":"sns-y-sociedades-medicas-coordinan-acciones-para-fortalecer-atencion-materna-y-neonatal","status":"publish","type":"post","link":"https:\/\/defrentealaverdad.com\/index.php\/2026\/08\/31\/sns-y-sociedades-medicas-coordinan-acciones-para-fortalecer-atencion-materna-y-neonatal\/","title":{"rendered":"SNS y sociedades m\u00e9dicas coordinan acciones para fortalecer atenci\u00f3n materna y neonatal"},"content":{"rendered":"<blockquote>\n<p style=\"text-align: center;\">En la mesa de trabajo tambi\u00e9n particip\u00f3 el representante de la Organizaci\u00f3n Panamericana de la Salud (OPS) en el pa\u00eds<\/p>\n<\/blockquote>\n<p style=\"text-align: justify;\"><strong>Santo Domingo<\/strong> \u2013 El director ejecutivo del Servicio Nacional de Salud (SNS), doctor Julio C\u00e9sar Landr\u00f3n, sostuvo un encuentro con los directores de los hospitales materno infantiles de la Red P\u00fablica, as\u00ed como con representantes de las sociedades dominicanas de Neonatolog\u00eda, Pediatr\u00eda y Medicina Perinatal, quienes expresaron su disposici\u00f3n de integrarse a las acciones dirigidas a reducir la mortalidad materna y neonatal en el pa\u00eds.<\/p>\n<p style=\"text-align: justify;\">La reuni\u00f3n, encabezada por el doctor Landr\u00f3n, permiti\u00f3 intercambiar planteamientos y definir acciones conjuntas para fortalecer la atenci\u00f3n de las embarazadas y los reci\u00e9n nacidos, con la participaci\u00f3n de las autoridades sanitarias, los directores de hospitales y los equipos m\u00e9dicos especializados.<\/p>\n<blockquote>\n<p style=\"text-align: center;\">\u201cLa experiencia de las sociedades m\u00e9dicas es fundamental para identificar qu\u00e9 aspectos de la atenci\u00f3n debemos revisar y fortalecer. Por eso queremos trabajar de manera conjunta, escuchar sus recomendaciones y definir acciones que puedan ser implementadas de forma efectiva en los servicios de salud\u201d, se\u00f1al\u00f3 el director ejecutivo del SNS, doctor Julio C\u00e9sar Landr\u00f3n.<\/p>\n<\/blockquote>\n<p style=\"text-align: justify;\">En el encuentro tambi\u00e9n particip\u00f3 el representante de la Organizaci\u00f3n Panamericana de la Salud (OPS) en el pa\u00eds, doctor Bernardino Vitoy, quien felicit\u00f3 al doctor Landr\u00f3n por incorporar a las sociedades m\u00e9dicas especializadas y a los organismos internacionales en esta mesa de trabajo, al considerar que la participaci\u00f3n de los distintos actores permite sumar perspectivas y experiencias para abordar la problem\u00e1tica.<\/p>\n<blockquote>\n<p style=\"text-align: center;\">\u201cFelicitamos al doctor Landr\u00f3n por incluir en esta mesa de trabajo a las sociedades m\u00e9dicas especializadas y tambi\u00e9n a los organismos internacionales. La participaci\u00f3n de m\u00faltiples actores permite tener ideas y miradas distintas ante esta problem\u00e1tica y, junto al Servicio Nacional de Salud, los hospitales, sus directores, el Ministerio de Salud y todos los profesionales que act\u00faan en los hospitales, encontrar el camino y los mecanismos para solucionar el problema\u201d, expres\u00f3 Vitoy.<\/p>\n<\/blockquote>\n<p style=\"text-align: justify;\">Asimismo, estuvieron presentes en el encuentro el doctor Santiago Mart\u00ednez, representante de la Sociedad Dominicana de Neonatolog\u00eda; el presidente de la Sociedad Dominicana de Pediatr\u00eda, doctor Reinaldo Jim\u00e9nez Quezada; y la presidenta de la Sociedad Dominicana de Medicina Perinatal, doctora Katy Rodr\u00edguez, quienes reiteraron su disposici\u00f3n de aportar sus conocimientos y experiencia a las estrategias que desarrollen las autoridades sanitarias para mejorar la atenci\u00f3n, reforzar el cumplimiento de los protocolos y proteger la vida de las madres y los reci\u00e9n nacidos.<\/p>\n<p>Fuente: Prensa SNS<\/p>\n","protected":false},"excerpt":{"rendered":"<p>En la mesa de trabajo tambi\u00e9n particip\u00f3 el representante de la Organizaci\u00f3n Panamericana de la<\/p>\n","protected":false},"author":1,"featured_media":65079,"comment_status":"open","ping_status":"open","sticky":false,"template":"","format":"standard","meta":{"footnotes":""},"categories":[221],"tags":[],"class_list":["post-65078","post","type-post","status-publish","format-standard","has-post-thumbnail","hentry","category-salud"],"_links":{"self":[{"href":"https:\/\/defrentealaverdad.com\/index.php\/wp-json\/wp\/v2\/posts\/65078","targetHints":{"allow":["GET"]}}],"collection":[{"href":"https:\/\/defrentealaverdad.com\/index.php\/wp-json\/wp\/v2\/posts"}],"about":[{"href":"https:\/\/defrentealaverdad.com\/index.php\/wp-json\/wp\/v2\/types\/post"}],"author":[{"embeddable":true,"href":"https:\/\/defrentealaverdad.com\/index.php\/wp-json\/wp\/v2\/users\/1"}],"replies":[{"embeddable":true,"href":"https:\/\/defrentealaverdad.com\/index.php\/wp-json\/wp\/v2\/comments?post=65078"}],"version-history":[{"count":1,"href":"https:\/\/defrentealaverdad.com\/index.php\/wp-json\/wp\/v2\/posts\/65078\/revisions"}],"predecessor-version":[{"id":65080,"href":"https:\/\/defrentealaverdad.com\/index.php\/wp-json\/wp\/v2\/posts\/65078\/revisions\/65080"}],"wp:featuredmedia":[{"embeddable":true,"href":"https:\/\/defrentealaverdad.com\/index.php\/wp-json\/wp\/v2\/media\/65079"}],"wp:attachment":[{"href":"https:\/\/defrentealaverdad.com\/index.php\/wp-json\/wp\/v2\/media?parent=65078"}],"wp:term":[{"taxonomy":"category","embeddable":true,"href":"https:\/\/defrentealaverdad.com\/index.php\/wp-json\/wp\/v2\/categories?post=65078"},{"taxonomy":"post_tag","embeddable":true,"href":"https:\/\/defrentealaverdad.com\/index.php\/wp-json\/wp\/v2\/tags?post=65078"}],"curies":[{"name":"wp","href":"https:\/\/api.w.org\/{rel}","templated":true}]}}