{"id":65061,"date":"2026-08-31T10:06:54","date_gmt":"2026-08-31T10:06:54","guid":{"rendered":"https:\/\/defrentealaverdad.com\/?p=65061"},"modified":"2026-08-31T21:08:12","modified_gmt":"2026-08-31T21:08:12","slug":"la-dominicana-genesis-rodriguez-consolida-en-nueva-york-un-proyecto-al-servicio-de-los-inmigrantes","status":"publish","type":"post","link":"https:\/\/defrentealaverdad.com\/index.php\/2026\/08\/31\/la-dominicana-genesis-rodriguez-consolida-en-nueva-york-un-proyecto-al-servicio-de-los-inmigrantes\/","title":{"rendered":"La dominicana G\u00e9nesis Rodr\u00edguez consolida en Nueva York un proyecto al servicio de los inmigrantes"},"content":{"rendered":"<p style=\"text-align: justify;\">Nueva York.\u2013 Durante una d\u00e9cada, G\u00e9nesis Rodr\u00edguez conoci\u00f3 de cerca las necesidades financieras de cientos de familias en Nueva York. Comenz\u00f3 como cajera en una reconocida instituci\u00f3n bancaria y, tras a\u00f1os de preparaci\u00f3n y crecimiento profesional, lleg\u00f3 a desempe\u00f1arse como asesora financiera. Esa experiencia se convirti\u00f3 posteriormente en la base de un proyecto propio orientado a acompa\u00f1ar a la comunidad latina en diferentes tr\u00e1mites y procesos cotidianos.<\/p>\n<p style=\"text-align: justify;\">Su trayectoria fue reconocida durante la segunda edici\u00f3n de Viva La Mujer Awards 2026, celebrada en la ciudad de Nueva York. La distinci\u00f3n destac\u00f3 su desarrollo como emprendedora dominicana, su perseverancia y el trabajo que realiza para facilitar el acceso a servicios financieros, tributarios, migratorios y documentales en Estados Unidos.<\/p>\n<p style=\"text-align: justify;\">Rodr\u00edguez lleg\u00f3 al pa\u00eds cuando apenas ten\u00eda 12 a\u00f1os. Desde muy joven sinti\u00f3 inter\u00e9s por los n\u00fameros y las finanzas, una inclinaci\u00f3n que la llev\u00f3 a estudiar Contabilidad. Su proceso de adaptaci\u00f3n estuvo acompa\u00f1ado de importantes responsabilidades personales: fue madre a temprana edad y hoy es madre de cuatro hijos, a quienes identifica como su principal motivaci\u00f3n para continuar avanzando.<\/p>\n<p style=\"text-align: justify;\">Despu\u00e9s de permanecer diez a\u00f1os dentro del sistema bancario, comenz\u00f3 a considerar la posibilidad de emprender. Aunque pose\u00eda experiencia y conocimientos, reconoce que abandonar la seguridad de un empleo estable representaba una decisi\u00f3n dif\u00edcil. En 2022, luego de la pandemia, decidi\u00f3 enfrentar ese temor y abri\u00f3 su negocio de multiservicios.<\/p>\n<p style=\"text-align: justify;\">Desde entonces, su labor se ha concentrado en asistir a personas y familias que necesitan realizar declaraciones de impuestos personales y corporativos, solicitudes de ITIN, traducciones, apostillas, tr\u00e1mites notariales y gestiones relacionadas con servicios migratorios. Tambi\u00e9n trabaja como agente de seguros de vida y ofrece servicios de env\u00edo de dinero. Para la tramitaci\u00f3n del ITIN, cuenta con la certificaci\u00f3n correspondiente como agente tramitador autorizado por el Servicio de Impuestos Internos de Estados Unidos (IRS).<\/p>\n<p style=\"text-align: justify;\">M\u00e1s all\u00e1 de los procedimientos administrativos, su experiencia revela una realidad frecuente entre los emprendedores de la di\u00e1spora: iniciar un negocio sin contar con una gu\u00eda clara, aprender mediante la pr\u00e1ctica y recuperarse de los errores. Rodr\u00edguez asegura que los primeros a\u00f1os estuvieron marcados por desaf\u00edos, preparaci\u00f3n constante y la necesidad de adaptarse a las demandas de una comunidad diversa.<\/p>\n<blockquote>\n<p style=\"text-align: center;\">\u201cMuchas veces el miedo no significa que no estamos preparados; simplemente significa que estamos a punto de hacer algo que nos reta a crecer\u201d, expresa la emprendedora. Para ella, el reconocimiento recibido representa tambi\u00e9n un mensaje dirigido a sus hijos: los comienzos y las dificultades no tienen que determinar hasta d\u00f3nde puede llegar una persona.<\/p>\n<\/blockquote>\n<p style=\"text-align: justify;\">La historia de G\u00e9nesis Rodr\u00edguez contin\u00faa escribi\u00e9ndose entre la maternidad, el emprendimiento y el servicio comunitario. Su prop\u00f3sito, afirma, es seguir creciendo sin perder de vista la raz\u00f3n que dio origen a su proyecto: ofrecer orientaci\u00f3n y soluciones a quienes, como ella, han tenido que construir una nueva vida lejos de su pa\u00eds de origen.<\/p>\n<p>Fuente: Equipo \u00abG\u00e9nesis Rodr\u00edguez\u00bb<\/p>\n","protected":false},"excerpt":{"rendered":"<p>Nueva York.\u2013 Durante una d\u00e9cada, G\u00e9nesis Rodr\u00edguez conoci\u00f3 de cerca las necesidades financieras de cientos<\/p>\n","protected":false},"author":4,"featured_media":65062,"comment_status":"open","ping_status":"open","sticky":false,"template":"","format":"standard","meta":{"footnotes":""},"categories":[16],"tags":[],"class_list":["post-65061","post","type-post","status-publish","format-standard","has-post-thumbnail","hentry","category-internacionales"],"_links":{"self":[{"href":"https:\/\/defrentealaverdad.com\/index.php\/wp-json\/wp\/v2\/posts\/65061","targetHints":{"allow":["GET"]}}],"collection":[{"href":"https:\/\/defrentealaverdad.com\/index.php\/wp-json\/wp\/v2\/posts"}],"about":[{"href":"https:\/\/defrentealaverdad.com\/index.php\/wp-json\/wp\/v2\/types\/post"}],"author":[{"embeddable":true,"href":"https:\/\/defrentealaverdad.com\/index.php\/wp-json\/wp\/v2\/users\/4"}],"replies":[{"embeddable":true,"href":"https:\/\/defrentealaverdad.com\/index.php\/wp-json\/wp\/v2\/comments?post=65061"}],"version-history":[{"count":1,"href":"https:\/\/defrentealaverdad.com\/index.php\/wp-json\/wp\/v2\/posts\/65061\/revisions"}],"predecessor-version":[{"id":65063,"href":"https:\/\/defrentealaverdad.com\/index.php\/wp-json\/wp\/v2\/posts\/65061\/revisions\/65063"}],"wp:featuredmedia":[{"embeddable":true,"href":"https:\/\/defrentealaverdad.com\/index.php\/wp-json\/wp\/v2\/media\/65062"}],"wp:attachment":[{"href":"https:\/\/defrentealaverdad.com\/index.php\/wp-json\/wp\/v2\/media?parent=65061"}],"wp:term":[{"taxonomy":"category","embeddable":true,"href":"https:\/\/defrentealaverdad.com\/index.php\/wp-json\/wp\/v2\/categories?post=65061"},{"taxonomy":"post_tag","embeddable":true,"href":"https:\/\/defrentealaverdad.com\/index.php\/wp-json\/wp\/v2\/tags?post=65061"}],"curies":[{"name":"wp","href":"https:\/\/api.w.org\/{rel}","templated":true}]}}