{"id":65046,"date":"2026-08-31T20:02:04","date_gmt":"2026-08-31T20:02:04","guid":{"rendered":"https:\/\/defrentealaverdad.com\/?p=65046"},"modified":"2026-08-31T20:02:04","modified_gmt":"2026-08-31T20:02:04","slug":"jimmy-llibre-sube-al-podio-en-road-america-y-conquista-el-segundo-lugar-en-una-carrera-marcada-por-la-lluvia","status":"publish","type":"post","link":"https:\/\/defrentealaverdad.com\/index.php\/2026\/08\/31\/jimmy-llibre-sube-al-podio-en-road-america-y-conquista-el-segundo-lugar-en-una-carrera-marcada-por-la-lluvia\/","title":{"rendered":"JIMMY LLIBRE SUBE AL PODIO EN ROAD AMERICA Y CONQUISTA EL SEGUNDO LUGAR EN UNA CARRERA MARCADA POR LA LLUVIA"},"content":{"rendered":"<p style=\"font-weight: 400;\"><strong>Santo Domingo, Rep\u00fablica Dominicana. \u2013\u00a0<\/strong>El piloto dominicano Jimmy Llibre volvi\u00f3 a demostrar su competitividad y determinaci\u00f3n en uno de los escenarios m\u00e1s exigentes del automovilismo, al conquistar el segundo lugar y subir al podio en Road America, tras disputar una carrera intensa que estuvo marcada de principio a fin por las dif\u00edciles condiciones clim\u00e1ticas.<\/p>\n<p style=\"font-weight: 400;\">La competencia se desarroll\u00f3 completamente bajo lluvia, convirti\u00e9ndo en un verdadero desaf\u00edo para los pilotos y equipos, debido a la reducci\u00f3n de visibilidad y las condiciones cambiantes de la pista. A pesar de ello, Llibre y su equipo mantuvieron un s\u00f3lido ritmo de carrera y ejecutaron una estrategia que result\u00f3 determinante para alcanzar el podio.<\/p>\n<p style=\"font-weight: 400;\">Uno de los momentos claves de la competencia se produjo durante la entrada a pits para realizar el cambio de piloto, donde el equipo dominicano ejecut\u00f3 una excelente estrategia que les permiti\u00f3 recuperar terreno y mantenerse en la lucha por las primeras posiciones.<\/p>\n<p style=\"font-weight: 400;\">\u201cFue una carrera intensa y a su vez peligrosa porque la carrera completa fue bajo lluvia. Tuvimos una excelente estrategia cuando entramos a los pits en el cambio de piloto, la cual nos ayud\u00f3 bastante. \u00cdbamos con muy buen ritmo por el primer lugar\u201d, explic\u00f3 Llibre al concluir la competencia.<\/p>\n<p style=\"font-weight: 400;\">Para Llibre, el resultado representa mucho m\u00e1s que un puesto en la clasificaci\u00f3n, subir nuevamente al podio en una competencia internacional y hacerlo llevando la bandera de Rep\u00fablica Dominicana es motivo de orgullo y satisfacci\u00f3n.<\/p>\n<p style=\"font-weight: 400;\">\u201cEstoy s\u00faper contento, podium y una vez m\u00e1s, poniendo en alto nuestra bandera\u201d, expres\u00f3 el piloto dominicano. Tras este importante resultado, Jimmy Llibre expres\u00f3 su profundo agradecimiento a Dios, a su familia, a sus seguidores y a todos sus patrocinadores, quienes han respaldado su trayectoria y contin\u00faan siendo parte fundamental de cada paso de su carrera deportiva.<\/p>\n","protected":false},"excerpt":{"rendered":"<p>Santo Domingo, Rep\u00fablica Dominicana. \u2013\u00a0El piloto dominicano Jimmy Llibre volvi\u00f3 a demostrar su competitividad y<\/p>\n","protected":false},"author":4,"featured_media":65047,"comment_status":"open","ping_status":"open","sticky":false,"template":"","format":"standard","meta":{"footnotes":""},"categories":[3],"tags":[],"class_list":["post-65046","post","type-post","status-publish","format-standard","has-post-thumbnail","hentry","category-deportes"],"_links":{"self":[{"href":"https:\/\/defrentealaverdad.com\/index.php\/wp-json\/wp\/v2\/posts\/65046","targetHints":{"allow":["GET"]}}],"collection":[{"href":"https:\/\/defrentealaverdad.com\/index.php\/wp-json\/wp\/v2\/posts"}],"about":[{"href":"https:\/\/defrentealaverdad.com\/index.php\/wp-json\/wp\/v2\/types\/post"}],"author":[{"embeddable":true,"href":"https:\/\/defrentealaverdad.com\/index.php\/wp-json\/wp\/v2\/users\/4"}],"replies":[{"embeddable":true,"href":"https:\/\/defrentealaverdad.com\/index.php\/wp-json\/wp\/v2\/comments?post=65046"}],"version-history":[{"count":1,"href":"https:\/\/defrentealaverdad.com\/index.php\/wp-json\/wp\/v2\/posts\/65046\/revisions"}],"predecessor-version":[{"id":65048,"href":"https:\/\/defrentealaverdad.com\/index.php\/wp-json\/wp\/v2\/posts\/65046\/revisions\/65048"}],"wp:featuredmedia":[{"embeddable":true,"href":"https:\/\/defrentealaverdad.com\/index.php\/wp-json\/wp\/v2\/media\/65047"}],"wp:attachment":[{"href":"https:\/\/defrentealaverdad.com\/index.php\/wp-json\/wp\/v2\/media?parent=65046"}],"wp:term":[{"taxonomy":"category","embeddable":true,"href":"https:\/\/defrentealaverdad.com\/index.php\/wp-json\/wp\/v2\/categories?post=65046"},{"taxonomy":"post_tag","embeddable":true,"href":"https:\/\/defrentealaverdad.com\/index.php\/wp-json\/wp\/v2\/tags?post=65046"}],"curies":[{"name":"wp","href":"https:\/\/api.w.org\/{rel}","templated":true}]}}