{"id":65036,"date":"2026-08-31T15:21:58","date_gmt":"2026-08-31T15:21:58","guid":{"rendered":"https:\/\/defrentealaverdad.com\/?p=65036"},"modified":"2026-08-31T18:23:23","modified_gmt":"2026-08-31T18:23:23","slug":"ministerio-de-cultura-clausura-este-festival-con-reconocimiento-del-senado-a-gestores-culturales","status":"publish","type":"post","link":"https:\/\/defrentealaverdad.com\/index.php\/2026\/08\/31\/ministerio-de-cultura-clausura-este-festival-con-reconocimiento-del-senado-a-gestores-culturales\/","title":{"rendered":"Ministerio de Cultura clausura Este Festival con reconocimiento del Senado a gestores culturales"},"content":{"rendered":"<p style=\"text-align: justify;\"><strong>Santo Domingo.-<\/strong> El ministro de Cultura, Roberto \u00c1ngel Salcedo, encabez\u00f3 el acto de clausura de Este Festival 2026, jornada dedicada al reconocimiento de gestores culturales, artistas y artesanos de las provincias participantes.<\/p>\n<p style=\"text-align: justify;\">Durante su intervenci\u00f3n, Salcedo destac\u00f3 el respaldo del Senado de la Rep\u00fablica a la pol\u00edtica de descentralizaci\u00f3n cultural que impulsa su gesti\u00f3n y la importancia de acercar las oportunidades y el reconocimiento al sector art\u00edstico en todo el pa\u00eds.<\/p>\n<p style=\"text-align: justify;\">Como parte de la ceremonia, el Senado entreg\u00f3 pergaminos de reconocimiento a seis personalidades de las provincias del Este por sus aportes a la preservaci\u00f3n, promoci\u00f3n y difusi\u00f3n de las expresiones culturales dominicanas. Los homenajeados fueron Crist\u00f3bal Rodr\u00edguez Cede\u00f1o, Eladio Ram\u00edrez (\u201cMamerto el Fantasma\u201d), Juan Pradio Rojas, Luisana Taveras Zapata, Robert Berroa y Luisa Mar\u00eda Ortiz Guzm\u00e1n, vinculados a las artes pl\u00e1sticas, la danza, la literatura, la gesti\u00f3n cultural, la educaci\u00f3n y la investigaci\u00f3n, respectivamente.<\/p>\n<p style=\"text-align: justify;\">Las distinciones fueron entregadas por senadores de las provincias de origen de los homenajeados. El acto cont\u00f3 adem\u00e1s con la presencia del presidente del Senado, Ricardo de los Santos, as\u00ed como de diferentes legisladores, gobernadoras provinciales, autoridades culturales y representantes locales y regionales.<\/p>\n<p style=\"text-align: justify;\">La jornada concluy\u00f3 con una presentaci\u00f3n de la Big Band Dominicana, tras tres d\u00edas de exposiciones, actividades art\u00edsticas, encuentros y espacios de reflexi\u00f3n.<\/p>\n<p style=\"text-align: justify;\">\n<p style=\"text-align: justify;\">Fuente: MINC<\/p>\n","protected":false},"excerpt":{"rendered":"<p>Santo Domingo.- El ministro de Cultura, Roberto \u00c1ngel Salcedo, encabez\u00f3 el acto de clausura de<\/p>\n","protected":false},"author":4,"featured_media":65037,"comment_status":"open","ping_status":"open","sticky":false,"template":"","format":"standard","meta":{"footnotes":""},"categories":[245],"tags":[],"class_list":["post-65036","post","type-post","status-publish","format-standard","has-post-thumbnail","hentry","category-cultura"],"_links":{"self":[{"href":"https:\/\/defrentealaverdad.com\/index.php\/wp-json\/wp\/v2\/posts\/65036","targetHints":{"allow":["GET"]}}],"collection":[{"href":"https:\/\/defrentealaverdad.com\/index.php\/wp-json\/wp\/v2\/posts"}],"about":[{"href":"https:\/\/defrentealaverdad.com\/index.php\/wp-json\/wp\/v2\/types\/post"}],"author":[{"embeddable":true,"href":"https:\/\/defrentealaverdad.com\/index.php\/wp-json\/wp\/v2\/users\/4"}],"replies":[{"embeddable":true,"href":"https:\/\/defrentealaverdad.com\/index.php\/wp-json\/wp\/v2\/comments?post=65036"}],"version-history":[{"count":2,"href":"https:\/\/defrentealaverdad.com\/index.php\/wp-json\/wp\/v2\/posts\/65036\/revisions"}],"predecessor-version":[{"id":65039,"href":"https:\/\/defrentealaverdad.com\/index.php\/wp-json\/wp\/v2\/posts\/65036\/revisions\/65039"}],"wp:featuredmedia":[{"embeddable":true,"href":"https:\/\/defrentealaverdad.com\/index.php\/wp-json\/wp\/v2\/media\/65037"}],"wp:attachment":[{"href":"https:\/\/defrentealaverdad.com\/index.php\/wp-json\/wp\/v2\/media?parent=65036"}],"wp:term":[{"taxonomy":"category","embeddable":true,"href":"https:\/\/defrentealaverdad.com\/index.php\/wp-json\/wp\/v2\/categories?post=65036"},{"taxonomy":"post_tag","embeddable":true,"href":"https:\/\/defrentealaverdad.com\/index.php\/wp-json\/wp\/v2\/tags?post=65036"}],"curies":[{"name":"wp","href":"https:\/\/api.w.org\/{rel}","templated":true}]}}