{"id":65008,"date":"2026-08-31T14:09:23","date_gmt":"2026-08-31T14:09:23","guid":{"rendered":"https:\/\/defrentealaverdad.com\/?p=65008"},"modified":"2026-08-31T17:37:28","modified_gmt":"2026-08-31T17:37:28","slug":"doctora-merycarla-pichardo-garcia-participa-en-la-revision-internacional-de-la-guia-aua-sufu-sobre-vejiga-hiperactiva","status":"publish","type":"post","link":"https:\/\/defrentealaverdad.com\/index.php\/2026\/08\/31\/doctora-merycarla-pichardo-garcia-participa-en-la-revision-internacional-de-la-guia-aua-sufu-sobre-vejiga-hiperactiva\/","title":{"rendered":"Doctora Merycarla Pichardo Garc\u00eda participa en la revisi\u00f3n internacional de la gu\u00eda AUA\/SUFU sobre vejiga hiperactiva"},"content":{"rendered":"<blockquote>\n<p style=\"text-align: center;\">La especialista fue reconocida entre los profesionales que contribuyeron al proceso de revisi\u00f3n por pares de esta importante gu\u00eda cl\u00ednica internacional.<\/p>\n<\/blockquote>\n<p style=\"text-align: justify;\">Santo Domingo. &#8211; La doctora Merycarla Pichardo Garc\u00eda form\u00f3 parte del grupo internacional de especialistas que particip\u00f3 en la revisi\u00f3n por pares de la Gu\u00eda AUA\/SUFU para el diagn\u00f3stico y tratamiento de la vejiga hiperactiva idiop\u00e1tica, publicada en 2024.<\/p>\n<p style=\"text-align: justify;\">El documento fue desarrollado por la American Urological Association (AUA) y la Society of Urodynamics, Female Pelvic Medicine &amp; Urogenital Reconstruction (SUFU), dos organizaciones de referencia en el \u00e1mbito de la urolog\u00eda, la urodinamia y la salud del suelo p\u00e9lvico.<\/p>\n<p style=\"text-align: justify;\">La participaci\u00f3n de la doctora Pichardo Garc\u00eda aparece reconocida oficialmente en la secci\u00f3n de revisores por pares de la gu\u00eda, junto con especialistas de diferentes pa\u00edses. En esta fase, los profesionales invitados aportaron observaciones y comentarios dirigidos a evaluar el contenido antes de su publicaci\u00f3n definitiva.<\/p>\n<p style=\"text-align: justify;\"><strong>Una contribuci\u00f3n al conocimiento m\u00e9dico internacional<\/strong><\/p>\n<p style=\"text-align: justify;\">La revisi\u00f3n por pares es una etapa fundamental en la elaboraci\u00f3n de documentos cient\u00edficos. Este proceso permite que especialistas externos examinen la claridad, pertinencia y aplicaci\u00f3n cl\u00ednica de las recomendaciones propuestas.<\/p>\n<p style=\"text-align: justify;\">La inclusi\u00f3n de la doctora Merycarla Pichardo Garc\u00eda en este grupo representa un reconocimiento a su experiencia profesional y a su compromiso con la actualizaci\u00f3n m\u00e9dica continua. Tambi\u00e9n pone de manifiesto la importancia de incorporar diferentes perspectivas cl\u00ednicas en el desarrollo de recomendaciones destinadas a orientar la atenci\u00f3n de los pacientes.<\/p>\n<p style=\"text-align: justify;\"><strong>Una gu\u00eda basada en la evidencia cient\u00edfica<\/strong><\/p>\n<p style=\"text-align: justify;\">La gu\u00eda AUA\/SUFU tiene como objetivo ofrecer a los profesionales de la salud un marco cl\u00ednico actualizado para la evaluaci\u00f3n, el diagn\u00f3stico y el tratamiento de la vejiga hiperactiva idiop\u00e1tica no neurog\u00e9nica.<\/p>\n<p style=\"text-align: justify;\">Para su elaboraci\u00f3n se realiz\u00f3 una revisi\u00f3n sistem\u00e1tica de la evidencia publicada entre enero de 2013 y noviembre de 2023. Un total de 159 estudios fueron seleccionados para sustentar sus recomendaciones cl\u00ednicas.<\/p>\n<p style=\"text-align: justify;\">La vejiga hiperactiva puede afectar de manera considerable la rutina, el descanso, las relaciones sociales y la calidad de vida. Contar con orientaciones cl\u00ednicas basadas en evidencia ayuda a los especialistas a ofrecer una atenci\u00f3n m\u00e1s individualizada, tomando en consideraci\u00f3n las caracter\u00edsticas, necesidades y preferencias de cada paciente.<\/p>\n<p style=\"text-align: justify;\"><strong>Compromiso con una atenci\u00f3n de excelencia<\/strong><\/p>\n<p style=\"text-align: justify;\">La participaci\u00f3n de la especialista en este proceso de revisi\u00f3n internacional reafirma su compromiso con una pr\u00e1ctica m\u00e9dica fundamentada en la evidencia, la educaci\u00f3n continua y los m\u00e1s altos est\u00e1ndares de calidad.<\/p>\n<p style=\"text-align: justify;\">Este reconocimiento constituye, adem\u00e1s, un motivo de satisfacci\u00f3n para sus pacientes y para la comunidad m\u00e9dica a la que representa, al destacar su contribuci\u00f3n profesional en una iniciativa de alcance internacional destinada a mejorar el abordaje de la vejiga hiperactiva.<\/p>\n<p style=\"text-align: justify;\">La doctora Pichardo Garc\u00eda contin\u00faa trabajando para acercar a sus pacientes conocimientos, alternativas terap\u00e9uticas y protocolos cl\u00ednicos actualizados que contribuyan a mejorar su salud y calidad de vida.<\/p>\n<p>Fuente: RD Firma Autorizada<\/p>\n","protected":false},"excerpt":{"rendered":"<p>La especialista fue reconocida entre los profesionales que contribuyeron al proceso de revisi\u00f3n por pares<\/p>\n","protected":false},"author":1,"featured_media":65009,"comment_status":"open","ping_status":"open","sticky":false,"template":"","format":"standard","meta":{"footnotes":""},"categories":[221],"tags":[],"class_list":["post-65008","post","type-post","status-publish","format-standard","has-post-thumbnail","hentry","category-salud"],"_links":{"self":[{"href":"https:\/\/defrentealaverdad.com\/index.php\/wp-json\/wp\/v2\/posts\/65008","targetHints":{"allow":["GET"]}}],"collection":[{"href":"https:\/\/defrentealaverdad.com\/index.php\/wp-json\/wp\/v2\/posts"}],"about":[{"href":"https:\/\/defrentealaverdad.com\/index.php\/wp-json\/wp\/v2\/types\/post"}],"author":[{"embeddable":true,"href":"https:\/\/defrentealaverdad.com\/index.php\/wp-json\/wp\/v2\/users\/1"}],"replies":[{"embeddable":true,"href":"https:\/\/defrentealaverdad.com\/index.php\/wp-json\/wp\/v2\/comments?post=65008"}],"version-history":[{"count":3,"href":"https:\/\/defrentealaverdad.com\/index.php\/wp-json\/wp\/v2\/posts\/65008\/revisions"}],"predecessor-version":[{"id":65023,"href":"https:\/\/defrentealaverdad.com\/index.php\/wp-json\/wp\/v2\/posts\/65008\/revisions\/65023"}],"wp:featuredmedia":[{"embeddable":true,"href":"https:\/\/defrentealaverdad.com\/index.php\/wp-json\/wp\/v2\/media\/65009"}],"wp:attachment":[{"href":"https:\/\/defrentealaverdad.com\/index.php\/wp-json\/wp\/v2\/media?parent=65008"}],"wp:term":[{"taxonomy":"category","embeddable":true,"href":"https:\/\/defrentealaverdad.com\/index.php\/wp-json\/wp\/v2\/categories?post=65008"},{"taxonomy":"post_tag","embeddable":true,"href":"https:\/\/defrentealaverdad.com\/index.php\/wp-json\/wp\/v2\/tags?post=65008"}],"curies":[{"name":"wp","href":"https:\/\/api.w.org\/{rel}","templated":true}]}}