{"id":64957,"date":"2026-08-30T18:35:51","date_gmt":"2026-08-30T18:35:51","guid":{"rendered":"https:\/\/defrentealaverdad.com\/?p=64957"},"modified":"2026-08-30T22:47:07","modified_gmt":"2026-08-30T22:47:07","slug":"acd-media-triunfa-la-libertad-de-prensa-de-empresa-la-democracia-y-el-pais-con-la-suspension-de-la-prohibicion-de-publicar-encuestas-por-parte-de-la-jce-aprobada-en-una-sesion-ordinaria-del-20-de","status":"publish","type":"post","link":"https:\/\/defrentealaverdad.com\/index.php\/2026\/08\/30\/acd-media-triunfa-la-libertad-de-prensa-de-empresa-la-democracia-y-el-pais-con-la-suspension-de-la-prohibicion-de-publicar-encuestas-por-parte-de-la-jce-aprobada-en-una-sesion-ordinaria-del-20-de\/","title":{"rendered":"ACD MEDIA: Triunfa la libertad de prensa, de empresa, la democracia y el pa\u00eds con la suspensi\u00f3n de la prohibici\u00f3n de publicar encuestas por parte de la JCE, aprobada en una sesi\u00f3n ordinaria del 20 de agosto del presente a\u00f1o y publicada el pasado viernes.  \u00a0"},"content":{"rendered":"<p style=\"text-align: justify;\">Santo Domingo, R.D. El presidente del grupo de comunicaci\u00f3n ACD MEDIA, Dany Alc\u00e1ntara felicita a la Junta Central Electoral por acogerse a la ley y disponer la suspensi\u00f3n de la parte de la resoluci\u00f3n que proh\u00edbe la publicaci\u00f3n de encuestas, fuera del peri\u00f3dico que acuerda su propia norma.<\/p>\n<p style=\"text-align: justify;\">Con la decisi\u00f3n de la Junta se reconoce la libertad de prensa, de empresa y la democracia. El \u00f3rgano que regula el proceso electoral y que tiene la responsabilidad de administrar el registro civil ha obrado conforme a lo que le pauta la Constitution de la Rep\u00fablica, su ley org\u00e1nica y la ley de partidos y agrupaciones pol\u00edticas\u201d.<\/p>\n<p style=\"text-align: justify;\">Alc\u00e1ntara sostuvo que en ning\u00fan pa\u00eds democr\u00e1tico se proh\u00edbe de manera general la publicaci\u00f3n de encuestas, salvo en periodos espec\u00edficos. En el caso de la Rep\u00fablica Dominicana la ley org\u00e1nica de la JCE 20-23, establece la prohibici\u00f3n solo ocho d\u00edas antes de la celebraci\u00f3n de las elecciones y de igual manera regula la realizaci\u00f3n de encuestas a boca de urnas o Exit Polls el d\u00eda de la celebraci\u00f3n de las elecciones.<\/p>\n<p style=\"text-align: justify;\">La resoluci\u00f3n 14-2026 de fecha 22 de mayo, dice Dany Alc\u00e1ntara, nos hizo vivir un momento de tensi\u00f3n que no merec\u00eda la democracia y el fortalecimiento institucional alcanzado en el pa\u00eds. No es ocioso seguir pregunt\u00e1ndose qui\u00e9n pretend\u00eda o pretende impedir que el pa\u00eds conozca la realidad de lo que nos pasa. A qui\u00e9n da\u00f1a que se publique la preferencia pol\u00edtica y que se investigue cient\u00edficamente cu\u00e1les son los temas de mayor preocupaci\u00f3n entre los dominicanos.<\/p>\n<p style=\"text-align: justify;\">ACD MEDIA, que tiene bajo su direcci\u00f3n los canales 3, 14 y 47; en adici\u00f3n a las estaciones de radio 107.7 la Super 7, la Arena, Radio Anacaona, Maguana FM, Alegr\u00eda FM, Radio Ocoa y los diarios digitales 7dias.com.do, proceso.com.do y turismoglobal.com ha realizado de forma encuestas peri\u00f3dicas en los \u00faltimos 3 a\u00f1os, con el prop\u00f3sito de informar veraz y objetivamente a la poblaci\u00f3n sobre los asuntos de mayor inter\u00e9s, apunta su presidente.<\/p>\n<p style=\"text-align: justify;\">Confiamos, dice el presidente de ACD MEDIA, que en lo adelante la Junta Central Electoral, los partidos y otros actores de la vida pol\u00edtica del pa\u00eds no acuerden la violaci\u00f3n de la ley y de la Constituci\u00f3n, ellos est\u00e1n llamados a ser los mayores garantes del clima de libertad y respeto a la institucionalidad.<\/p>\n<p style=\"text-align: justify;\">Todos, absolutamente todos, estamos comprometidos con seguir fomentando la libre expresi\u00f3n y los principios y valores que acordamos cuando decidimos establecer en la Constituci\u00f3n dominicana que somos un Estado Social Social y Democr\u00e1tico de Derecho, concluye diciendo el presidente de ACD MEDIA.<\/p>\n<p>Fuente: P. G\u00f3mez<\/p>\n","protected":false},"excerpt":{"rendered":"<p>Santo Domingo, R.D. El presidente del grupo de comunicaci\u00f3n ACD MEDIA, Dany Alc\u00e1ntara felicita a<\/p>\n","protected":false},"author":1,"featured_media":64958,"comment_status":"open","ping_status":"open","sticky":false,"template":"","format":"standard","meta":{"footnotes":""},"categories":[255],"tags":[],"class_list":["post-64957","post","type-post","status-publish","format-standard","has-post-thumbnail","hentry","category-comunicacion"],"_links":{"self":[{"href":"https:\/\/defrentealaverdad.com\/index.php\/wp-json\/wp\/v2\/posts\/64957","targetHints":{"allow":["GET"]}}],"collection":[{"href":"https:\/\/defrentealaverdad.com\/index.php\/wp-json\/wp\/v2\/posts"}],"about":[{"href":"https:\/\/defrentealaverdad.com\/index.php\/wp-json\/wp\/v2\/types\/post"}],"author":[{"embeddable":true,"href":"https:\/\/defrentealaverdad.com\/index.php\/wp-json\/wp\/v2\/users\/1"}],"replies":[{"embeddable":true,"href":"https:\/\/defrentealaverdad.com\/index.php\/wp-json\/wp\/v2\/comments?post=64957"}],"version-history":[{"count":1,"href":"https:\/\/defrentealaverdad.com\/index.php\/wp-json\/wp\/v2\/posts\/64957\/revisions"}],"predecessor-version":[{"id":64959,"href":"https:\/\/defrentealaverdad.com\/index.php\/wp-json\/wp\/v2\/posts\/64957\/revisions\/64959"}],"wp:featuredmedia":[{"embeddable":true,"href":"https:\/\/defrentealaverdad.com\/index.php\/wp-json\/wp\/v2\/media\/64958"}],"wp:attachment":[{"href":"https:\/\/defrentealaverdad.com\/index.php\/wp-json\/wp\/v2\/media?parent=64957"}],"wp:term":[{"taxonomy":"category","embeddable":true,"href":"https:\/\/defrentealaverdad.com\/index.php\/wp-json\/wp\/v2\/categories?post=64957"},{"taxonomy":"post_tag","embeddable":true,"href":"https:\/\/defrentealaverdad.com\/index.php\/wp-json\/wp\/v2\/tags?post=64957"}],"curies":[{"name":"wp","href":"https:\/\/api.w.org\/{rel}","templated":true}]}}