{"id":64954,"date":"2026-08-30T18:42:57","date_gmt":"2026-08-30T18:42:57","guid":{"rendered":"https:\/\/defrentealaverdad.com\/?p=64954"},"modified":"2026-08-30T22:44:47","modified_gmt":"2026-08-30T22:44:47","slug":"fuerzas-armadas-envian-a-colombia-50-toneladas-de-ayuda-humanitaria-recolectadas-tras-terremoto","status":"publish","type":"post","link":"https:\/\/defrentealaverdad.com\/index.php\/2026\/08\/30\/fuerzas-armadas-envian-a-colombia-50-toneladas-de-ayuda-humanitaria-recolectadas-tras-terremoto\/","title":{"rendered":"Fuerzas Armadas env\u00edan a Colombia 50 toneladas de ayuda humanitaria recolectadas tras terremoto"},"content":{"rendered":"<p>Por F\u00e9lix Rubio<\/p>\n<blockquote>\n<p style=\"text-align: center;\">Buque Insignia PA-301 \u201cAlmirante Didiez Burgos\u201d zarp\u00f3 hacia Colombia con alimentos, medicamentos, insumos m\u00e9dicos, herramientas y productos de higiene recibidos de instituciones, empresas y ciudadanos en el centro de acopio habilitado en la Base Naval \u201c27 de Febrero\u201d.<\/p>\n<\/blockquote>\n<p style=\"text-align: justify;\">Santo Domingo, R.D.\u2013 Las Fuerzas Armadas de la Rep\u00fablica Dominicana enviaron hacia Colombia unas 50 toneladas de ayuda humanitaria, recolectadas a trav\u00e9s del centro de acopio habilitado en la Base Naval \u201c27 de Febrero\u201d, como parte de la respuesta solidaria organizada luego del terremoto que afect\u00f3 a esa naci\u00f3n suramericana.<\/p>\n<p style=\"text-align: justify;\">La ayuda fue transportada este s\u00e1bado a bordo del Buque Insignia de la Armada de Rep\u00fablica Dominicana (ARD), PA-301, Patrullero de Altura \u201cAlmirante Didiez Burgos\u201d, que zarp\u00f3 desde el Apostadero Naval de Sans Souci con destino a Colombia para entregar los suministros destinados a las comunidades afectadas.<\/p>\n<p style=\"text-align: justify;\">La carga constituye el resultado de la solidaridad expresada por instituciones p\u00fablicas y privadas, empresas, organizaciones y ciudadanos, que atendieron el llamado realizado tras la emergencia y llevaron sus aportes al centro de acopio dispuesto por las Fuerzas Armadas en la Base Naval \u201c27 de Febrero\u201d.<\/p>\n<p style=\"text-align: justify;\">Desde su habilitaci\u00f3n, personal militar recibi\u00f3, clasific\u00f3, organiz\u00f3 y prepar\u00f3 las donaciones para su posterior transporte, como parte del dispositivo log\u00edstico establecido para garantizar que la asistencia recolectada pudiera ser movilizada de manera segura y eficiente hasta las poblaciones que la necesitan.<\/p>\n<p style=\"text-align: justify;\">En total, el PA-301 transporta 110,530 libras de ayuda humanitaria, equivalentes a 49,735 kilogramos (50.1 toneladas), compuestas por alimentos de emergencia, herramientas, medicamentos e insumos m\u00e9dicos, adem\u00e1s de productos de higiene y aseo familiar.<\/p>\n<p style=\"text-align: justify;\">La operaci\u00f3n, desarrollada a trav\u00e9s del Ministerio de Defensa y las Fuerzas Armadas, forma parte de los esfuerzos del Gobierno dominicano, encabezado por el presidente Luis Abinader, para respaldar al pueblo colombiano ante las consecuencias del fen\u00f3meno natural, poniendo a disposici\u00f3n las capacidades log\u00edsticas y operacionales de las instituciones militares.<\/p>\n<p style=\"text-align: justify;\">El empleo del PA-301 \u201cAlmirante Didiez Burgos\u201d para esta misi\u00f3n evidencia, adem\u00e1s, las capacidades de la Armada de Rep\u00fablica Dominicana para ejecutar operaciones de transporte mar\u00edtimo, apoyo log\u00edstico y asistencia humanitaria, contribuyendo a la respuesta del Estado dominicano ante situaciones de emergencia que afecten a naciones hermanas.<\/p>\n<p style=\"text-align: justify;\">Las Fuerzas Armadas valoraron especialmente la respuesta de las instituciones, empresas, organizaciones y ciudadanos que realizaron sus aportes, cuya solidaridad hizo posible consolidar esta carga humanitaria. Cada donaci\u00f3n representa una contribuci\u00f3n directa del pueblo dominicano a los esfuerzos de asistencia y recuperaci\u00f3n de las comunidades colombianas afectadas.<\/p>\n<p style=\"text-align: justify;\">Esta misi\u00f3n reafirma los hist\u00f3ricos v\u00ednculos de amistad, hermandad y cooperaci\u00f3n entre la Rep\u00fablica Dominicana y la Rep\u00fablica de Colombia, as\u00ed como la disposici\u00f3n del pa\u00eds de colaborar, dentro de sus capacidades, frente a emergencias y desastres naturales en la regi\u00f3n.<\/p>\n<p style=\"text-align: justify;\">Con el zarpe del PA-301 \u201cAlmirante Didiez Burgos\u201d, las Fuerzas Armadas llevan a Colombia no solo alimentos, medicamentos y suministros esenciales, sino tambi\u00e9n una expresi\u00f3n concreta de la solidaridad del pueblo dominicano, demostrando que la cooperaci\u00f3n entre gobiernos, instituciones, sector privado y ciudadan\u00eda constituye una herramienta fundamental para responder ante la adversidad y apoyar a los pueblos hermanos.<\/p>\n<p>Fuente: Prensa FF. AA.<\/p>\n","protected":false},"excerpt":{"rendered":"<p>Por F\u00e9lix Rubio Buque Insignia PA-301 \u201cAlmirante Didiez Burgos\u201d zarp\u00f3 hacia Colombia con alimentos, medicamentos,<\/p>\n","protected":false},"author":1,"featured_media":64955,"comment_status":"open","ping_status":"open","sticky":false,"template":"","format":"standard","meta":{"footnotes":""},"categories":[7],"tags":[],"class_list":["post-64954","post","type-post","status-publish","format-standard","has-post-thumbnail","hentry","category-nacionales"],"_links":{"self":[{"href":"https:\/\/defrentealaverdad.com\/index.php\/wp-json\/wp\/v2\/posts\/64954","targetHints":{"allow":["GET"]}}],"collection":[{"href":"https:\/\/defrentealaverdad.com\/index.php\/wp-json\/wp\/v2\/posts"}],"about":[{"href":"https:\/\/defrentealaverdad.com\/index.php\/wp-json\/wp\/v2\/types\/post"}],"author":[{"embeddable":true,"href":"https:\/\/defrentealaverdad.com\/index.php\/wp-json\/wp\/v2\/users\/1"}],"replies":[{"embeddable":true,"href":"https:\/\/defrentealaverdad.com\/index.php\/wp-json\/wp\/v2\/comments?post=64954"}],"version-history":[{"count":1,"href":"https:\/\/defrentealaverdad.com\/index.php\/wp-json\/wp\/v2\/posts\/64954\/revisions"}],"predecessor-version":[{"id":64956,"href":"https:\/\/defrentealaverdad.com\/index.php\/wp-json\/wp\/v2\/posts\/64954\/revisions\/64956"}],"wp:featuredmedia":[{"embeddable":true,"href":"https:\/\/defrentealaverdad.com\/index.php\/wp-json\/wp\/v2\/media\/64955"}],"wp:attachment":[{"href":"https:\/\/defrentealaverdad.com\/index.php\/wp-json\/wp\/v2\/media?parent=64954"}],"wp:term":[{"taxonomy":"category","embeddable":true,"href":"https:\/\/defrentealaverdad.com\/index.php\/wp-json\/wp\/v2\/categories?post=64954"},{"taxonomy":"post_tag","embeddable":true,"href":"https:\/\/defrentealaverdad.com\/index.php\/wp-json\/wp\/v2\/tags?post=64954"}],"curies":[{"name":"wp","href":"https:\/\/api.w.org\/{rel}","templated":true}]}}