{"id":64951,"date":"2026-08-30T18:00:41","date_gmt":"2026-08-30T18:00:41","guid":{"rendered":"https:\/\/defrentealaverdad.com\/?p=64951"},"modified":"2026-08-30T22:41:55","modified_gmt":"2026-08-30T22:41:55","slug":"director-de-la-policia-nacional-visita-la-direccion-de-la-reserva","status":"publish","type":"post","link":"https:\/\/defrentealaverdad.com\/index.php\/2026\/08\/30\/director-de-la-policia-nacional-visita-la-direccion-de-la-reserva\/","title":{"rendered":"Director de la Polic\u00eda Nacional visita la Direcci\u00f3n de la Reserva"},"content":{"rendered":"<p>Por F\u00e9lix Rubio<\/p>\n<p style=\"text-align: justify;\">SANTO DOMINGO.\u2013 El director general de la Polic\u00eda Nacional, mayor general Ernesto Rafael Rodr\u00edguez Garc\u00eda, realiz\u00f3 una visita de cortes\u00eda a la Direcci\u00f3n de la Reserva de esa instituci\u00f3n, donde fue recibido por sus autoridades, directivos y personal administrativo.<\/p>\n<p style=\"text-align: justify;\">Rodr\u00edguez Garc\u00eda estuvo acompa\u00f1ado por el subdirector general de la Polic\u00eda Nacional, general Esteban Figuereo Garc\u00eda; el director de Asuntos Internos, general Francisco G\u00f3mez Polanco, y el presidente de la Cooperativa de Ahorros y Cr\u00e9dito de la Polic\u00eda Nacional, general Werner N\u00fa\u00f1ez Quezada.<\/p>\n<p style=\"text-align: justify;\">La delegaci\u00f3n fue recibida por el director de la Reserva, general retirado Hilario Gonz\u00e1lez Gonz\u00e1lez; el subdirector administrativo, general retirado Alexander Aquino Ogando; los integrantes de la directiva y el equipo de trabajo de esa dependencia.<\/p>\n<p style=\"text-align: justify;\">Durante el encuentro, desarrollado en un ambiente de cordialidad y respeto, los participantes destacaron la importancia de mantener la cercan\u00eda entre las autoridades de la instituci\u00f3n y sus miembros retirados.<\/p>\n<p style=\"text-align: justify;\">El director de la Reserva, general retirado Hilario Gonz\u00e1lez Gonz\u00e1lez, agradeci\u00f3 la visita de la comisi\u00f3n de oficiales generales y valor\u00f3 el encuentro como una muestra de reconocimiento hacia quienes dedicaron a\u00f1os de servicio a la Polic\u00eda Nacional y a la sociedad dominicana.<\/p>\n<p>&nbsp;<\/p>\n<p>Fuente: Prensa P. N.<\/p>\n","protected":false},"excerpt":{"rendered":"<p>Por F\u00e9lix Rubio SANTO DOMINGO.\u2013 El director general de la Polic\u00eda Nacional, mayor general Ernesto<\/p>\n","protected":false},"author":1,"featured_media":64952,"comment_status":"open","ping_status":"open","sticky":false,"template":"","format":"standard","meta":{"footnotes":""},"categories":[7],"tags":[],"class_list":["post-64951","post","type-post","status-publish","format-standard","has-post-thumbnail","hentry","category-nacionales"],"_links":{"self":[{"href":"https:\/\/defrentealaverdad.com\/index.php\/wp-json\/wp\/v2\/posts\/64951","targetHints":{"allow":["GET"]}}],"collection":[{"href":"https:\/\/defrentealaverdad.com\/index.php\/wp-json\/wp\/v2\/posts"}],"about":[{"href":"https:\/\/defrentealaverdad.com\/index.php\/wp-json\/wp\/v2\/types\/post"}],"author":[{"embeddable":true,"href":"https:\/\/defrentealaverdad.com\/index.php\/wp-json\/wp\/v2\/users\/1"}],"replies":[{"embeddable":true,"href":"https:\/\/defrentealaverdad.com\/index.php\/wp-json\/wp\/v2\/comments?post=64951"}],"version-history":[{"count":1,"href":"https:\/\/defrentealaverdad.com\/index.php\/wp-json\/wp\/v2\/posts\/64951\/revisions"}],"predecessor-version":[{"id":64953,"href":"https:\/\/defrentealaverdad.com\/index.php\/wp-json\/wp\/v2\/posts\/64951\/revisions\/64953"}],"wp:featuredmedia":[{"embeddable":true,"href":"https:\/\/defrentealaverdad.com\/index.php\/wp-json\/wp\/v2\/media\/64952"}],"wp:attachment":[{"href":"https:\/\/defrentealaverdad.com\/index.php\/wp-json\/wp\/v2\/media?parent=64951"}],"wp:term":[{"taxonomy":"category","embeddable":true,"href":"https:\/\/defrentealaverdad.com\/index.php\/wp-json\/wp\/v2\/categories?post=64951"},{"taxonomy":"post_tag","embeddable":true,"href":"https:\/\/defrentealaverdad.com\/index.php\/wp-json\/wp\/v2\/tags?post=64951"}],"curies":[{"name":"wp","href":"https:\/\/api.w.org\/{rel}","templated":true}]}}