{"id":64948,"date":"2026-08-30T17:31:57","date_gmt":"2026-08-30T17:31:57","guid":{"rendered":"https:\/\/defrentealaverdad.com\/?p=64948"},"modified":"2026-08-30T21:34:25","modified_gmt":"2026-08-30T21:34:25","slug":"luis-justo-se-alza-con-el-primer-lugar-de-la-novena-temporada-de-pequenos-grandes-talentos","status":"publish","type":"post","link":"https:\/\/defrentealaverdad.com\/index.php\/2026\/08\/30\/luis-justo-se-alza-con-el-primer-lugar-de-la-novena-temporada-de-pequenos-grandes-talentos\/","title":{"rendered":"Luis Justo se alza con el primer lugar de la novena temporada de Peque\u00f1os Grandes Talentos"},"content":{"rendered":"<blockquote>\n<p style=\"text-align: center;\">Elio G\u00f3mez obtuvo el segundo lugar y Sebasti\u00e1n P\u00e9rez ocup\u00f3 la tercera posici\u00f3n en una gran final que reuni\u00f3 talento infantil, m\u00fasica y grandes figuras de la cultura dominicana<\/p>\n<\/blockquote>\n<p style=\"text-align: justify;\">Luis Justo se convirti\u00f3 en el ganador de la novena temporada de Peque\u00f1os Grandes Talentos (PGT), en una gran final celebrada este domingo 30 de agosto, en la que Elio G\u00f3mez obtuvo el segundo lugar y Sebasti\u00e1n P\u00e9rez alcanz\u00f3 la tercera posici\u00f3n.<\/p>\n<p style=\"text-align: justify;\">La gala de cierre de esta novena temporada reuni\u00f3 a los nueve finalistas que durante la competencia demostraron sus habilidades y crecimiento art\u00edstico, en una jornada marcada por la emoci\u00f3n de las familias, el p\u00fablico y los seguidores del programa.<\/p>\n<p style=\"text-align: justify;\">Luis Justo, quien conquist\u00f3 al jurado y al p\u00fablico con su interpretaci\u00f3n al piano de \u201cMinute Waltz\u201d (Vals del minuto), de Fr\u00e9d\u00e9ric Chopin, recibi\u00f3 como premio principal la producci\u00f3n de un tema musical valorado en un mill\u00f3n de pesos, adem\u00e1s de la grabaci\u00f3n de un videoclip musical, un viaje a Canc\u00fan, M\u00e9xico, un fin de semana en AHMSA Marina, 100 mil pesos en efectivo para la compra de \u00fatiles escolares y la contrataci\u00f3n en el programa de televisi\u00f3n Topi Tok por un a\u00f1o, hasta el momento.<\/p>\n<p style=\"text-align: justify;\">Elio G\u00f3mez, representante del casting de Nagua, ocup\u00f3 el segundo lugar, mientras que Sebasti\u00e1n P\u00e9rez alcanz\u00f3 la tercera posici\u00f3n, luego de una competencia en la que ambos mostraron su crecimiento y condiciones art\u00edsticas.<\/p>\n<p style=\"text-align: justify;\"><strong>Una final con grandes figuras de la m\u00fasica dominicana<\/strong><\/p>\n<p style=\"text-align: justify;\">La Gala Soberana PGT cont\u00f3 con la participaci\u00f3n especial del \u00edcono de la m\u00fasica dominicana Nini C\u00e1ffaro, quien form\u00f3 parte del jurado estrella de esta gran final y comparti\u00f3 recomendaciones y orientaciones con los participantes.<\/p>\n<p style=\"text-align: justify;\">C\u00e1ffaro tambi\u00e9n protagoniz\u00f3 uno de los momentos musicales m\u00e1s especiales de la jornada al interpretar junto a Blachy, Ebenezer Guerra y uno de los participantes de PGT el cl\u00e1sico \u201cPor Amor\u201d, de Rafael Solano, canci\u00f3n que C\u00e1ffaro llev\u00f3 originalmente a escenarios internacionales y que contin\u00faa siendo una de las composiciones dominicanas de mayor alcance.<\/p>\n<p style=\"text-align: justify;\">La m\u00fasica t\u00edpica dominicana tambi\u00e9n tuvo un espacio protag\u00f3nico durante la final con la participaci\u00f3n de Blachy y Ebenezer Guerra, quienes compartieron escenario con los j\u00f3venes talentos como parte del homenaje a las ra\u00edces musicales dominicanas.<\/p>\n<p style=\"text-align: justify;\">La gala cont\u00f3 adem\u00e1s con la presencia de familiares de los participantes, representantes de los medios de comunicaci\u00f3n, comunicadores, personalidades e invitados especiales que acompa\u00f1aron a los finalistas en este momento decisivo.<\/p>\n<p><strong>PGT: m\u00e1s que una competencia<\/strong><\/p>\n<p style=\"text-align: justify;\">Bajo la producci\u00f3n de Neuronas Creativas, encabezada por Iv\u00e1n Ruiz, PGT ha desarrollado durante nueve temporadas una propuesta enfocada en descubrir, formar y acompa\u00f1ar a ni\u00f1os, ni\u00f1as y adolescentes con diferentes talentos art\u00edsticos.<\/p>\n<p style=\"text-align: justify;\">Desde su creaci\u00f3n, el proyecto ha planteado una diferencia frente a los formatos tradicionales de competencia: el acompa\u00f1amiento a los participantes no concluye con la final ni con la entrega de premios. Esa filosof\u00eda fue destacada por Ruiz durante la presentaci\u00f3n de la novena temporada, al se\u00f1alar que los ni\u00f1os que han pasado por el programa contin\u00faan recibiendo seguimiento y oportunidades de crecimiento.<\/p>\n<p style=\"text-align: justify;\">En ese sentido, el productor y conductor de PGT asegur\u00f3 que los participantes de esta temporada continuar\u00e1n contando con su respaldo. De acuerdo con sus talentos, necesidades y posibilidades de desarrollo, Ruiz continuar\u00e1 procurando oportunidades y apoyos para que puedan seguir creciendo en sus respectivas disciplinas.<\/p>\n<blockquote>\n<p style=\"text-align: center;\">\u201cNuestros ni\u00f1os, ni\u00f1as y adolescentes necesitan oportunidades. Y en PGT seguiremos apoy\u00e1ndolos, sin importar de qu\u00e9 sector social vengan. Lo importante es el talento, las ganas de aprender y el deseo de crecer. Mientras exista ese talento, nosotros estaremos ah\u00ed para acompa\u00f1arlos\u201d, expres\u00f3 Ruiz.<\/p>\n<\/blockquote>\n<p style=\"text-align: justify;\">El productor agradeci\u00f3 adem\u00e1s a los medios de comunicaci\u00f3n, periodistas y comunicadores que durante toda la temporada dieron seguimiento al proyecto, difundieron las historias de los participantes y contribuyeron a que sus talentos llegaran a nuevos p\u00fablicos<\/p>\n<blockquote>\n<p style=\"text-align: center;\">\u201cGracias a todos los medios y comunicadores que creyeron en esta temporada y que nos acompa\u00f1aron desde el principio. Para nosotros ha sido fundamental contar con ese respaldo, porque cuando se habla de nuestros ni\u00f1os tambi\u00e9n se habla de oportunidades, de sue\u00f1os y de futuro\u201d, manifest\u00f3.<\/p>\n<\/blockquote>\n<p style=\"text-align: justify;\"><strong>Una temporada que cierra mirando hacia el futuro<\/strong><\/p>\n<p style=\"text-align: justify;\">La novena temporada de PGT inici\u00f3 el pasado 14 de junio por Color Visi\u00f3n, con una propuesta que combin\u00f3 competencia art\u00edstica, formaci\u00f3n, valores y experiencias para los participantes. Durante la temporada, el proyecto incorpor\u00f3 adem\u00e1s el concepto del Neurob\u00fas, una unidad m\u00f3vil destinada a recorrer distintas zonas del pa\u00eds en busca de nuevos talentos.<\/p>\n<p style=\"text-align: justify;\">La gran final tambi\u00e9n reuni\u00f3 a los ganadores de las ocho temporadas anteriores, quienes regresaron al programa para participar en un emotivo segmento musical de cierre, como s\u00edmbolo de la continuidad del proyecto y del acompa\u00f1amiento que PGT ha mantenido con sus antiguos participantes.<\/p>\n<p style=\"text-align: justify;\">Con la proclamaci\u00f3n de Luis Justo como ganador de esta novena temporada, PGT cierra un nuevo ciclo y anuncia su regreso para una d\u00e9cima temporada, manteniendo el compromiso de continuar recorriendo el pa\u00eds en busca de ni\u00f1os, ni\u00f1as y adolescentes que encuentren en el arte una v\u00eda para desarrollar sus capacidades y convertir sus sue\u00f1os en oportunidades.<\/p>\n<p>Fuente: Prensa PGT<\/p>\n","protected":false},"excerpt":{"rendered":"<p>Elio G\u00f3mez obtuvo el segundo lugar y Sebasti\u00e1n P\u00e9rez ocup\u00f3 la tercera posici\u00f3n en una<\/p>\n","protected":false},"author":4,"featured_media":64949,"comment_status":"open","ping_status":"open","sticky":false,"template":"","format":"standard","meta":{"footnotes":""},"categories":[249],"tags":[],"class_list":["post-64948","post","type-post","status-publish","format-standard","has-post-thumbnail","hentry","category-farandula"],"_links":{"self":[{"href":"https:\/\/defrentealaverdad.com\/index.php\/wp-json\/wp\/v2\/posts\/64948","targetHints":{"allow":["GET"]}}],"collection":[{"href":"https:\/\/defrentealaverdad.com\/index.php\/wp-json\/wp\/v2\/posts"}],"about":[{"href":"https:\/\/defrentealaverdad.com\/index.php\/wp-json\/wp\/v2\/types\/post"}],"author":[{"embeddable":true,"href":"https:\/\/defrentealaverdad.com\/index.php\/wp-json\/wp\/v2\/users\/4"}],"replies":[{"embeddable":true,"href":"https:\/\/defrentealaverdad.com\/index.php\/wp-json\/wp\/v2\/comments?post=64948"}],"version-history":[{"count":1,"href":"https:\/\/defrentealaverdad.com\/index.php\/wp-json\/wp\/v2\/posts\/64948\/revisions"}],"predecessor-version":[{"id":64950,"href":"https:\/\/defrentealaverdad.com\/index.php\/wp-json\/wp\/v2\/posts\/64948\/revisions\/64950"}],"wp:featuredmedia":[{"embeddable":true,"href":"https:\/\/defrentealaverdad.com\/index.php\/wp-json\/wp\/v2\/media\/64949"}],"wp:attachment":[{"href":"https:\/\/defrentealaverdad.com\/index.php\/wp-json\/wp\/v2\/media?parent=64948"}],"wp:term":[{"taxonomy":"category","embeddable":true,"href":"https:\/\/defrentealaverdad.com\/index.php\/wp-json\/wp\/v2\/categories?post=64948"},{"taxonomy":"post_tag","embeddable":true,"href":"https:\/\/defrentealaverdad.com\/index.php\/wp-json\/wp\/v2\/tags?post=64948"}],"curies":[{"name":"wp","href":"https:\/\/api.w.org\/{rel}","templated":true}]}}